{"id":91770,"date":"2009-04-01T17:21:53","date_gmt":"2009-04-01T17:21:53","guid":{"rendered":"http:\/\/diariodominicano.ddns.net\/?p=91770"},"modified":"2009-04-01T17:21:53","modified_gmt":"2009-04-01T17:21:53","slug":"a-bailar-con-los-mas-sabrosos-ritmos","status":"publish","type":"post","link":"https:\/\/diariodominicano.com\/?p=91770","title":{"rendered":"\u00a1A bailar con los m\u00e1s  sabrosos ritmos!"},"content":{"rendered":"<p><body><\/p>\n<p><span class=\"text1noticias\">Miami, FL, 1 de abril del 2009.- Los \u00e9xitos latinos que fueron toda una sensaci\u00f3n en las diferentes pistas de bailes alrededor del mundo, llegan en la producci\u00f3n ?Fiesta Latina?.<\/span><\/p>\n<\/p>\n<p><span class=\"text1noticias\">Este disco que deber\u00e1 tener a mano todo amante de la m\u00fasica latina, presenta los temas que con sus contagiosos sonidos provocaron la creaci\u00f3n de nuevos de pasos, bautizados luego en su nombre.<\/span><\/p>\n<\/p>\n<p><span class=\"text1noticias\">Tal es el caso de la ?Macarena?, interpretada por el d\u00fao espa\u00f1ol ?Los Del R\u00edo?, hit que se convirti\u00f3 en la canci\u00f3n n\u00famero 1 del VH1?s  por varios meses, y que forma parte de este maravilloso \u00e1lbum.<\/span><\/p>\n<\/p>\n<p><span class=\"text1noticias\">Otros artistas presentes en esta colecci\u00f3n son Lou Bega, Azul Azul, Gloria Estefan &amp; MSM, Celia Cruz, Elvis Crespo, Ilegales, Proyecto Uno, DLG, El General, Son By 4 y Kinito M\u00e9ndez.<\/span><\/p>\n<\/p>\n<p><span class=\"text1noticias\">?Fiesta Latina?, est\u00e1 disponible en los formatos CD y DVD, y es otro gran lanzamiento de Sony Music disponible ya en su disco tienda favorita.<\/span><\/p>\n<h6> 2009-04-01 17:21:53 <\/h6>\n<p><!--\n<link rel=\"stylesheet\" href=\"css\/bootstrap.min.css\">\n\n\n<ul class=\"pagination\">\n\t    \n\t\n\n<li >\n\t<a href='?page_no=20391'>Previous<\/a>\n\t<\/li>\n\n\n       \n    \n\n<li><a href='?page_no=1'>1<\/a><\/li>\n\n\n\n<li><a href='?page_no=2'>2<\/a><\/li>\n\n\n\n<li><a>...<\/a><\/li>\n\n\n\n<li><a href='?page_no=20390'>20390<\/a><\/li>\n\n\n\n<li><a href='?page_no=20391'>20391<\/a><\/li>\n\n\n\n<li class='active'><a>20392<\/a><\/li>\n\n\n\n<li><a href='?page_no=20393'>20393<\/a><\/li>\n\n\n\n<li><a href='?page_no=20394'>20394<\/a><\/li>\n\n\n\n<li><a>...<\/a><\/li>\n\n\n\n<li><a href='?page_no=22522'>22522<\/a><\/li>\n\n\n\n<li><a href='?page_no=22523'>22523<\/a><\/li>\n\n    \n\t\n\n<li >\n\t<a href='?page_no=20393'>Next<\/a>\n\t<\/li>\n\n\n    \n\n<li><a href='?page_no=22523'>Last &rsaquo;&rsaquo;<\/a><\/li>\n\n<\/ul>\n\n\n--><br \/>\n<\/body><\/p>\n","protected":false},"excerpt":{"rendered":"<p>Miami, FL, 1 de abril del 2009.- Los \u00e9xitos latinos que fueron toda una sensaci\u00f3n en las diferentes pistas de bailes alrededor del mundo, llegan en la producci\u00f3n ?Fiesta Latina?. Este disco que deber\u00e1 tener a mano todo amante de la m\u00fasica latina, presenta los temas que con sus contagiosos sonidos provocaron la creaci\u00f3n de [&hellip;]<\/p>\n","protected":false},"author":3,"featured_media":0,"comment_status":"open","ping_status":"open","sticky":false,"template":"","format":"standard","meta":{"footnotes":""},"categories":[25],"tags":[],"class_list":["post-91770","post","type-post","status-publish","format-standard","hentry","category-gente"],"_links":{"self":[{"href":"https:\/\/diariodominicano.com\/index.php?rest_route=\/wp\/v2\/posts\/91770","targetHints":{"allow":["GET"]}}],"collection":[{"href":"https:\/\/diariodominicano.com\/index.php?rest_route=\/wp\/v2\/posts"}],"about":[{"href":"https:\/\/diariodominicano.com\/index.php?rest_route=\/wp\/v2\/types\/post"}],"author":[{"embeddable":true,"href":"https:\/\/diariodominicano.com\/index.php?rest_route=\/wp\/v2\/users\/3"}],"replies":[{"embeddable":true,"href":"https:\/\/diariodominicano.com\/index.php?rest_route=%2Fwp%2Fv2%2Fcomments&post=91770"}],"version-history":[{"count":0,"href":"https:\/\/diariodominicano.com\/index.php?rest_route=\/wp\/v2\/posts\/91770\/revisions"}],"wp:attachment":[{"href":"https:\/\/diariodominicano.com\/index.php?rest_route=%2Fwp%2Fv2%2Fmedia&parent=91770"}],"wp:term":[{"taxonomy":"category","embeddable":true,"href":"https:\/\/diariodominicano.com\/index.php?rest_route=%2Fwp%2Fv2%2Fcategories&post=91770"},{"taxonomy":"post_tag","embeddable":true,"href":"https:\/\/diariodominicano.com\/index.php?rest_route=%2Fwp%2Fv2%2Ftags&post=91770"}],"curies":[{"name":"wp","href":"https:\/\/api.w.org\/{rel}","templated":true}]}}