{"id":91768,"date":"2009-04-01T19:42:21","date_gmt":"2009-04-01T19:42:21","guid":{"rendered":"http:\/\/diariodominicano.ddns.net\/?p=91768"},"modified":"2009-04-01T19:42:21","modified_gmt":"2009-04-01T19:42:21","slug":"laura-ferretti-llega-hoy-a-las-pantallas-argentinas","status":"publish","type":"post","link":"https:\/\/diariodominicano.com\/?p=91768","title":{"rendered":"Laura Ferretti llega hoy a las pantallas argentinas"},"content":{"rendered":"<p><body><\/p>\n<p><img decoding=\"async\" src=\"img3\/laura.jpg\" \/>  <\/p>\n<p><span class=\"text1noticias\">Miami, FL, 1 de abril del 2009.- La actriz Laura Ferretti llega a Argentina con la s\u00faper producci\u00f3n hispana ?Gabriel, amor inmortal?, pionera en traspasar la frontera de la televisi\u00f3n de alta definici\u00f3n, difundida con rotundo \u00e9xito en Estados Unidos.<\/span><\/p>\n<\/p>\n<p><span class=\"text1noticias\">La miniserie en formato cinematogr\u00e1fico, producida por Megafilms junto a Direct TV MAS, tiene como protagonista al polifac\u00e9tico Chayanne, adem\u00e1s de contar con un elenco de lujo que incluye a La Ferretti y otras estrellas como Jos\u00e9 Luis Rodr\u00edguez ?El Puma? y Ang\u00e9lica Celaya.<\/span><\/p>\n<\/p>\n<p><span class=\"text1noticias\">Trata sobre una historia ambientada en un submundo contempor\u00e1neo matizado por el ocultismo y por personajes neog\u00f3ticos. Chayanne interpreta a un vampiro diurno de nuestros tiempos quien es el que da sentido a la trama, y cuya \u00fanica esperanza de salvaci\u00f3n est\u00e1 en poder reunirse con su alma gemela reencarnada, ?Eva? (Celaya).<\/span><\/p>\n<\/p>\n<p><span class=\"text1noticias\">?La Ferretti? hace el papel de la simp\u00e1tica ?Maribel Delgado?, la mejor amiga y compa\u00f1era de habitaci\u00f3n de ?Eva?, una joven impetuosa, luchadora y amante de lo esot\u00e9rico que experimentar\u00e1 dr\u00e1sticos cambios a lo largo de la historia.<\/span><\/p>\n<\/p>\n<p><span class=\"text1noticias\">?Gabriel, un amor inmortal?, tiene la particularidad de entremezclar efectos especiales con impactantes escenas de amor y venganza, grabadas en distintas locaciones emblem\u00e1ticas de Norteam\u00e9rica y Europa.<\/span><\/p>\n<\/p>\n<p><span class=\"text1noticias\">Ser\u00e1 vista en la pantalla argentina desde hoy 1 de abril a las 11:00 de la noche y se estar\u00e1 transmitiendo todos los mi\u00e9rcoles a la misma hora, a trav\u00e9s de la se\u00f1al del canal Telef\u00e9. De esta manera la miniserie llega a ser una de las primeras producciones extranjeras que logra ser difundida en horario estelar en el pa\u00eds sudamericano.<\/span><\/p>\n<h6> 2009-04-01 19:42:21 <\/h6>\n<p><!--\n<link rel=\"stylesheet\" href=\"css\/bootstrap.min.css\">\n\n\n<ul class=\"pagination\">\n\t    \n\t\n\n<li >\n\t<a href='?page_no=20389'>Previous<\/a>\n\t<\/li>\n\n\n       \n    \n\n<li><a href='?page_no=1'>1<\/a><\/li>\n\n\n\n<li><a href='?page_no=2'>2<\/a><\/li>\n\n\n\n<li><a>...<\/a><\/li>\n\n\n\n<li><a href='?page_no=20388'>20388<\/a><\/li>\n\n\n\n<li><a href='?page_no=20389'>20389<\/a><\/li>\n\n\n\n<li class='active'><a>20390<\/a><\/li>\n\n\n\n<li><a href='?page_no=20391'>20391<\/a><\/li>\n\n\n\n<li><a href='?page_no=20392'>20392<\/a><\/li>\n\n\n\n<li><a>...<\/a><\/li>\n\n\n\n<li><a href='?page_no=22522'>22522<\/a><\/li>\n\n\n\n<li><a href='?page_no=22523'>22523<\/a><\/li>\n\n    \n\t\n\n<li >\n\t<a href='?page_no=20391'>Next<\/a>\n\t<\/li>\n\n\n    \n\n<li><a href='?page_no=22523'>Last &rsaquo;&rsaquo;<\/a><\/li>\n\n<\/ul>\n\n\n--><br \/>\n<\/body><\/p>\n","protected":false},"excerpt":{"rendered":"<p>Miami, FL, 1 de abril del 2009.- La actriz Laura Ferretti llega a Argentina con la s\u00faper producci\u00f3n hispana ?Gabriel, amor inmortal?, pionera en traspasar la frontera de la televisi\u00f3n de alta definici\u00f3n, difundida con rotundo \u00e9xito en Estados Unidos. La miniserie en formato cinematogr\u00e1fico, producida por Megafilms junto a Direct TV MAS, tiene como [&hellip;]<\/p>\n","protected":false},"author":3,"featured_media":0,"comment_status":"open","ping_status":"open","sticky":false,"template":"","format":"standard","meta":{"footnotes":""},"categories":[25],"tags":[],"class_list":["post-91768","post","type-post","status-publish","format-standard","hentry","category-gente"],"_links":{"self":[{"href":"https:\/\/diariodominicano.com\/index.php?rest_route=\/wp\/v2\/posts\/91768","targetHints":{"allow":["GET"]}}],"collection":[{"href":"https:\/\/diariodominicano.com\/index.php?rest_route=\/wp\/v2\/posts"}],"about":[{"href":"https:\/\/diariodominicano.com\/index.php?rest_route=\/wp\/v2\/types\/post"}],"author":[{"embeddable":true,"href":"https:\/\/diariodominicano.com\/index.php?rest_route=\/wp\/v2\/users\/3"}],"replies":[{"embeddable":true,"href":"https:\/\/diariodominicano.com\/index.php?rest_route=%2Fwp%2Fv2%2Fcomments&post=91768"}],"version-history":[{"count":0,"href":"https:\/\/diariodominicano.com\/index.php?rest_route=\/wp\/v2\/posts\/91768\/revisions"}],"wp:attachment":[{"href":"https:\/\/diariodominicano.com\/index.php?rest_route=%2Fwp%2Fv2%2Fmedia&parent=91768"}],"wp:term":[{"taxonomy":"category","embeddable":true,"href":"https:\/\/diariodominicano.com\/index.php?rest_route=%2Fwp%2Fv2%2Fcategories&post=91768"},{"taxonomy":"post_tag","embeddable":true,"href":"https:\/\/diariodominicano.com\/index.php?rest_route=%2Fwp%2Fv2%2Ftags&post=91768"}],"curies":[{"name":"wp","href":"https:\/\/api.w.org\/{rel}","templated":true}]}}