{"id":91764,"date":"2009-04-02T16:41:52","date_gmt":"2009-04-02T16:41:52","guid":{"rendered":"http:\/\/diariodominicano.ddns.net\/?p=91764"},"modified":"2009-04-02T16:41:52","modified_gmt":"2009-04-02T16:41:52","slug":"rey-ruiz-vuelve-a-la-carga","status":"publish","type":"post","link":"https:\/\/diariodominicano.com\/?p=91764","title":{"rendered":"Rey Ruiz vuelve a la carga"},"content":{"rendered":"<p><body><\/p>\n<p><img decoding=\"async\" src=\"img3\/reyes.jpg\" \/>  <\/p>\n<p><span class=\"text1noticias\">Miami, FL, 1 de abril del 2009.- Rey Ruiz, el salsero que le canta al romanticismo, retoma los escenarios con el lanzamiento del tema ?Si t\u00fa te vas?, primer sencillo de  su nuevo material discogr\u00e1fico que saldr\u00e1 a la venta el 14 de abril.<\/span><\/p>\n<\/p>\n<p><span class=\"text1noticias\">La canci\u00f3n, popularizada d\u00e9cadas atr\u00e1s por Camilo Sesto, es la antesala del nuevo disco de Ruiz que lleva lleva por nombre ?El Mensaje?. Ha sido grabada en dos renovadas versiones, una en salsa y otra en balada.<\/span><\/p>\n<\/p>\n<p><span class=\"text1noticias\">Desde que empez\u00f3 a difundirse, ha recibido un franco respaldo de un gran n\u00famero de emisoras en diferentes ciudades como ?La Mega? de Philadelphia, ?La Fabulosa? de New Orleans, ?M\u00e1xima 92.5 FM? de Tampa, ?Power 800? AM de Lawrence, ?Rumba? de Orlando, ?La Ley? de Raleigh, ?Latina? de Providence, ?El Zol? de Washington, ?Mega? de Hartford, ?Rumba? y ?Rumba 1200 AM? de Boston en ?Caliente? de SiriusXM Satellite Radio y Cadena Salsoul de Puerto Rico, entre muchas otras,<\/span><\/p>\n<p><span class=\"text1noticias\">Recientemente termin\u00f3 el rodaje del v\u00eddeo clip que acompa\u00f1ar\u00e1 la promoci\u00f3n de este primer sencillo en la ciudad de Miami para que pronto sea proyectado a nivel internacional.<\/span><\/p>\n<\/p>\n<p><span class=\"text1noticias\">El domingo 15 de marzo se luci\u00f3 en el Carnaval de la Calle Ocho, donde fue ?Rey\u00bb por partida doble: primero por su nombre y segundo por haber sido elegido ?Rey del Carnaval?, present\u00e1ndose con sus nuevas melod\u00edas en las tarimas de las cadenas Univisi\u00f3n y Telemundo.<\/span><\/p>\n<\/p>\n<p><span class=\"text1noticias\">Luego de 15 a\u00f1os de trayectoria, el int\u00e9rprete cubano dice sentirse con nuevos br\u00edos para cantarle a su p\u00fablico y promover esta producci\u00f3n que es un trabajo que lo mantiene con muchas expectativas.<\/span><\/p>\n<h6> 2009-04-02 16:41:52 <\/h6>\n<p><!--\n<link rel=\"stylesheet\" href=\"css\/bootstrap.min.css\">\n\n\n<ul class=\"pagination\">\n\t    \n\t\n\n<li >\n\t<a href='?page_no=20385'>Previous<\/a>\n\t<\/li>\n\n\n       \n    \n\n<li><a href='?page_no=1'>1<\/a><\/li>\n\n\n\n<li><a href='?page_no=2'>2<\/a><\/li>\n\n\n\n<li><a>...<\/a><\/li>\n\n\n\n<li><a href='?page_no=20384'>20384<\/a><\/li>\n\n\n\n<li><a href='?page_no=20385'>20385<\/a><\/li>\n\n\n\n<li class='active'><a>20386<\/a><\/li>\n\n\n\n<li><a href='?page_no=20387'>20387<\/a><\/li>\n\n\n\n<li><a href='?page_no=20388'>20388<\/a><\/li>\n\n\n\n<li><a>...<\/a><\/li>\n\n\n\n<li><a href='?page_no=22522'>22522<\/a><\/li>\n\n\n\n<li><a href='?page_no=22523'>22523<\/a><\/li>\n\n    \n\t\n\n<li >\n\t<a href='?page_no=20387'>Next<\/a>\n\t<\/li>\n\n\n    \n\n<li><a href='?page_no=22523'>Last &rsaquo;&rsaquo;<\/a><\/li>\n\n<\/ul>\n\n\n--><br \/>\n<\/body><\/p>\n","protected":false},"excerpt":{"rendered":"<p>Miami, FL, 1 de abril del 2009.- Rey Ruiz, el salsero que le canta al romanticismo, retoma los escenarios con el lanzamiento del tema ?Si t\u00fa te vas?, primer sencillo de su nuevo material discogr\u00e1fico que saldr\u00e1 a la venta el 14 de abril. La canci\u00f3n, popularizada d\u00e9cadas atr\u00e1s por Camilo Sesto, es la antesala [&hellip;]<\/p>\n","protected":false},"author":3,"featured_media":0,"comment_status":"open","ping_status":"open","sticky":false,"template":"","format":"standard","meta":{"footnotes":""},"categories":[25],"tags":[],"class_list":["post-91764","post","type-post","status-publish","format-standard","hentry","category-gente"],"_links":{"self":[{"href":"https:\/\/diariodominicano.com\/index.php?rest_route=\/wp\/v2\/posts\/91764","targetHints":{"allow":["GET"]}}],"collection":[{"href":"https:\/\/diariodominicano.com\/index.php?rest_route=\/wp\/v2\/posts"}],"about":[{"href":"https:\/\/diariodominicano.com\/index.php?rest_route=\/wp\/v2\/types\/post"}],"author":[{"embeddable":true,"href":"https:\/\/diariodominicano.com\/index.php?rest_route=\/wp\/v2\/users\/3"}],"replies":[{"embeddable":true,"href":"https:\/\/diariodominicano.com\/index.php?rest_route=%2Fwp%2Fv2%2Fcomments&post=91764"}],"version-history":[{"count":0,"href":"https:\/\/diariodominicano.com\/index.php?rest_route=\/wp\/v2\/posts\/91764\/revisions"}],"wp:attachment":[{"href":"https:\/\/diariodominicano.com\/index.php?rest_route=%2Fwp%2Fv2%2Fmedia&parent=91764"}],"wp:term":[{"taxonomy":"category","embeddable":true,"href":"https:\/\/diariodominicano.com\/index.php?rest_route=%2Fwp%2Fv2%2Fcategories&post=91764"},{"taxonomy":"post_tag","embeddable":true,"href":"https:\/\/diariodominicano.com\/index.php?rest_route=%2Fwp%2Fv2%2Ftags&post=91764"}],"curies":[{"name":"wp","href":"https:\/\/api.w.org\/{rel}","templated":true}]}}