{"id":91763,"date":"2009-04-02T16:43:29","date_gmt":"2009-04-02T16:43:29","guid":{"rendered":"http:\/\/diariodominicano.ddns.net\/?p=91763"},"modified":"2009-04-02T16:43:29","modified_gmt":"2009-04-02T16:43:29","slug":"boletas-para-wason-en-hard-rock-cafe-se-venden-rapido","status":"publish","type":"post","link":"https:\/\/diariodominicano.com\/?p=91763","title":{"rendered":"Boletas para Wason en Hard Rock Caf\u00e9 se venden r\u00e1pido"},"content":{"rendered":"<p><body><\/p>\n<p><img decoding=\"async\" src=\"http:\/\/localhost:8080\/gente\/img3\/camino.jpg\" \/>  <\/p>\n<p><span class=\"text1noticias\">Ochenta por ciento vendido a dos semanas del evento<\/span><\/p>\n<p><span class=\"text1noticias\"> <\/span><\/p>\n<p><span class=\"text1noticias\"> <\/span><\/p>\n<p><span class=\"text1noticias\">Santo Domingo, Rep\u00fablica Dominicana.- Las boletas para el concierto que Wason Brazob\u00e1n dar\u00e1 en Hard Rock Caf\u00e9 el 16 de abril se venden a buen ritmo, seg\u00fan informa la producci\u00f3n del evento que patrocina Ron Brugal y Teleantillas, Canal 2.<\/span><\/p>\n<p><span class=\"text1noticias\"> <\/span><\/p>\n<p><span class=\"text1noticias\">Milagros Escarram\u00e1n coordinadora general del concierto ?Wason  Unplugged?, dijo  que m\u00e1s del setenta por ciento de las taquillas han sido vendidas cuando todav\u00eda faltan dos semanas para su presentaci\u00f3n.<\/span><\/p>\n<p><span class=\"text1noticias\"> <\/span><\/p>\n<p><span class=\"text1noticias\">?Productores amigos se\u00f1alan que al llegar la facha del evento, con la cantidad de boletas que ya tenemos vendidas, el lleno est\u00e1 garantizado, pues el resto de las entradas se venden en la puerta el d\u00eda del concierto, sin embargo, todav\u00eda faltan dos semanas para nuestro show y apenas tenemos disponibilidad, por lo que el nuestro ser\u00e1 bien bueno?, dice la joven productora.<\/span><\/p>\n<p><span class=\"text1noticias\"> <\/span><\/p>\n<p><span class=\"text1noticias\">Brazob\u00e1n que acaba de ganar el premio Casandra como cantante Solista Masculino del A\u00f1o, por segunda ocasi\u00f3n consecutiva, se encuentra en uno de los momentos m\u00e1s importantes de su carrera ya que sus \u00e9xitos del 2008 lo han ratificado como el solista m\u00e1s respetados del momento.<\/span><\/p>\n<p><span class=\"text1noticias\"> <\/span><\/p>\n<p><span class=\"text1noticias\">Durante el show se ha comprometido a servir un compendio de sus mejores temas bajo un aura de intimidad que s\u00f3lo en una sala de conciertos como la de Hard Rock Caf\u00e9 se puede lograr.<\/span><\/p>\n<p><span class=\"text1noticias\"> <\/span><\/p>\n<p><span class=\"text1noticias\">?Mi gente puede estar segura que la noche del 16 de este mes tendremos un encuentro de mucho ?Feeling?, expresa el int\u00e9rprete de ?Lluvia?, el m\u00e1s reciente sencillo de su producci\u00f3n ?Armardura de Rosas?.<\/span><\/p>\n<p><span class=\"text1noticias\"> <\/span><\/p>\n<p><span class=\"text1noticias\">El siete veces ganador del Casandra, alista la grabaci\u00f3n de su segunda producci\u00f3n luego de cumplido el compromiso de Hard Rock Caf\u00e9 el 16 de este mes y para la misma promete una confluencia de g\u00e9neros que sorprender\u00e1n a sus seguidores, pero sin dejar de lado la l\u00ednea que le ha caracterizado siempre. En mayo entra al estudio de grabaci\u00f3n.<\/span><\/p>\n<p><span class=\"text1noticias\"> <\/span><\/p>\n<p><span class=\"text1noticias\">Sin dudas que en el Unplugged no faltar\u00e1n temas como ?En un s\u00f3lo D\u00eda?, ?Se muri\u00f3 de Pena?, ?Mi Reina? o ?Con las manos vac\u00edas?, las cuales llenar\u00e1n de magia la principal sala de conciertos de la zona Colonial de Santo Domingo, en una noche inolvidable por dem\u00e1s.<\/span><\/p>\n<p><span class=\"text1noticias\"> <\/span><\/p>\n<p><span class=\"text1noticias\"> <\/span><\/p>\n<p><span class=\"text1noticias\">Ficha:<\/span><\/p>\n<p><span class=\"text1noticias\"> <\/span><\/p>\n<p><span class=\"text1noticias\">Concierto: Wason Unplugged @ Hard Rock Caf\u00e9<\/span><\/p>\n<p><span class=\"text1noticias\">Fecha: Jueves 16 de Abril 09<\/span><\/p>\n<p><span class=\"text1noticias\">Lugar: Hard Rock Caf\u00e9 Santo Domingo<\/span><\/p>\n<p><span class=\"text1noticias\">Cover Pre-venta: RD $700<\/span><\/p>\n<p><span class=\"text1noticias\">Informaci\u00f3n: 809-227-4074 \/ 809-686-7771<\/span><\/p>\n<p><span class=\"text1noticias\">Boletas a la venta: Rock Shop de Hard Rock Cafe<\/span><\/p>\n<h6> 2009-04-02 16:43:29 <\/h6>\n<p><!--\n<link rel=\"stylesheet\" href=\"css\/bootstrap.min.css\">\n\n\n<ul class=\"pagination\">\n\t    \n\t\n\n<li >\n\t<a href='?page_no=20384'>Previous<\/a>\n\t<\/li>\n\n\n       \n    \n\n<li><a href='?page_no=1'>1<\/a><\/li>\n\n\n\n<li><a href='?page_no=2'>2<\/a><\/li>\n\n\n\n<li><a>...<\/a><\/li>\n\n\n\n<li><a href='?page_no=20383'>20383<\/a><\/li>\n\n\n\n<li><a href='?page_no=20384'>20384<\/a><\/li>\n\n\n\n<li class='active'><a>20385<\/a><\/li>\n\n\n\n<li><a href='?page_no=20386'>20386<\/a><\/li>\n\n\n\n<li><a href='?page_no=20387'>20387<\/a><\/li>\n\n\n\n<li><a>...<\/a><\/li>\n\n\n\n<li><a href='?page_no=22522'>22522<\/a><\/li>\n\n\n\n<li><a href='?page_no=22523'>22523<\/a><\/li>\n\n    \n\t\n\n<li >\n\t<a href='?page_no=20386'>Next<\/a>\n\t<\/li>\n\n\n    \n\n<li><a href='?page_no=22523'>Last &rsaquo;&rsaquo;<\/a><\/li>\n\n<\/ul>\n\n\n--><br \/>\n<\/body><\/p>\n","protected":false},"excerpt":{"rendered":"<p>Ochenta por ciento vendido a dos semanas del evento Santo Domingo, Rep\u00fablica Dominicana.- Las boletas para el concierto que Wason Brazob\u00e1n dar\u00e1 en Hard Rock Caf\u00e9 el 16 de abril se venden a buen ritmo, seg\u00fan informa la producci\u00f3n del evento que patrocina Ron Brugal y Teleantillas, Canal 2. Milagros Escarram\u00e1n coordinadora general del concierto [&hellip;]<\/p>\n","protected":false},"author":3,"featured_media":0,"comment_status":"open","ping_status":"open","sticky":false,"template":"","format":"standard","meta":{"footnotes":""},"categories":[25],"tags":[],"class_list":["post-91763","post","type-post","status-publish","format-standard","hentry","category-gente"],"_links":{"self":[{"href":"https:\/\/diariodominicano.com\/index.php?rest_route=\/wp\/v2\/posts\/91763","targetHints":{"allow":["GET"]}}],"collection":[{"href":"https:\/\/diariodominicano.com\/index.php?rest_route=\/wp\/v2\/posts"}],"about":[{"href":"https:\/\/diariodominicano.com\/index.php?rest_route=\/wp\/v2\/types\/post"}],"author":[{"embeddable":true,"href":"https:\/\/diariodominicano.com\/index.php?rest_route=\/wp\/v2\/users\/3"}],"replies":[{"embeddable":true,"href":"https:\/\/diariodominicano.com\/index.php?rest_route=%2Fwp%2Fv2%2Fcomments&post=91763"}],"version-history":[{"count":0,"href":"https:\/\/diariodominicano.com\/index.php?rest_route=\/wp\/v2\/posts\/91763\/revisions"}],"wp:attachment":[{"href":"https:\/\/diariodominicano.com\/index.php?rest_route=%2Fwp%2Fv2%2Fmedia&parent=91763"}],"wp:term":[{"taxonomy":"category","embeddable":true,"href":"https:\/\/diariodominicano.com\/index.php?rest_route=%2Fwp%2Fv2%2Fcategories&post=91763"},{"taxonomy":"post_tag","embeddable":true,"href":"https:\/\/diariodominicano.com\/index.php?rest_route=%2Fwp%2Fv2%2Ftags&post=91763"}],"curies":[{"name":"wp","href":"https:\/\/api.w.org\/{rel}","templated":true}]}}