{"id":91760,"date":"2009-04-03T16:10:57","date_gmt":"2009-04-03T16:10:57","guid":{"rendered":"http:\/\/diariodominicano.ddns.net\/?p=91760"},"modified":"2009-04-03T16:10:57","modified_gmt":"2009-04-03T16:10:57","slug":"uasd-realiza-actividad-en-conmemoracion-guerra-de-abril","status":"publish","type":"post","link":"https:\/\/diariodominicano.com\/?p=91760","title":{"rendered":"UASD Realiza Actividad en Conmemoraci\u00f3n Guerra de Abril"},"content":{"rendered":"<p><body><\/p>\n<p><img decoding=\"async\" src=\"http:\/\/localhost:8080\/gente\/img3\/uaso.jpg\" \/>  <\/p>\n<p><span class=\"text1noticias\">La Vicerrector\u00eda de Extensi\u00f3n de la Universidad Aut\u00f3noma de Santo Domingo (UASD) realiz\u00f3 su tradicional Mi\u00e9rcoles Cultural, dedicado esta vez a la conmemoraci\u00f3n de la Revoluci\u00f3n de Abril de 1965, que cumple en este mes el 44 aniversario de esa gesta patri\u00f3tica.<\/span><\/p>\n<\/p>\n<p><span class=\"text1noticias\">Centenares de estudiantes se congregaron frente a la explana de la Biblioteca Pedro Mir para complementar la animaci\u00f3n del evento socio cultural encabezado por el vicerrector de Extensi\u00f3n de la UASD, doctor Rafael Nino F\u00e9liz; su asistente, licenciado Jhonny Aristy; Arist\u00f3teles Ponserrat y Radham\u00e9s Miol\u00e1n, director de la Rondalla Universitaria.<\/span><\/p>\n<\/p>\n<p><span class=\"text1noticias\">Este Mi\u00e9rcoles Cultural tambi\u00e9n fue dedicado a la m\u00e1rtir estudiantil Sagrario D\u00edaz Santiago, v\u00edctima de un tiroteo en la UASD protagonizado por tropas policiales del denominado ?R\u00e9gimen de los Doce A\u00f1os? del fenecido ex presidente Joaqu\u00edn Balaguer.<\/span><\/p>\n<\/p>\n<p><span class=\"text1noticias\">La actividad se inici\u00f3 con una oraci\u00f3n invocada a Dios por el estudiante Cristian Javier, quien profesa la religi\u00f3n Cat\u00f3lica y aprovech\u00f3 para clamar por la paz espiritual del pueblo, en momentos en que asegura que hay una inversi\u00f3n de valores que afecta a las familias dominicanas.<\/span><\/p>\n<\/p>\n<p><span class=\"text1noticias\">Durante el desarrollo de la jornada cultural particip\u00f3 la profesora universitaria Altagracia Jim\u00e9nez, quien plante\u00f3 la necesidad de que haya equidad de g\u00e9nero para una mejor convivencia en la sociedad.<\/span><\/p>\n<\/p>\n<\/p>\n<p><span class=\"text1noticias\">Los Mi\u00e9rcoles Culturales que organiza la Vicerrector\u00eda de Extensi\u00f3n tienen las caracter\u00edsticas de que sus animadores ponen un tema de inter\u00e9s social y al azar escogen a los estudiantes que desean emitir sus opiniones sobre el particular.<\/span><\/p>\n<\/p>\n<p><span class=\"text1noticias\">Esta peculiar manera, adem\u00e1s de que sirve para debatir temas de inter\u00e9s nacional, les permite a los estudiantes y alumnos en sentido general desarrollar dominio esc\u00e9nico y vencer la tradicional timidez que afecta a cualquier ser humano frente al p\u00fablico.<\/span><\/p>\n<\/p>\n<p><span class=\"text1noticias\">Adem\u00e1s de recordar a h\u00e9roes como Francisco Alberto Caama\u00f1o De\u00f1\u00f3 y Rafel Tom\u00e1s Fern\u00e1ndez Dom\u00ednguez, en ocasi\u00f3n de la ?Revoluci\u00f3n de Abril del 65?, se aprovech\u00f3 para introducir temas de importancia nacional como el proceso de ?Reforma y Transformaci\u00f3n Universitaria?, que se lleva a efecto en esta academia y la Reforma a la Constituci\u00f3n pendiente de aprobar por la Asamblea Nacional Revisora.<\/span><\/p>\n<\/p>\n<p><span class=\"text1noticias\">El evento cont\u00f3 con la animaci\u00f3n art\u00edstica del reguetonero urbano ?Doctor G? y de artistas del Consejo Nacional de Discapacidad (Conadis).<\/span><\/p>\n<h6> 2009-04-03 16:10:57 <\/h6>\n<p><!--\n<link rel=\"stylesheet\" href=\"css\/bootstrap.min.css\">\n\n\n<ul class=\"pagination\">\n\t    \n\t\n\n<li >\n\t<a href='?page_no=20381'>Previous<\/a>\n\t<\/li>\n\n\n       \n    \n\n<li><a href='?page_no=1'>1<\/a><\/li>\n\n\n\n<li><a href='?page_no=2'>2<\/a><\/li>\n\n\n\n<li><a>...<\/a><\/li>\n\n\n\n<li><a href='?page_no=20380'>20380<\/a><\/li>\n\n\n\n<li><a href='?page_no=20381'>20381<\/a><\/li>\n\n\n\n<li class='active'><a>20382<\/a><\/li>\n\n\n\n<li><a href='?page_no=20383'>20383<\/a><\/li>\n\n\n\n<li><a href='?page_no=20384'>20384<\/a><\/li>\n\n\n\n<li><a>...<\/a><\/li>\n\n\n\n<li><a href='?page_no=22522'>22522<\/a><\/li>\n\n\n\n<li><a href='?page_no=22523'>22523<\/a><\/li>\n\n    \n\t\n\n<li >\n\t<a href='?page_no=20383'>Next<\/a>\n\t<\/li>\n\n\n    \n\n<li><a href='?page_no=22523'>Last &rsaquo;&rsaquo;<\/a><\/li>\n\n<\/ul>\n\n\n--><br \/>\n<\/body><\/p>\n","protected":false},"excerpt":{"rendered":"<p>La Vicerrector\u00eda de Extensi\u00f3n de la Universidad Aut\u00f3noma de Santo Domingo (UASD) realiz\u00f3 su tradicional Mi\u00e9rcoles Cultural, dedicado esta vez a la conmemoraci\u00f3n de la Revoluci\u00f3n de Abril de 1965, que cumple en este mes el 44 aniversario de esa gesta patri\u00f3tica. Centenares de estudiantes se congregaron frente a la explana de la Biblioteca Pedro [&hellip;]<\/p>\n","protected":false},"author":3,"featured_media":0,"comment_status":"open","ping_status":"open","sticky":false,"template":"","format":"standard","meta":{"footnotes":""},"categories":[25],"tags":[],"class_list":["post-91760","post","type-post","status-publish","format-standard","hentry","category-gente"],"_links":{"self":[{"href":"https:\/\/diariodominicano.com\/index.php?rest_route=\/wp\/v2\/posts\/91760","targetHints":{"allow":["GET"]}}],"collection":[{"href":"https:\/\/diariodominicano.com\/index.php?rest_route=\/wp\/v2\/posts"}],"about":[{"href":"https:\/\/diariodominicano.com\/index.php?rest_route=\/wp\/v2\/types\/post"}],"author":[{"embeddable":true,"href":"https:\/\/diariodominicano.com\/index.php?rest_route=\/wp\/v2\/users\/3"}],"replies":[{"embeddable":true,"href":"https:\/\/diariodominicano.com\/index.php?rest_route=%2Fwp%2Fv2%2Fcomments&post=91760"}],"version-history":[{"count":0,"href":"https:\/\/diariodominicano.com\/index.php?rest_route=\/wp\/v2\/posts\/91760\/revisions"}],"wp:attachment":[{"href":"https:\/\/diariodominicano.com\/index.php?rest_route=%2Fwp%2Fv2%2Fmedia&parent=91760"}],"wp:term":[{"taxonomy":"category","embeddable":true,"href":"https:\/\/diariodominicano.com\/index.php?rest_route=%2Fwp%2Fv2%2Fcategories&post=91760"},{"taxonomy":"post_tag","embeddable":true,"href":"https:\/\/diariodominicano.com\/index.php?rest_route=%2Fwp%2Fv2%2Ftags&post=91760"}],"curies":[{"name":"wp","href":"https:\/\/api.w.org\/{rel}","templated":true}]}}