{"id":91759,"date":"2009-04-03T16:12:26","date_gmt":"2009-04-03T16:12:26","guid":{"rendered":"http:\/\/diariodominicano.ddns.net\/?p=91759"},"modified":"2009-04-03T16:12:26","modified_gmt":"2009-04-03T16:12:26","slug":"geniris-continua-realizando-conciertos-que-le-permiten-mostrar-el-gran-alcance-de-su-calidad-como-interprete-y-lo-importante-que-es-estudiar-canto-piano-y-actuacion","status":"publish","type":"post","link":"https:\/\/diariodominicano.com\/?p=91759","title":{"rendered":"GENIRIS CONTINUA REALIZANDO CONCIERTOS QUE LE PERMITEN MOSTRAR EL GRAN ALCANCE DE SU CALIDAD COMO INTERPRETE Y LO IMPORTANTE  QUE ES ESTUDIAR, CANTO, PIANO Y ACTUACION."},"content":{"rendered":"<p><body><\/p>\n<p><img decoding=\"async\" src=\"http:\/\/localhost:8080\/gente\/img3\/geniri.jpg\" \/>  <\/p>\n<p><span class=\"text1noticias\">En sus dos m\u00e1s recientes conciertos Geniris muestra su gran calidad y lo importante que significa prepararse para emprender una carrera profesional capacitada para realizar cualquier tipo de interpretaci\u00f3n en los diferentes colores de la m\u00fasica universal.<\/span><\/p>\n<\/p>\n<p><span class=\"text1noticias\">De la mano de \u00c1ngela Carrasco quien le continua abriendo puerta en Espa\u00f1a y la prepara en su escuela ABC de m\u00fasica, canto y actuaci\u00f3n, Geniris estas terminando los estudios de piano, canto, actuaci\u00f3n y m\u00fasica que por m\u00e1s de diez a\u00f1os se ha mantenido estudiando, prepar\u00e1ndose para una gran carrera en el mundo del espect\u00e1culo.<\/span><\/p>\n<\/p>\n<p><span class=\"text1noticias\">Recientemente el audit\u00f3rium de la Egae y por tercera en vez en majestuoso escenario de los congresos en Madrid Espa\u00f1a esta morena de origen Dominicano puso de manifiesto su gran carisma y calidad con la presencia de personajes de la pol\u00edtica, los negocios y vida social de la madre patria adem\u00e1s de la asistencia de  extranjeros, dominicanos y espa\u00f1oles.<\/span><\/p>\n<\/p>\n<p><span class=\"text1noticias\">De sus temas lo m\u00e1s conocidos est\u00e1n solo mar, quiero, cada tarde, entre otros, su producci\u00f3n estas siendo revisada continuamente buscando temas que le permitan una exquisita propuesta, mas de 20 canciones se han grabado para definir los que estar\u00e1n en su primera propuesta para el publico mundial.<\/span><\/p>\n<p><span class=\"text1noticias\">En los pr\u00f3ximos d\u00edas esta carism\u00e1tica estrella joven pondr\u00e1 en radio un nuevo corte musical de la autor\u00eda de Jos\u00e9 Antonio Rodr\u00edguez con arreglo de Manuel Tejada.<\/span><\/p>\n<h6> 2009-04-03 16:12:26 <\/h6>\n<p><!--\n<link rel=\"stylesheet\" href=\"css\/bootstrap.min.css\">\n\n\n<ul class=\"pagination\">\n\t    \n\t\n\n<li >\n\t<a href='?page_no=20380'>Previous<\/a>\n\t<\/li>\n\n\n       \n    \n\n<li><a href='?page_no=1'>1<\/a><\/li>\n\n\n\n<li><a href='?page_no=2'>2<\/a><\/li>\n\n\n\n<li><a>...<\/a><\/li>\n\n\n\n<li><a href='?page_no=20379'>20379<\/a><\/li>\n\n\n\n<li><a href='?page_no=20380'>20380<\/a><\/li>\n\n\n\n<li class='active'><a>20381<\/a><\/li>\n\n\n\n<li><a href='?page_no=20382'>20382<\/a><\/li>\n\n\n\n<li><a href='?page_no=20383'>20383<\/a><\/li>\n\n\n\n<li><a>...<\/a><\/li>\n\n\n\n<li><a href='?page_no=22522'>22522<\/a><\/li>\n\n\n\n<li><a href='?page_no=22523'>22523<\/a><\/li>\n\n    \n\t\n\n<li >\n\t<a href='?page_no=20382'>Next<\/a>\n\t<\/li>\n\n\n    \n\n<li><a href='?page_no=22523'>Last &rsaquo;&rsaquo;<\/a><\/li>\n\n<\/ul>\n\n\n--><br \/>\n<\/body><\/p>\n","protected":false},"excerpt":{"rendered":"<p>En sus dos m\u00e1s recientes conciertos Geniris muestra su gran calidad y lo importante que significa prepararse para emprender una carrera profesional capacitada para realizar cualquier tipo de interpretaci\u00f3n en los diferentes colores de la m\u00fasica universal. De la mano de \u00c1ngela Carrasco quien le continua abriendo puerta en Espa\u00f1a y la prepara en su [&hellip;]<\/p>\n","protected":false},"author":3,"featured_media":0,"comment_status":"open","ping_status":"open","sticky":false,"template":"","format":"standard","meta":{"footnotes":""},"categories":[25],"tags":[],"class_list":["post-91759","post","type-post","status-publish","format-standard","hentry","category-gente"],"_links":{"self":[{"href":"https:\/\/diariodominicano.com\/index.php?rest_route=\/wp\/v2\/posts\/91759","targetHints":{"allow":["GET"]}}],"collection":[{"href":"https:\/\/diariodominicano.com\/index.php?rest_route=\/wp\/v2\/posts"}],"about":[{"href":"https:\/\/diariodominicano.com\/index.php?rest_route=\/wp\/v2\/types\/post"}],"author":[{"embeddable":true,"href":"https:\/\/diariodominicano.com\/index.php?rest_route=\/wp\/v2\/users\/3"}],"replies":[{"embeddable":true,"href":"https:\/\/diariodominicano.com\/index.php?rest_route=%2Fwp%2Fv2%2Fcomments&post=91759"}],"version-history":[{"count":0,"href":"https:\/\/diariodominicano.com\/index.php?rest_route=\/wp\/v2\/posts\/91759\/revisions"}],"wp:attachment":[{"href":"https:\/\/diariodominicano.com\/index.php?rest_route=%2Fwp%2Fv2%2Fmedia&parent=91759"}],"wp:term":[{"taxonomy":"category","embeddable":true,"href":"https:\/\/diariodominicano.com\/index.php?rest_route=%2Fwp%2Fv2%2Fcategories&post=91759"},{"taxonomy":"post_tag","embeddable":true,"href":"https:\/\/diariodominicano.com\/index.php?rest_route=%2Fwp%2Fv2%2Ftags&post=91759"}],"curies":[{"name":"wp","href":"https:\/\/api.w.org\/{rel}","templated":true}]}}