{"id":90739,"date":"2009-11-20T15:43:07","date_gmt":"2009-11-20T15:43:07","guid":{"rendered":"http:\/\/diariodominicano.ddns.net\/?p=90739"},"modified":"2009-11-20T15:43:07","modified_gmt":"2009-11-20T15:43:07","slug":"ilegales-impresiona-con-su-show-de-hard-rock-cafe","status":"publish","type":"post","link":"https:\/\/diariodominicano.com\/?p=90739","title":{"rendered":"Ilegales, impresiona con su show de Hard Rock Caf\u00e9"},"content":{"rendered":"<p><body><\/p>\n<p><img decoding=\"async\" src=\"http:\/\/localhost:8080\/gente\/img3\/hard.jpg\" \/>  <\/p>\n<p><span class=\"text1noticias\">El ?Rey de Hard Rock?, Wason Brazob\u00e1n estuvo como invitado especial<\/span><\/p>\n<p><span class=\"text1noticias\"> <\/span><\/p>\n<p><span class=\"text1noticias\">Santo Domingo, Rep\u00fablica Dominicana.- El grupo Ilegales se present\u00f3 por primera vez en Hard Rock Caf\u00e9 Santo Domingo con un espect\u00e1culo lleno de luces, brillo y alegr\u00eda, que puso a bailar a todos los presentes a ritmo de sus mayores \u00e9xitos, bajo la producci\u00f3n de Alberto Zayas.<\/span><\/p>\n<p><span class=\"text1noticias\"> <\/span><\/p>\n<p><span class=\"text1noticias\">Los temas responsables de poner a brincar a los seguidores que dieron su apoyo a la banda de Vladimir Dotel, fueron ?Ya no estoy pa\u00b4 eso?, ?Taqui Taqui?, ?Trueno?, ?Mami no? y Enamorao?, que el p\u00fablico tarare\u00f3 en una muestra fehaciente del impacto que todav\u00eda tiene Ilegales entre la juventud.<\/span><\/p>\n<p><span class=\"text1noticias\"> <\/span><\/p>\n<p><span class=\"text1noticias\">?Estos son los 14 a\u00f1os de Ilegales, un d\u00eda de noviembre del 1995, hicimos nuestro debut?, expres\u00f3 desde tarima Vladimir Dotel, quien tambi\u00e9n ha tocado en los Hard Rock de M\u00e9jico y Miami, y a seguidas agreg\u00f3, ?nos encanta Hard Rock Caf\u00e9 porque nos permite estar bien cerca de uds.?, para luego despacharse con ?Fiesta Caliente? uno de sus mayores \u00e9xitos en los a\u00f1os 90.<\/span><\/p>\n<p><span class=\"text1noticias\"> <\/span><\/p>\n<p><span class=\"text1noticias\">El p\u00fablico no par\u00f3 de bailar desde que los m\u00fasicos subieron a escena en una noche llena de alegr\u00eda que dejo bien parado a Ilegales, una vez empezaron su show.<\/span><\/p>\n<p><span class=\"text1noticias\"> <\/span><\/p>\n<p><span class=\"text1noticias\">El montaje fue digno de su nivel, con juegos de luces que impresionaron, sonido de fiel calidad y efectos en las pantallas del local, que dejaron una positiva impresi\u00f3n en todo el que asisti\u00f3 al concierto, el cual marc\u00f3 el retorno de la banda a los escenarios dominicanos.<\/span><\/p>\n<p><span class=\"text1noticias\"> <\/span><\/p>\n<p><span class=\"text1noticias\">Otros temas que se hicieron sentir por su cadencia y ritmo fueron ?La Cosita?, ?No Pare y Dale?, ?A que te Pongo?, ?La Ladrona?, ?All up to You?, entre otros.<\/span><\/p>\n<p><span class=\"text1noticias\"> <\/span><\/p>\n<p><span class=\"text1noticias\">Pero uno de los momentos memorables de la noche fue cuando el ?Rey de Hard Rock Caf\u00e9?, Wason Brazob\u00e1n, subi\u00f3 a escena para cantar junto con ?Vladi?, el tema ?Tu Recuerdo?, provocando una algarab\u00eda ensordecedora en el establecimiento.<\/span><\/p>\n<p><span class=\"text1noticias\"> <\/span><\/p>\n<p><span class=\"text1noticias\">Entonces el l\u00edder de Ilegales, como forma de retribuir el honor de Brazob\u00e1n haber interpretado una de sus canciones, hizo lo propio con la canci\u00f3n ?Sin Por lo Menos Toacarte, el m\u00e1s reciente hit de Wason, llevando el concierto a su cl\u00edmax.<\/span><\/p>\n<p><span class=\"text1noticias\"> <\/span><\/p>\n<p><span class=\"text1noticias\">?Copa de Licor?, ?La Morena? y ?Sue\u00f1o Contigo? pusieron punto final a uno de los mejores shows llevados a cabo en el ?Templo de la Musica?, Hard Rock Caf\u00e9, que en esta oportunidad tuvo como protagonista al exitoso grupo Ilegales.<\/span><\/p>\n<p><span class=\"text1noticias\"> <\/span><\/p>\n<p><span class=\"text1noticias\"> <\/span><\/p>\n<p><span class=\"text1noticias\">Canciones interpretadas por Ilegales en su show de Hard Rock Caf\u00e9 el 19 de noviembre:<\/span><\/p>\n<p><span class=\"text1noticias\">?Ya No Estoy Pa\u00b4 Eso?, ?Taqui, Taqui?, ?Trueno?, ?Mami no?, ?Enamorao?, ?Fiesta Caliente?, ?La Cosita?; ?No Pare y Dale?, ?A que te Pongo?, ?La Ladrona?, ?All Up To You?, ?S\u00f3lo Tu?, ?Tu Recuerdo? con Wason Brazob\u00e1n, ?Sin por lo Menos Tocarte? con Wason Brazob\u00e1n, ?Copa de Licor?, ?La Morena? y ?Sue\u00f1o Contigo?.<\/span><\/p>\n<h6> 2009-11-20 15:43:07 <\/h6>\n<p><!--\n<link rel=\"stylesheet\" href=\"css\/bootstrap.min.css\">\n\n\n<ul class=\"pagination\">\n\t    \n\t\n\n<li >\n\t<a href='?page_no=19360'>Previous<\/a>\n\t<\/li>\n\n\n       \n    \n\n<li><a href='?page_no=1'>1<\/a><\/li>\n\n\n\n<li><a href='?page_no=2'>2<\/a><\/li>\n\n\n\n<li><a>...<\/a><\/li>\n\n\n\n<li><a href='?page_no=19359'>19359<\/a><\/li>\n\n\n\n<li><a href='?page_no=19360'>19360<\/a><\/li>\n\n\n\n<li class='active'><a>19361<\/a><\/li>\n\n\n\n<li><a href='?page_no=19362'>19362<\/a><\/li>\n\n\n\n<li><a href='?page_no=19363'>19363<\/a><\/li>\n\n\n\n<li><a>...<\/a><\/li>\n\n\n\n<li><a href='?page_no=22522'>22522<\/a><\/li>\n\n\n\n<li><a href='?page_no=22523'>22523<\/a><\/li>\n\n    \n\t\n\n<li >\n\t<a href='?page_no=19362'>Next<\/a>\n\t<\/li>\n\n\n    \n\n<li><a href='?page_no=22523'>Last &rsaquo;&rsaquo;<\/a><\/li>\n\n<\/ul>\n\n\n--><br \/>\n<\/body><\/p>\n","protected":false},"excerpt":{"rendered":"<p>El ?Rey de Hard Rock?, Wason Brazob\u00e1n estuvo como invitado especial Santo Domingo, Rep\u00fablica Dominicana.- El grupo Ilegales se present\u00f3 por primera vez en Hard Rock Caf\u00e9 Santo Domingo con un espect\u00e1culo lleno de luces, brillo y alegr\u00eda, que puso a bailar a todos los presentes a ritmo de sus mayores \u00e9xitos, bajo la producci\u00f3n [&hellip;]<\/p>\n","protected":false},"author":3,"featured_media":0,"comment_status":"open","ping_status":"open","sticky":false,"template":"","format":"standard","meta":{"footnotes":""},"categories":[25],"tags":[],"class_list":["post-90739","post","type-post","status-publish","format-standard","hentry","category-gente"],"_links":{"self":[{"href":"https:\/\/diariodominicano.com\/index.php?rest_route=\/wp\/v2\/posts\/90739","targetHints":{"allow":["GET"]}}],"collection":[{"href":"https:\/\/diariodominicano.com\/index.php?rest_route=\/wp\/v2\/posts"}],"about":[{"href":"https:\/\/diariodominicano.com\/index.php?rest_route=\/wp\/v2\/types\/post"}],"author":[{"embeddable":true,"href":"https:\/\/diariodominicano.com\/index.php?rest_route=\/wp\/v2\/users\/3"}],"replies":[{"embeddable":true,"href":"https:\/\/diariodominicano.com\/index.php?rest_route=%2Fwp%2Fv2%2Fcomments&post=90739"}],"version-history":[{"count":0,"href":"https:\/\/diariodominicano.com\/index.php?rest_route=\/wp\/v2\/posts\/90739\/revisions"}],"wp:attachment":[{"href":"https:\/\/diariodominicano.com\/index.php?rest_route=%2Fwp%2Fv2%2Fmedia&parent=90739"}],"wp:term":[{"taxonomy":"category","embeddable":true,"href":"https:\/\/diariodominicano.com\/index.php?rest_route=%2Fwp%2Fv2%2Fcategories&post=90739"},{"taxonomy":"post_tag","embeddable":true,"href":"https:\/\/diariodominicano.com\/index.php?rest_route=%2Fwp%2Fv2%2Ftags&post=90739"}],"curies":[{"name":"wp","href":"https:\/\/api.w.org\/{rel}","templated":true}]}}