{"id":90017,"date":"2010-08-10T14:06:56","date_gmt":"2010-08-10T14:06:56","guid":{"rendered":"http:\/\/diariodominicano.ddns.net\/?p=90017"},"modified":"2010-08-10T14:06:56","modified_gmt":"2010-08-10T14:06:56","slug":"hard-rock-cafe-presenta-tributo-a-juan-luis-guerra","status":"publish","type":"post","link":"https:\/\/diariodominicano.com\/?p=90017","title":{"rendered":"Hard Rock Caf\u00e9 presenta Tributo a Juan Lu\u00eds Guerra"},"content":{"rendered":"<p><body><\/p>\n<p><img decoding=\"async\" src=\"http:\/\/localhost:8080\/gente\/img3\/hade.jpg\" \/>  <\/p>\n<p><span class=\"text1noticias\">El Grupo FrankOs tiene la direcci\u00f3n musical de los artistas invitados<\/span><\/p>\n<p><span class=\"text1noticias\"> <\/span><\/p>\n<p><span class=\"text1noticias\">Santo Domingo, Rep\u00fablica Dominicana.- Hard Rock Caf\u00e9 y la empresa ?Conciertos &amp; Eventos? tienen listo el tributo a Juan Lu\u00eds Guerra que tendr\u00e1 lugar el martes 17 de agosto a las 9:00 de la noche bajo la direcci\u00f3n art\u00edstica del grupo FrankOs y auspicios de Buchanan\u00b4s, La Nota Diferente y Acr\u00f3polis.<\/span><\/p>\n<p><span class=\"text1noticias\"> <\/span><\/p>\n<p><span class=\"text1noticias\">En el mismo participar\u00e1n Marel Alemany, Frank Ceara, Audrey Campos, Rando Camasta hijo y Alexandro Segui, quienes prometen una velada agradable con las mejores canciones del m\u00e1s internacional de los artistas dominicanos.<\/span><\/p>\n<p><span class=\"text1noticias\"> <\/span><\/p>\n<p><span class=\"text1noticias\">Frank Castillo y Oscar Estrella, vocalista y guitarrista respectivamente de FrankOs, tuvieron a su cargo los arreglos de los temas y dijeron que esperan dar un show de excepci\u00f3n.<\/span><\/p>\n<p><span class=\"text1noticias\"> <\/span><\/p>\n<p><span class=\"text1noticias\">Durante el encuentro con los medios, los dos m\u00fasicos revelaron que el objeto principal durante los ensayos fue lograr la esencia musical de 440, cuidando con esmero cada canci\u00f3n.<\/span><\/p>\n<p><span class=\"text1noticias\"> <\/span><\/p>\n<p><span class=\"text1noticias\">?Este tributo tiene la particularidad de que tiene una sonoridad muy parecida al de la banda de Juan Lu\u00eds, por lo que el p\u00fablico disfrutar\u00e1 de un show muy bien logrado?, expresaron Frank Castillo y Oscar Estrella.<\/span><\/p>\n<p><span class=\"text1noticias\"> <\/span><\/p>\n<p><span class=\"text1noticias\">Este es el primer tributo que se hace en honor al int\u00e9rprete de ?La Bilirrubina? en ?El Templo de la M\u00fasica? por lo que se espera una asistencia masiva del p\u00fablico que sigue la carrera de Juan Lu\u00eds. <\/span><\/p>\n<p><span class=\"text1noticias\"> <\/span><\/p>\n<p><span class=\"text1noticias\">Para la ocasi\u00f3n se tiene preparado una banda de 11 m\u00fasicos que interpretar\u00e1n los grandes \u00e9xitos de Juan Lu\u00eds, evocando la sonoridad de la banda 440.<\/span><\/p>\n<p><span class=\"text1noticias\"> <\/span><\/p>\n<p><span class=\"text1noticias\">Se han preparado por igual 20 canciones dentro de las cuales cada artista escoger\u00e1 dos para su interpretaci\u00f3n de acuerdo a su gusto y estilo.<\/span><\/p>\n<p><span class=\"text1noticias\"> <\/span><\/p>\n<p><span class=\"text1noticias\">Las boletas est\u00e1n a la venta a RD $700 p\/p en Uepa Tickets at Movie Max y en el Rock Shop de Hard Rock Caf\u00e9 Santo Domingo. <\/span><\/p>\n<h6> 2010-08-10 14:06:56 <\/h6>\n<p><!--\n<link rel=\"stylesheet\" href=\"css\/bootstrap.min.css\">\n\n\n<ul class=\"pagination\">\n\t    \n\t\n\n<li >\n\t<a href='?page_no=18638'>Previous<\/a>\n\t<\/li>\n\n\n       \n    \n\n<li><a href='?page_no=1'>1<\/a><\/li>\n\n\n\n<li><a href='?page_no=2'>2<\/a><\/li>\n\n\n\n<li><a>...<\/a><\/li>\n\n\n\n<li><a href='?page_no=18637'>18637<\/a><\/li>\n\n\n\n<li><a href='?page_no=18638'>18638<\/a><\/li>\n\n\n\n<li class='active'><a>18639<\/a><\/li>\n\n\n\n<li><a href='?page_no=18640'>18640<\/a><\/li>\n\n\n\n<li><a href='?page_no=18641'>18641<\/a><\/li>\n\n\n\n<li><a>...<\/a><\/li>\n\n\n\n<li><a href='?page_no=22522'>22522<\/a><\/li>\n\n\n\n<li><a href='?page_no=22523'>22523<\/a><\/li>\n\n    \n\t\n\n<li >\n\t<a href='?page_no=18640'>Next<\/a>\n\t<\/li>\n\n\n    \n\n<li><a href='?page_no=22523'>Last &rsaquo;&rsaquo;<\/a><\/li>\n\n<\/ul>\n\n\n--><br \/>\n<\/body><\/p>\n","protected":false},"excerpt":{"rendered":"<p>El Grupo FrankOs tiene la direcci\u00f3n musical de los artistas invitados Santo Domingo, Rep\u00fablica Dominicana.- Hard Rock Caf\u00e9 y la empresa ?Conciertos &amp; Eventos? tienen listo el tributo a Juan Lu\u00eds Guerra que tendr\u00e1 lugar el martes 17 de agosto a las 9:00 de la noche bajo la direcci\u00f3n art\u00edstica del grupo FrankOs y auspicios [&hellip;]<\/p>\n","protected":false},"author":3,"featured_media":0,"comment_status":"open","ping_status":"open","sticky":false,"template":"","format":"standard","meta":{"footnotes":""},"categories":[25],"tags":[],"class_list":["post-90017","post","type-post","status-publish","format-standard","hentry","category-gente"],"_links":{"self":[{"href":"https:\/\/diariodominicano.com\/index.php?rest_route=\/wp\/v2\/posts\/90017","targetHints":{"allow":["GET"]}}],"collection":[{"href":"https:\/\/diariodominicano.com\/index.php?rest_route=\/wp\/v2\/posts"}],"about":[{"href":"https:\/\/diariodominicano.com\/index.php?rest_route=\/wp\/v2\/types\/post"}],"author":[{"embeddable":true,"href":"https:\/\/diariodominicano.com\/index.php?rest_route=\/wp\/v2\/users\/3"}],"replies":[{"embeddable":true,"href":"https:\/\/diariodominicano.com\/index.php?rest_route=%2Fwp%2Fv2%2Fcomments&post=90017"}],"version-history":[{"count":0,"href":"https:\/\/diariodominicano.com\/index.php?rest_route=\/wp\/v2\/posts\/90017\/revisions"}],"wp:attachment":[{"href":"https:\/\/diariodominicano.com\/index.php?rest_route=%2Fwp%2Fv2%2Fmedia&parent=90017"}],"wp:term":[{"taxonomy":"category","embeddable":true,"href":"https:\/\/diariodominicano.com\/index.php?rest_route=%2Fwp%2Fv2%2Fcategories&post=90017"},{"taxonomy":"post_tag","embeddable":true,"href":"https:\/\/diariodominicano.com\/index.php?rest_route=%2Fwp%2Fv2%2Ftags&post=90017"}],"curies":[{"name":"wp","href":"https:\/\/api.w.org\/{rel}","templated":true}]}}