{"id":82222,"date":"2020-11-24T22:19:06","date_gmt":"2020-11-24T22:19:06","guid":{"rendered":"http:\/\/diariodominicano.ddns.net\/?p=82222"},"modified":"2020-11-24T22:19:06","modified_gmt":"2020-11-24T22:19:06","slug":"musica-de-juan-luis-guerra-impulsara-marca-pais","status":"publish","type":"post","link":"https:\/\/diariodominicano.com\/?p=82222","title":{"rendered":"M\u00fasica de Juan Luis Guerra impulsar\u00e1 Marca Pa\u00eds"},"content":{"rendered":"<p><body><\/p>\n<p><img decoding=\"async\" src=\"img3\/PteyJuanluis24-11-20.jpeg\" \/>  <\/p>\n<p><span class=\"text1noticias\"> <\/span><\/p>\n<p><span class=\"text1noticias\">diariodominicano.com<\/span><\/p>\n<p><span class=\"text1noticias\"> <\/span><\/p>\n<p><span class=\"text1noticias\">Santo Domingo, R. D., 24 de de noviembre, 2020.- El presidente Luis Abinader asisti\u00f3 este martes al lanzamiento de una producci\u00f3n exclusiva del destacado artista Juan Luis Guerra, la cual forma parte de la campa\u00f1a Marca Pa\u00eds que tiene como prop\u00f3sito impulsar la imagen de la Rep\u00fablica Dominicana.<\/span><\/p>\n<p><span class=\"text1noticias\"> <\/span><\/p>\n<p><span class=\"text1noticias\">La iniciativa del Gobierno junto al sector privado, busca contribuir con el posicionamiento del pa\u00eds como destino tur\u00edstico, a prop\u00f3sito de la reapertura del sector que se lleva a cabo a trav\u00e9s del Ministerio de Turismo.<\/span><\/p>\n<p><span class=\"text1noticias\"> <\/span><\/p>\n<p><span class=\"text1noticias\">El mandatario, que estuvo acompa\u00f1ado por la primera dama Raquel Arbaje y la vicepresidenta de la Rep\u00fablica, Raquel Pe\u00f1a, valor\u00f3 el aporte de Juan Luis Guerra y el sector privado.<\/span><\/p>\n<p><span class=\"text1noticias\"> <\/span><\/p>\n<p><span class=\"text1noticias\">\u00abHoy que el turismo mundial se ha visto igualmente pateado por la crisis provocada por la pandemia, llenos de orgullo recibimos con los brazos abiertos este invaluable aporte que nos hace uno de los grandes hijos de nuestra Patria, Juan Luis Guerra\u00bb, expres\u00f3.<\/span><\/p>\n<p><span class=\"text1noticias\"> <\/span><\/p>\n<p><span class=\"text1noticias\">Abinader resalt\u00f3 el compromiso del artista con el pueblo dominicano, al tiempo de indicar que con este gesto de colaborar de manera desinteresada se pone a disposici\u00f3n de su pa\u00eds.<\/span><\/p>\n<p><span class=\"text1noticias\"> <\/span><\/p>\n<p><span class=\"text1noticias\">Dijo que \u00abJuan Luis representa lo mejor de nuestra dominicanidad. Ha sido sin duda alguna, uno de los grandes embajadores de todo lo bueno que nuestro pa\u00eds tiene por ofrecer\u00bb.<\/span><\/p>\n<p><span class=\"text1noticias\"> <\/span><\/p>\n<p><span class=\"text1noticias\">El gobernante destac\u00f3 la grandeza de los dominicanos en momentos de crisis, la generosidad y unidad del pueblo.<\/span><\/p>\n<p><span class=\"text1noticias\"> <\/span><\/p>\n<p><span class=\"text1noticias\">\u00abA pesar de que la pandemia parece haber provocado un caos repentino, acciones como las que protagoniza hoy Juan Luis nos invitan a so\u00f1ar en un mejor ma\u00f1ana, que solo ser\u00e1 posible si lo construimos todos juntos\u00bb, signific\u00f3.<\/span><\/p>\n<p><span class=\"text1noticias\"> <\/span><\/p>\n<p><span class=\"text1noticias\">El mandatario agradeci\u00f3 a los representantes del sector privado por sus continuos aportes al pa\u00eds, y por poner en favor del pa\u00eds, no solo recursos econ\u00f3micos, sino tambi\u00e9n su tiempo, sus ideas y su capacidad.<\/span><\/p>\n<p><span class=\"text1noticias\"> <\/span><\/p>\n<p><span class=\"text1noticias\">De su lado, David Collado, ministro de Turismo, expres\u00f3 que \u00abesta iniciativa nos llena de orgullo, no s\u00f3lo porque viene a contribuir con el trabajo que venimos desarrollando para fortalecer la imagen de nuestro pa\u00eds y relanzar la econom\u00eda nacional, sino porque contamos con el apoyo de un artista como Juan Luis Guerra, cuya imagen y trayectoria ponen en alto a Rep\u00fablica Dominicana en todo el mundo\u00bb.<\/span><\/p>\n<p><span class=\"text1noticias\"> <\/span><\/p>\n<p><span class=\"text1noticias\">Ligia Bonetti, coordinadora del sector privado para la Comisi\u00f3n Multisectorial Marca Pa\u00eds, record\u00f3 que uno de los pilares de esta iniciativa es la cultura.<\/span><\/p>\n<p><span class=\"text1noticias\"> <\/span><\/p>\n<p><span class=\"text1noticias\">Signific\u00f3 que \u00abes un compromiso compartir los valores de la Marca Pa\u00eds, y as\u00ed, con sentido de orgullo y de pertenencia, con el cari\u00f1o y la alegr\u00eda que contagian a todos, aqu\u00ed y en todo el mundo, con lo mejor que tiene nuestra Rep\u00fablica Dominicana.\u00bb<\/span><\/p>\n<p><span class=\"text1noticias\"> <\/span><\/p>\n<p><span class=\"text1noticias\">La actividad se realiz\u00f3 en el Hotel Embajador bajo estrictas medidas de distanciamiento social.  Estuvieron presentes Eduardo Estrella, presidente del Senado; Alfredo Pachecho, presidente de la C\u00e1mara de Diputados; el expresidente de la Rep\u00fablica, Hip\u00f3lito Mej\u00eda; Milagros Ort\u00edz Bosch, directora de \u00c9tica e Integridad Gubernamental; Milagros Germ\u00e1n, directora de Comunicaciones de la Presidencia; Frank Rainieri, presidente del Grupo Punta Cana y Paola Rainieri, presidenta de la Asociaci\u00f3n Nacional de Hoteles y Restaurantes<\/span> (ASONAHORES).<\/p>\n<\/p>\n<p>Fuente: Presidencia de la Rep\u00fablica Dominicana<\/p>\n<p>Noticias <\/p>\n<\/p>\n<h6> 2020-11-24 22:19:06 <\/h6>\n<p><!--\n<link rel=\"stylesheet\" href=\"css\/bootstrap.min.css\">\n\n\n<ul class=\"pagination\">\n\t    \n\t\n\n<li >\n\t<a href='?page_no=8'>Previous<\/a>\n\t<\/li>\n\n\n       \n    \n\n<li><a href='?page_no=1'>1<\/a><\/li>\n\n\n\n<li><a href='?page_no=2'>2<\/a><\/li>\n\n\n\n<li><a>...<\/a><\/li>\n\n\n\n<li><a href='?page_no=7'>7<\/a><\/li>\n\n\n\n<li><a href='?page_no=8'>8<\/a><\/li>\n\n\n\n<li class='active'><a>9<\/a><\/li>\n\n\n\n<li><a href='?page_no=10'>10<\/a><\/li>\n\n\n\n<li><a href='?page_no=11'>11<\/a><\/li>\n\n\n\n<li><a>...<\/a><\/li>\n\n\n\n<li><a href='?page_no=22522'>22522<\/a><\/li>\n\n\n\n<li><a href='?page_no=22523'>22523<\/a><\/li>\n\n    \n\t\n\n<li >\n\t<a href='?page_no=10'>Next<\/a>\n\t<\/li>\n\n\n    \n\n<li><a href='?page_no=22523'>Last &rsaquo;&rsaquo;<\/a><\/li>\n\n<\/ul>\n\n\n--><br \/>\n<\/body><\/p>\n","protected":false},"excerpt":{"rendered":"<p>diariodominicano.com Santo Domingo, R. D., 24 de de noviembre, 2020.- El presidente Luis Abinader asisti\u00f3 este martes al lanzamiento de una producci\u00f3n exclusiva del destacado artista Juan Luis Guerra, la cual forma parte de la campa\u00f1a Marca Pa\u00eds que tiene como prop\u00f3sito impulsar la imagen de la Rep\u00fablica Dominicana. La iniciativa del Gobierno junto al [&hellip;]<\/p>\n","protected":false},"author":3,"featured_media":0,"comment_status":"open","ping_status":"open","sticky":false,"template":"","format":"standard","meta":{"footnotes":""},"categories":[25],"tags":[],"class_list":["post-82222","post","type-post","status-publish","format-standard","hentry","category-gente"],"_links":{"self":[{"href":"https:\/\/diariodominicano.com\/index.php?rest_route=\/wp\/v2\/posts\/82222","targetHints":{"allow":["GET"]}}],"collection":[{"href":"https:\/\/diariodominicano.com\/index.php?rest_route=\/wp\/v2\/posts"}],"about":[{"href":"https:\/\/diariodominicano.com\/index.php?rest_route=\/wp\/v2\/types\/post"}],"author":[{"embeddable":true,"href":"https:\/\/diariodominicano.com\/index.php?rest_route=\/wp\/v2\/users\/3"}],"replies":[{"embeddable":true,"href":"https:\/\/diariodominicano.com\/index.php?rest_route=%2Fwp%2Fv2%2Fcomments&post=82222"}],"version-history":[{"count":0,"href":"https:\/\/diariodominicano.com\/index.php?rest_route=\/wp\/v2\/posts\/82222\/revisions"}],"wp:attachment":[{"href":"https:\/\/diariodominicano.com\/index.php?rest_route=%2Fwp%2Fv2%2Fmedia&parent=82222"}],"wp:term":[{"taxonomy":"category","embeddable":true,"href":"https:\/\/diariodominicano.com\/index.php?rest_route=%2Fwp%2Fv2%2Fcategories&post=82222"},{"taxonomy":"post_tag","embeddable":true,"href":"https:\/\/diariodominicano.com\/index.php?rest_route=%2Fwp%2Fv2%2Ftags&post=82222"}],"curies":[{"name":"wp","href":"https:\/\/api.w.org\/{rel}","templated":true}]}}