{"id":81111,"date":"2020-11-25T09:27:47","date_gmt":"2020-11-25T09:27:47","guid":{"rendered":"http:\/\/diariodominicano.ddns.net\/?p=81111"},"modified":"2020-11-25T09:27:47","modified_gmt":"2020-11-25T09:27:47","slug":"turismo-y-sector-privado-lanzan-campana-con-juan-luis-guerra","status":"publish","type":"post","link":"https:\/\/diariodominicano.com\/?p=81111","title":{"rendered":"Turismo y Sector Privado lanzan campa\u00f1a con Juan Luis Guerra"},"content":{"rendered":"<p><body><\/p>\n<p><img decoding=\"async\" src=\"img3\/PteyJuanluis24-11-20.jpg\" \/>  <\/p>\n<p><strong>Diariodominicano.com<\/strong><\/p>\n<p><strong>Turismo y Sector Privado lanzan campa\u00f1a con Juan Luis Guerra<\/strong><\/p>\n<\/p>\n<p><strong>Un regalo del artista para fortalecer la imagen de Marca Pa\u00eds<\/strong><\/p>\n<p><strong>Santo Domingo.<\/strong> El Ministerio de Turismo de la Rep\u00fablica Dominicana-MITUR- lanz\u00f3 una producci\u00f3n exclusiva del destacado artista y compositor dominicano Juan Luis Guerra, realizada junto al sector privado, sin inversi\u00f3n para el gobierno dominicano, con el prop\u00f3sito de fortalecer la imagen de la naci\u00f3n, en el marco de la iniciativa de Marca Pa\u00eds. <\/p>\n<p>El evento, llevado a cabo en el hotel El Embajador, con todas las medidas de salud y seguridad, cont\u00f3 con la participaci\u00f3n del excelent\u00edsimo presidente de la Rep\u00fablica Dominicana, Luis Abinader Corona, la se\u00f1ora vicepresidenta de la Rep\u00fablica, Raquel Pe\u00f1a, el ministro de Turismo y coordinador general de la comisi\u00f3n multisectorial Marca Pa\u00eds, David Collado; la coordinadora por el sector privado para la Comisi\u00f3n Multisectorial, Ligia Bonetti, Juan Vicini, Paola Rainieri, entre otros.<\/p>\n<p>\u00abEsta iniciativa nos llena de orgullo no s\u00f3lo porque viene a contribuir con el trabajo que venimos desarrollando para fortalecer la imagen de nuestro pa\u00eds y relanzar la econom\u00eda nacional, sino tambi\u00e9n porque contamos con el apoyo de un artista como Juan Luis Guerra, cuya imagen y trayectoria pone en alto a RD en todo el mundo\u00bb, sostuvo el ministro de Turismo al dar la bienvenida al encuentro.<\/p>\n<p>En ese sentido, la comisi\u00f3n multisectorial de Marca Pa\u00eds que encabeza el presidente Luis Abinader y el ministro de turismo David Collado, distingui\u00f3 al artista al reconocerlo como embajador honor\u00edfico de la Marca Pa\u00eds Rep\u00fablica Dominicana, por su talento, amor por las artes y, sobre todo, por siempre mostrar la dominicanidad a trav\u00e9s de sus letras y su m\u00fasica. <\/p>\n<p>El presidente valor\u00f3 el aporte de Juan Luis Guerra y el sector privado al pa\u00eds, especialmente porque demuestra que en la Republica Dominicana \u00abdamos la cara como naci\u00f3n, sector p\u00fablico y privado juntos como aliados, cada uno aportando lo que mejor sabe hacer y aquello que le apasiona\u00bb. <\/p>\n<p>\u00abAcciones como las que protagoniza hoy Juan Luis, nos invitan a so\u00f1ar en un mejor ma\u00f1ana, que solo ser\u00e1 posible si lo construimos todos juntos\u00bb. &#8211; enfatiz\u00f3 el primer mandatario.<\/p>\n<p>La coordinadora por el sector privado para la Comisi\u00f3n, Ligia Bonetti, record\u00f3 que uno de los pilares de Marca Pa\u00eds es la cultura, por lo que \u00abes un compromiso compartir los valores de la Marca Pa\u00eds,  con sentido de orgullo y pertenencia, con cari\u00f1o y alegr\u00eda que contagien a todos, aqu\u00ed  y en todo el mundo, de lo mejor que tiene nuestra Republica Dominicana\u00bb. <\/p>\n<\/p>\n<p>MDM &amp; Asociados, S. A.<\/p>\n<p>teledebate@hotmail.com<\/p>\n<\/p>\n<h6> 2020-11-25 09:27:47 <\/h6>\n<p><!--\n<link rel=\"stylesheet\" href=\"css\/bootstrap.min.css\">\n\n\n<ul class=\"pagination\">\n\t    \n\t\n\n<li >\n\t<a href='?page_no=7'>Previous<\/a>\n\t<\/li>\n\n\n       \n    \n\n<li><a href='?page_no=1'>1<\/a><\/li>\n\n\n\n<li><a href='?page_no=2'>2<\/a><\/li>\n\n\n\n<li><a>...<\/a><\/li>\n\n\n\n<li><a href='?page_no=6'>6<\/a><\/li>\n\n\n\n<li><a href='?page_no=7'>7<\/a><\/li>\n\n\n\n<li class='active'><a>8<\/a><\/li>\n\n\n\n<li><a href='?page_no=9'>9<\/a><\/li>\n\n\n\n<li><a href='?page_no=10'>10<\/a><\/li>\n\n\n\n<li><a>...<\/a><\/li>\n\n\n\n<li><a href='?page_no=22522'>22522<\/a><\/li>\n\n\n\n<li><a href='?page_no=22523'>22523<\/a><\/li>\n\n    \n\t\n\n<li >\n\t<a href='?page_no=9'>Next<\/a>\n\t<\/li>\n\n\n    \n\n<li><a href='?page_no=22523'>Last &rsaquo;&rsaquo;<\/a><\/li>\n\n<\/ul>\n\n\n--><br \/>\n<\/body><\/p>\n","protected":false},"excerpt":{"rendered":"<p>Diariodominicano.com Turismo y Sector Privado lanzan campa\u00f1a con Juan Luis Guerra Un regalo del artista para fortalecer la imagen de Marca Pa\u00eds Santo Domingo. El Ministerio de Turismo de la Rep\u00fablica Dominicana-MITUR- lanz\u00f3 una producci\u00f3n exclusiva del destacado artista y compositor dominicano Juan Luis Guerra, realizada junto al sector privado, sin inversi\u00f3n para el gobierno [&hellip;]<\/p>\n","protected":false},"author":3,"featured_media":0,"comment_status":"open","ping_status":"open","sticky":false,"template":"","format":"standard","meta":{"footnotes":""},"categories":[25],"tags":[],"class_list":["post-81111","post","type-post","status-publish","format-standard","hentry","category-gente"],"_links":{"self":[{"href":"https:\/\/diariodominicano.com\/index.php?rest_route=\/wp\/v2\/posts\/81111","targetHints":{"allow":["GET"]}}],"collection":[{"href":"https:\/\/diariodominicano.com\/index.php?rest_route=\/wp\/v2\/posts"}],"about":[{"href":"https:\/\/diariodominicano.com\/index.php?rest_route=\/wp\/v2\/types\/post"}],"author":[{"embeddable":true,"href":"https:\/\/diariodominicano.com\/index.php?rest_route=\/wp\/v2\/users\/3"}],"replies":[{"embeddable":true,"href":"https:\/\/diariodominicano.com\/index.php?rest_route=%2Fwp%2Fv2%2Fcomments&post=81111"}],"version-history":[{"count":0,"href":"https:\/\/diariodominicano.com\/index.php?rest_route=\/wp\/v2\/posts\/81111\/revisions"}],"wp:attachment":[{"href":"https:\/\/diariodominicano.com\/index.php?rest_route=%2Fwp%2Fv2%2Fmedia&parent=81111"}],"wp:term":[{"taxonomy":"category","embeddable":true,"href":"https:\/\/diariodominicano.com\/index.php?rest_route=%2Fwp%2Fv2%2Fcategories&post=81111"},{"taxonomy":"post_tag","embeddable":true,"href":"https:\/\/diariodominicano.com\/index.php?rest_route=%2Fwp%2Fv2%2Ftags&post=81111"}],"curies":[{"name":"wp","href":"https:\/\/api.w.org\/{rel}","templated":true}]}}