{"id":80000,"date":"2020-11-25T17:31:11","date_gmt":"2020-11-25T17:31:11","guid":{"rendered":"http:\/\/diariodominicano.ddns.net\/?p=80000"},"modified":"2020-11-25T17:31:11","modified_gmt":"2020-11-25T17:31:11","slug":"anuncian-11va-version-del-festival-internacional-de-cine-glbtiq-santo-domingo-outfest","status":"publish","type":"post","link":"https:\/\/diariodominicano.com\/?p=80000","title":{"rendered":"Anuncian 11va versi\u00f3n del Festival Internacional de cine GLBTIQ &#8211; Santo Domingo OutFest"},"content":{"rendered":"<p><body><\/p>\n<p><img decoding=\"async\" src=\"img3\/cine25-11-20.jpg\" \/>  <\/p>\n<p><span class=\"text1noticias\">diariodominicano.com<\/span><\/p>\n<p><span class=\"text1noticias\">Santo Domingo. R.D.,25 de noviembre, 2020.- Los organizadores del Festival Internacional de Cine GLBTIQ &#8211; Santo Domingo OutFest, anunciaron la realizaci\u00f3n de la 11va versi\u00f3n de dicho evento, a celebrarse del 9 al 13 de diciembre, con la participaci\u00f3n de 56 producciones y m\u00e1s de 16 pa\u00edses.<\/span><\/p>\n<p><span class=\"text1noticias\"> <\/span><\/p>\n<p><span class=\"text1noticias\">Daniel Ben\u00edtez, director ejecutivo del Santo Domingo OutFest, explic\u00f3 que este a\u00f1o, debido a la pandemia, el festival se realizar\u00e1 de manera virtual. \u00abTodo nuestro querido p\u00fablico podr\u00e1 seguir disfrutando de las producciones GLBTIQ que se realizan a nivel mundial, a pesar de la pandemia, y  podr\u00e1n acceder a las pel\u00edculas, programa y dem\u00e1s, a trav\u00e9s del portal que hemos creado para estos fines: www.sdqoutfest.org. En esta versi\u00f3n presentaremos 40 cortos de ficci\u00f3n, 3 cortos documentales, 7 largos de ficci\u00f3n y 6 largos documentales\u00bb, detall\u00f3 Ben\u00edtez.<\/span><\/p>\n<p><span class=\"text1noticias\"> <\/span><\/p>\n<p><span class=\"text1noticias\">De igual manera, Leonardo S\u00e1nchez, director ejecutivo de Amigos Siempre Amigos (ASA), adelant\u00f3 que entre los pa\u00edses participantes estar\u00e1n Espa\u00f1a, Francia, Alemania, B\u00e9lgica, M\u00e9xico, Brasil, Eslovenia, Argentina y Guatemala. \u00abPor igual, entre las producciones a presenciar tendremos \u00abBajo mi piel morena\u00bb, \u00abLas mil y una\u00bb, \u00abLa generaci\u00f3n silenciosa\u00bb, \u00abEl desconcierto\u00bb, \u00abSamurai\u00bb, \u00abCarm\u00edn sangre\u00bb y \u00abUna doble vida\u00bb, inform\u00f3 S\u00e1nchez.<\/span><\/p>\n<p><span class=\"text1noticias\"> <\/span><\/p>\n<p><span class=\"text1noticias\">S\u00e1nchez tambi\u00e9n explic\u00f3, que la intenci\u00f3n del Santo Domingo OutFest  es \u00abprovocar la reflexi\u00f3n sobre la realidad asociada a la diversidad sexual en nuestro pa\u00eds, a partir de la proyecci\u00f3n de producciones cinematogr\u00e1ficas de tem\u00e1ticas asociadas a la promoci\u00f3n de los derechos humanos de los grupos representativos de la diversidad sexual, y la realizaci\u00f3n de otras actividades vinculadas con el arte y la cultura, con miras a provocar cambios en las actitudes de personas que asisten al festival y de forma colateral en la sociedad\u00bb.<\/span><\/p>\n<p><span class=\"text1noticias\"> <\/span><\/p>\n<p><span class=\"text1noticias\">Este a\u00f1o la tan esperada celebraci\u00f3n tendr\u00e1 como auspiciadores al Servicio Jud\u00edo Americano Mundial, Programa Conjunto de las Naciones Unidas sobre el VIH\/SIDA (ONUSIDA), Agencia de los Estados Unidos para el Desarrollo Internacional (USAID), el Programa de las Naciones Unidas para el Desarrollo (PNUD), el Centro Cultural de Espa\u00f1a en Santo Domingo y el Restaurante Lincoln Road.<\/span><\/p>\n<p><span class=\"text1noticias\"> <\/span><\/p>\n<p><span class=\"text1noticias\">En sus diez versiones anteriores, este festival ha logrado posicionarse como una actividad art\u00edstica\/ cultural de prestigio en el mundo de la cinematograf\u00eda dominicana y de otras artes. Veintid\u00f3s mil personas han disfrutado, de las ciento setenta proyecciones cinematogr\u00e1ficas realizadas en Santo Domingo y otras ciudades del pa\u00eds, quinientas pel\u00edculas proyectadas y m\u00e1s de setenta  actividades de educaci\u00f3n, para la creaci\u00f3n de audiencia y en apoyo a la capacitaci\u00f3n de actores y t\u00e9cnicos vinculados al mundo del cine, posicionan al Santo Domingo OutFest, como una actividad de importancia en el mundo cultural de la Rep\u00fablica Dominicana.<\/span><\/p>\n<\/p>\n<p>Fuente:  <span class=\"text1noticias\">Tyrone Dotel<\/span><\/p>\n<h6> 2020-11-25 17:31:11 <\/h6>\n<p><!--\n<link rel=\"stylesheet\" href=\"css\/bootstrap.min.css\">\n\n\n<ul class=\"pagination\">\n\t    \n\t\n\n<li >\n\t<a href='?page_no=6'>Previous<\/a>\n\t<\/li>\n\n\n       \n    \n\n<li><a href='?page_no=1'>1<\/a><\/li>\n\n\n\n<li><a href='?page_no=2'>2<\/a><\/li>\n\n\n\n<li><a>...<\/a><\/li>\n\n\n\n<li><a href='?page_no=5'>5<\/a><\/li>\n\n\n\n<li><a href='?page_no=6'>6<\/a><\/li>\n\n\n\n<li class='active'><a>7<\/a><\/li>\n\n\n\n<li><a href='?page_no=8'>8<\/a><\/li>\n\n\n\n<li><a href='?page_no=9'>9<\/a><\/li>\n\n\n\n<li><a>...<\/a><\/li>\n\n\n\n<li><a href='?page_no=22522'>22522<\/a><\/li>\n\n\n\n<li><a href='?page_no=22523'>22523<\/a><\/li>\n\n    \n\t\n\n<li >\n\t<a href='?page_no=8'>Next<\/a>\n\t<\/li>\n\n\n    \n\n<li><a href='?page_no=22523'>Last &rsaquo;&rsaquo;<\/a><\/li>\n\n<\/ul>\n\n\n--><br \/>\n<\/body><\/p>\n","protected":false},"excerpt":{"rendered":"<p>diariodominicano.com Santo Domingo. R.D.,25 de noviembre, 2020.- Los organizadores del Festival Internacional de Cine GLBTIQ &#8211; Santo Domingo OutFest, anunciaron la realizaci\u00f3n de la 11va versi\u00f3n de dicho evento, a celebrarse del 9 al 13 de diciembre, con la participaci\u00f3n de 56 producciones y m\u00e1s de 16 pa\u00edses. Daniel Ben\u00edtez, director ejecutivo del Santo Domingo [&hellip;]<\/p>\n","protected":false},"author":3,"featured_media":0,"comment_status":"open","ping_status":"open","sticky":false,"template":"","format":"standard","meta":{"footnotes":""},"categories":[25],"tags":[],"class_list":["post-80000","post","type-post","status-publish","format-standard","hentry","category-gente"],"_links":{"self":[{"href":"https:\/\/diariodominicano.com\/index.php?rest_route=\/wp\/v2\/posts\/80000","targetHints":{"allow":["GET"]}}],"collection":[{"href":"https:\/\/diariodominicano.com\/index.php?rest_route=\/wp\/v2\/posts"}],"about":[{"href":"https:\/\/diariodominicano.com\/index.php?rest_route=\/wp\/v2\/types\/post"}],"author":[{"embeddable":true,"href":"https:\/\/diariodominicano.com\/index.php?rest_route=\/wp\/v2\/users\/3"}],"replies":[{"embeddable":true,"href":"https:\/\/diariodominicano.com\/index.php?rest_route=%2Fwp%2Fv2%2Fcomments&post=80000"}],"version-history":[{"count":0,"href":"https:\/\/diariodominicano.com\/index.php?rest_route=\/wp\/v2\/posts\/80000\/revisions"}],"wp:attachment":[{"href":"https:\/\/diariodominicano.com\/index.php?rest_route=%2Fwp%2Fv2%2Fmedia&parent=80000"}],"wp:term":[{"taxonomy":"category","embeddable":true,"href":"https:\/\/diariodominicano.com\/index.php?rest_route=%2Fwp%2Fv2%2Fcategories&post=80000"},{"taxonomy":"post_tag","embeddable":true,"href":"https:\/\/diariodominicano.com\/index.php?rest_route=%2Fwp%2Fv2%2Ftags&post=80000"}],"curies":[{"name":"wp","href":"https:\/\/api.w.org\/{rel}","templated":true}]}}