{"id":78889,"date":"2020-11-26T12:14:43","date_gmt":"2020-11-26T12:14:43","guid":{"rendered":"http:\/\/diariodominicano.ddns.net\/?p=78889"},"modified":"2020-11-26T12:14:43","modified_gmt":"2020-11-26T12:14:43","slug":"como-vivir-thanksgiving-o-el-dia-de-accion-de-gracias-en-clave-catolica","status":"publish","type":"post","link":"https:\/\/diariodominicano.com\/?p=78889","title":{"rendered":"\u00bfC\u00f3mo vivir Thanksgiving o el D\u00eda de Acci\u00f3n de Gracias en clave cat\u00f3lica?"},"content":{"rendered":"<p><body><\/p>\n<p><img decoding=\"async\" src=\"img3\/AccionGracias_2611-20.jpg\" \/>  <\/p>\n<p><span class=\"text1noticias\">diariodominicano.com<\/span><\/p>\n<\/p>\n<p><span class=\"text1noticias\">Redacci\u00f3n ACI Prensa<\/span><\/p>\n<p><span class=\"text1noticias\"> Vaticano, 26 de noviembre de 2020.- Hoy en Estados Unidos se celebra Thanksgiving o el D\u00eda de Acci\u00f3n de Gracias, que recuerda la primera cena de agradecimiento en 1621 de un grupo de peregrinos y nativos, en la que se dio gracias a Dios por la abundancia de cosechas en el nuevo mundo. El Arzobispo de Los \u00c1ngeles (Estados Unidos), Mons. Jos\u00e9 Gomez, explic\u00f3 por qu\u00e9 esta fiesta es profundamente cat\u00f3lica.<\/span><\/p>\n<p><span class=\"text1noticias\"> <\/span><\/p>\n<p><span class=\"text1noticias\">En 2008, cuando era a\u00fan Arzobispo de San Antonio (Texas), Mons. Gomez public\u00f3 en el diario Today?s Catholic un art\u00edculo en el que explicaba el sentido cat\u00f3lico del D\u00eda de Acci\u00f3n de Gracias, \u00abun d\u00eda especial, donde ante todo se celebra la unidad familiar. En efecto, las familias se re\u00fanen en Thanksgiving con m\u00e1s frecuencia que en cualquier otra fiesta, incluyendo la Navidad\u00bb.<\/span><\/p>\n<p><span class=\"text1noticias\"> <\/span><\/p>\n<p><span class=\"text1noticias\">El Prelado relat\u00f3 que \u00abantes de la ?primera? celebraci\u00f3n de Thanksgiving en 1621 en suelo norteamericano, el 30 de abril de 1598, en Texas, Don Juan de O\u00f1ate ya hab\u00eda declarado oficialmente un ?D\u00eda de Acci\u00f3n de Gracias?, que fue conmemorado con el santosacrificio de la Misa\u00bb.<\/span><\/p>\n<p><span class=\"text1noticias\"> <\/span><\/p>\n<p><span class=\"text1noticias\">O\u00f1ate, cont\u00f3 el Arzobispo, \u00abhizo lo m\u00e1s propiamente cat\u00f3lico: celebrar la Eucarist\u00eda, una palabra que viene del t\u00e9rmino griega Eukaristein, y que significa, precisamente ?acci\u00f3n de gracias?\u00bb.<\/span><\/p>\n<p><span class=\"text1noticias\"> <\/span><\/p>\n<p><span class=\"text1noticias\">\u00abEsta es la raz\u00f3n por la cual, pese a que Thanksgiving no es una fiesta de guardar en el calendario cat\u00f3lico, el calendario lit\u00fargico de la Iglesia en los Estados Unidos lo celebra con la solemnidad de dos lecturas ?una del Antiguo y otra del Nuevo Testamento? y con una emblem\u00e1tica lectura del Evangelio de Lucas: el pasaje del ?Magnificat?\u00bb de Mar\u00eda.<\/span><\/p>\n<p><span class=\"text1noticias\"> <\/span><\/p>\n<p><span class=\"text1noticias\">Mons. Gomez resalt\u00f3 que \u00abaunque la Virgen Mar\u00eda lo vivi\u00f3 de manera \u00fanica y privilegiada, todos (&#8230;) podemos elevar nuestra acci\u00f3n de gracias a Dios porque nos ha dado m\u00e1s de lo que imaginamos o merecemos, simplemente porque, como nos dice nuestra Santa Madre, \u00c9l ha hecho obras grandes por nosotros, y su nombre es santo\u00bb.<\/span><\/p>\n<p><span class=\"text1noticias\"> <\/span><\/p>\n<p><span class=\"text1noticias\"> <\/span><\/p>\n<p><span class=\"text1noticias\">\u00abPor eso, los cat\u00f3licos no s\u00f3lo debemos celebrar el D\u00eda de Acci\u00f3n de Gracias con profundo esp\u00edritu de oraci\u00f3n, agradecimiento y alegr\u00eda, sino que la celebraci\u00f3n de este d\u00eda nos debe llevar a recordar que nuestra vida como cat\u00f3licos es una constante acci\u00f3n de gracias. A trav\u00e9s de nuestros actos de la vida cotidiana, que deben todos ellos dar gloria a Dios, y de manera especial a trav\u00e9s de la celebraci\u00f3n de la Eucarist\u00eda\u00bb.<\/span><\/p>\n<p><span class=\"text1noticias\"> <\/span><\/p>\n<p><span class=\"text1noticias\">En 2016, en un comunicado publicado por Mons. Gomez, Vicepresidente de la Conferencia de Obispos Cat\u00f3licos de Estados Unidos (USCCB), y el presidente de la instituci\u00f3n, Cardenal Daniel DiNardo, recordaron que \u00aben muchas parroquias Acci\u00f3n de Graciases tambi\u00e9n un d\u00eda de servicio con voluntarios que preparan una cena por los menos afortunados\u00bb.<\/span><\/p>\n<p><span class=\"text1noticias\"> <\/span><\/p>\n<p><span class=\"text1noticias\">\u00abTambi\u00e9n recordemos de manera especial a los ancianos y a los necesitados, as\u00ed como por cualquiera que se vea obligado a pasar este d\u00eda solo\u00bb, a<\/span>gregaron.<\/p>\n<h6> 2020-11-26 12:14:43 <\/h6>\n<p><!--\n<link rel=\"stylesheet\" href=\"css\/bootstrap.min.css\">\n\n\n<ul class=\"pagination\">\n\t    \n\t\n\n<li >\n\t<a href='?page_no=5'>Previous<\/a>\n\t<\/li>\n\n\n       \n    \n\n<li><a href='?page_no=1'>1<\/a><\/li>\n\n\n\n<li><a href='?page_no=2'>2<\/a><\/li>\n\n\n\n<li><a>...<\/a><\/li>\n\n\n\n<li><a href='?page_no=4'>4<\/a><\/li>\n\n\n\n<li><a href='?page_no=5'>5<\/a><\/li>\n\n\n\n<li class='active'><a>6<\/a><\/li>\n\n\n\n<li><a href='?page_no=7'>7<\/a><\/li>\n\n\n\n<li><a href='?page_no=8'>8<\/a><\/li>\n\n\n\n<li><a>...<\/a><\/li>\n\n\n\n<li><a href='?page_no=22522'>22522<\/a><\/li>\n\n\n\n<li><a href='?page_no=22523'>22523<\/a><\/li>\n\n    \n\t\n\n<li >\n\t<a href='?page_no=7'>Next<\/a>\n\t<\/li>\n\n\n    \n\n<li><a href='?page_no=22523'>Last &rsaquo;&rsaquo;<\/a><\/li>\n\n<\/ul>\n\n\n--><br \/>\n<\/body><\/p>\n","protected":false},"excerpt":{"rendered":"<p>diariodominicano.com Redacci\u00f3n ACI Prensa Vaticano, 26 de noviembre de 2020.- Hoy en Estados Unidos se celebra Thanksgiving o el D\u00eda de Acci\u00f3n de Gracias, que recuerda la primera cena de agradecimiento en 1621 de un grupo de peregrinos y nativos, en la que se dio gracias a Dios por la abundancia de cosechas en el [&hellip;]<\/p>\n","protected":false},"author":3,"featured_media":0,"comment_status":"open","ping_status":"open","sticky":false,"template":"","format":"standard","meta":{"footnotes":""},"categories":[25],"tags":[],"class_list":["post-78889","post","type-post","status-publish","format-standard","hentry","category-gente"],"_links":{"self":[{"href":"https:\/\/diariodominicano.com\/index.php?rest_route=\/wp\/v2\/posts\/78889","targetHints":{"allow":["GET"]}}],"collection":[{"href":"https:\/\/diariodominicano.com\/index.php?rest_route=\/wp\/v2\/posts"}],"about":[{"href":"https:\/\/diariodominicano.com\/index.php?rest_route=\/wp\/v2\/types\/post"}],"author":[{"embeddable":true,"href":"https:\/\/diariodominicano.com\/index.php?rest_route=\/wp\/v2\/users\/3"}],"replies":[{"embeddable":true,"href":"https:\/\/diariodominicano.com\/index.php?rest_route=%2Fwp%2Fv2%2Fcomments&post=78889"}],"version-history":[{"count":0,"href":"https:\/\/diariodominicano.com\/index.php?rest_route=\/wp\/v2\/posts\/78889\/revisions"}],"wp:attachment":[{"href":"https:\/\/diariodominicano.com\/index.php?rest_route=%2Fwp%2Fv2%2Fmedia&parent=78889"}],"wp:term":[{"taxonomy":"category","embeddable":true,"href":"https:\/\/diariodominicano.com\/index.php?rest_route=%2Fwp%2Fv2%2Fcategories&post=78889"},{"taxonomy":"post_tag","embeddable":true,"href":"https:\/\/diariodominicano.com\/index.php?rest_route=%2Fwp%2Fv2%2Ftags&post=78889"}],"curies":[{"name":"wp","href":"https:\/\/api.w.org\/{rel}","templated":true}]}}