{"id":77778,"date":"2020-11-26T14:18:01","date_gmt":"2020-11-26T14:18:01","guid":{"rendered":"http:\/\/diariodominicano.ddns.net\/?p=77778"},"modified":"2020-11-26T14:18:01","modified_gmt":"2020-11-26T14:18:01","slug":"participacion-ciudadana-reconocera-al-abogado-mario-arturo-fernandez","status":"publish","type":"post","link":"https:\/\/diariodominicano.com\/?p=77778","title":{"rendered":"Participaci\u00f3n Ciudadana reconocer\u00e1 al abogado Mario Arturo Fern\u00e1ndez"},"content":{"rendered":"<p><body><\/p>\n<p><img decoding=\"async\" src=\"img3\/Mario Arturo Fernandez.jpg\" \/>  <\/p>\n<p><strong>Diariodominicano.com<\/strong><\/p>\n<p><strong>Participaci\u00f3n Ciudadana reconocer\u00e1 al abogado Mario Arturo Fern\u00e1ndez<\/strong><\/p>\n<p><strong>El acto de reconocimiento ser\u00e1 realizado el mi\u00e9rcoles 9 de diciembre de 2020, a las 4:30 pm en el Centro de Convenciones y Cultura Dominicana (UTESA), Santiago.<\/strong><\/p>\n<p><strong>Santo Domingo, Rep\u00fablica Dominicana.<\/strong> El movimiento c\u00edvico y cap\u00edtulo dominicano de Transparencia Internacional, Participaci\u00f3n Ciudadana, anunci\u00f3 que entregar\u00e1 el Reconocimiento a la Integridad y la Lucha contra la Corrupci\u00f3n 2020 al destacado abogado Mario Arturo Fern\u00e1ndez por reunir los requisitos establecidos en las bases de esta iniciativa, la cual tiene como objetivo estimular a las personas que dedican esfuerzos extraordinarios a luchar por la transparencia en la gesti\u00f3n p\u00fablica, la correcta administraci\u00f3n de los recursos p\u00fablicos y el combate a las diferentes manifestaciones de corrupci\u00f3n.<\/p>\n<p>El Consejo Nacional del movimiento c\u00edvico, destac\u00f3 que Mario Fern\u00e1ndez es un ciudadano ejemplar identificado con las causas que promueven los valores solidarios, quien cuenta, adem\u00e1s con una s\u00f3lida trayectoria en proyectos de promoci\u00f3n comunitaria y de inclusi\u00f3n social.  \u00abDesde el a\u00f1o 2012, se le ha reconocido por estar estrechamente ligado a la lucha social desde diferentes entidades en las que participa activamente para defender su pasi\u00f3n por los principios y valores \u00e9ticos-morales de nuestra sociedad, de manera espec\u00edfica contra la reforma fiscal, la corrupci\u00f3n y la impunidad\u00bb, se\u00f1ala el Consejo Nacional, a trav\u00e9s de comunicado de prensa. <\/p>\n<p>El destacado abogado ser\u00e1 la und\u00e9cima persona en recibir este reconocimiento, el cual  fue creado por Participaci\u00f3n Ciudadana con motivo al D\u00eda Internacional Contra la Corrupci\u00f3n establecido por la Asamblea General de la Organizaci\u00f3n de las Naciones Unidas (ONU), a fin de educar mediante el ejemplo, presentando a la sociedad modelos positivos de conductas a ser emuladas, y resaltar las virtudes ciudadanas que predicaron los fundadores y h\u00e9roes de la Rep\u00fablica y que promueve Participaci\u00f3n Ciudadana.<\/p>\n<p>En sus antiguas ediciones le ha sido otorgado al ex procurador Germ\u00e1n Miranda Villalona, el ingeniero Roque Napole\u00f3n Mu\u00f1oz, los periodistas Nuria Piera, Luis Eduardo-Huchi- Lora Iglesias, Alicia Ortega, Fausto Rosario, Juan Bol\u00edvar D\u00edaz, la jueza Miriam Germ\u00e1n, la comunicadora Altagracia Salazar y la Dra. Milagros Ortiz Bosh. <\/p>\n<p>El acto de Reconocimiento a la Integridad y Lucha contra la Corrupci\u00f3n 2020, ser\u00e1 realizado el mi\u00e9rcoles 09 de diciembre, a las 4:30 de la tarde, en el Centro de Convenciones y Cultura Dominicana (UTESA), Santiago.<\/p>\n<\/p>\n<p><strong>Consejo Nacional<\/strong><\/p>\n<p><strong>26 de noviembre de 2020<\/strong><\/p>\n<\/p>\n<h6> 2020-11-26 14:18:01 <\/h6>\n<p><!--\n<link rel=\"stylesheet\" href=\"css\/bootstrap.min.css\">\n\n\n<ul class=\"pagination\">\n\t    \n\t\n\n<li >\n\t<a href='?page_no=4'>Previous<\/a>\n\t<\/li>\n\n\n       \n    \n\n<li><a href='?page_no=1'>1<\/a><\/li>\n\n\n\n<li><a href='?page_no=2'>2<\/a><\/li>\n\n\n\n<li><a>...<\/a><\/li>\n\n\n\n<li><a href='?page_no=3'>3<\/a><\/li>\n\n\n\n<li><a href='?page_no=4'>4<\/a><\/li>\n\n\n\n<li class='active'><a>5<\/a><\/li>\n\n\n\n<li><a href='?page_no=6'>6<\/a><\/li>\n\n\n\n<li><a href='?page_no=7'>7<\/a><\/li>\n\n\n\n<li><a>...<\/a><\/li>\n\n\n\n<li><a href='?page_no=22522'>22522<\/a><\/li>\n\n\n\n<li><a href='?page_no=22523'>22523<\/a><\/li>\n\n    \n\t\n\n<li >\n\t<a href='?page_no=6'>Next<\/a>\n\t<\/li>\n\n\n    \n\n<li><a href='?page_no=22523'>Last &rsaquo;&rsaquo;<\/a><\/li>\n\n<\/ul>\n\n\n--><br \/>\n<\/body><\/p>\n","protected":false},"excerpt":{"rendered":"<p>Diariodominicano.com Participaci\u00f3n Ciudadana reconocer\u00e1 al abogado Mario Arturo Fern\u00e1ndez El acto de reconocimiento ser\u00e1 realizado el mi\u00e9rcoles 9 de diciembre de 2020, a las 4:30 pm en el Centro de Convenciones y Cultura Dominicana (UTESA), Santiago. Santo Domingo, Rep\u00fablica Dominicana. El movimiento c\u00edvico y cap\u00edtulo dominicano de Transparencia Internacional, Participaci\u00f3n Ciudadana, anunci\u00f3 que entregar\u00e1 el [&hellip;]<\/p>\n","protected":false},"author":3,"featured_media":0,"comment_status":"open","ping_status":"open","sticky":false,"template":"","format":"standard","meta":{"footnotes":""},"categories":[25],"tags":[],"class_list":["post-77778","post","type-post","status-publish","format-standard","hentry","category-gente"],"_links":{"self":[{"href":"https:\/\/diariodominicano.com\/index.php?rest_route=\/wp\/v2\/posts\/77778","targetHints":{"allow":["GET"]}}],"collection":[{"href":"https:\/\/diariodominicano.com\/index.php?rest_route=\/wp\/v2\/posts"}],"about":[{"href":"https:\/\/diariodominicano.com\/index.php?rest_route=\/wp\/v2\/types\/post"}],"author":[{"embeddable":true,"href":"https:\/\/diariodominicano.com\/index.php?rest_route=\/wp\/v2\/users\/3"}],"replies":[{"embeddable":true,"href":"https:\/\/diariodominicano.com\/index.php?rest_route=%2Fwp%2Fv2%2Fcomments&post=77778"}],"version-history":[{"count":0,"href":"https:\/\/diariodominicano.com\/index.php?rest_route=\/wp\/v2\/posts\/77778\/revisions"}],"wp:attachment":[{"href":"https:\/\/diariodominicano.com\/index.php?rest_route=%2Fwp%2Fv2%2Fmedia&parent=77778"}],"wp:term":[{"taxonomy":"category","embeddable":true,"href":"https:\/\/diariodominicano.com\/index.php?rest_route=%2Fwp%2Fv2%2Fcategories&post=77778"},{"taxonomy":"post_tag","embeddable":true,"href":"https:\/\/diariodominicano.com\/index.php?rest_route=%2Fwp%2Fv2%2Ftags&post=77778"}],"curies":[{"name":"wp","href":"https:\/\/api.w.org\/{rel}","templated":true}]}}