{"id":76667,"date":"2020-11-27T16:19:19","date_gmt":"2020-11-27T16:19:19","guid":{"rendered":"http:\/\/diariodominicano.ddns.net\/?p=76667"},"modified":"2020-11-27T16:19:19","modified_gmt":"2020-11-27T16:19:19","slug":"juez-ordena-alejamiento-reciproco-entre-clemente-baez-done-y-su-expareja","status":"publish","type":"post","link":"https:\/\/diariodominicano.com\/?p=76667","title":{"rendered":"Juez ordena alejamiento rec\u00edproco entre Clemente B\u00e1ez Do\u00f1\u00e9 y su expareja"},"content":{"rendered":"<p><body><\/p>\n<p><img decoding=\"async\" src=\"img3\/Julioclemente27-11-20.jpg\" \/>  <\/p>\n<p><span class=\"text1noticias\"> <\/span><\/p>\n<p><span class=\"text1noticias\"> diariodominicano.com<\/span><\/p>\n<\/p>\n<p><span class=\"text1noticias\">Santo Domingo, R. D., 27 de noviembre, 2020.- El juez Jos\u00e9 Alejandro Vargas, de la Oficina Judicial de Servicios de Atenci\u00f3n Permanente, dictamin\u00f3 hoy que Clemente B\u00e1ez Do\u00f1\u00e9 (Julio Clemente), imputado de violencia de g\u00e9nero, acuda de manera peri\u00f3dica al Centro de Intervenci\u00f3n Conductual para Hombres de la Fiscal\u00eda del Distrito Nacional para recibir terapias del manejo de la ira.<\/span><\/p>\n<p><span class=\"text1noticias\"> <\/span><\/p>\n<p><span class=\"text1noticias\">Vargas tambi\u00e9n emiti\u00f3 orden de protecci\u00f3n para las dos partes envueltas en el conflicto, en el entendido de que en esta relaci\u00f3n existe violencia cruzada.<\/span><\/p>\n<p><span class=\"text1noticias\"> <\/span><\/p>\n<p><span class=\"text1noticias\">La Fiscal\u00eda del Distrito Nacional hab\u00eda solicitado prisi\u00f3n preventiva, como medida de coerci\u00f3n contra B\u00e1ez Do\u00f1\u00e9. Aunque lo dej\u00f3 en libertad, el juez encontr\u00f3 indicios de violencia en el proceso que lo llevaron a aplicar las citadas medidas.<\/span><\/p>\n<p><span class=\"text1noticias\"> <\/span><\/p>\n<p><span class=\"text1noticias\">El Ministerio P\u00fablico plantea que tiene pruebas sobre la amenaza de muerte que recibi\u00f3 la expareja del comunicador el pasado lunes 23 de noviembre. La v\u00edctima se querell\u00f3 ante la Unidad de Violencia de G\u00e9nero contra B\u00e1ez Do\u00f1\u00e9, luego de conversar con un amigo a quien llam\u00f3 asustada por la v\u00eda telef\u00f3nica.<\/span><\/p>\n<p><span class=\"text1noticias\"> <\/span><\/p>\n<p><span class=\"text1noticias\">El expediente explica que, desde el pasado mes de julio, la Fiscal\u00eda del Distrito Nacional estaba apoderada de una denuncia interpuesta por B\u00e1ez Do\u00f1\u00e9, quien acus\u00f3 a su expareja de presentarse a su lugar de trabajo.<\/span><\/p>\n<p><span class=\"text1noticias\"> <\/span><\/p>\n<p><span class=\"text1noticias\">Dijo que, una vez all\u00ed, la mujer procedi\u00f3 a rayarle el veh\u00edculo y a ponchar los dos neum\u00e1ticos del lado derecho. En ese momento el ahora imputado aport\u00f3 un video que result\u00f3 insuficiente para evidenciar que la se\u00f1ora cometi\u00f3 el hecho.<\/span><\/p>\n<p><span class=\"text1noticias\"> <\/span><\/p>\n<p><span class=\"text1noticias\">Por el momento, el Ministerio P\u00fablico le ha otorgado al presente hecho la calificaci\u00f3n jur\u00eddica de violaci\u00f3n a los art\u00edculos 309-1, 309-2, 309 literal E, del C\u00f3digo Penal Dominicano, modificado por la Ley 24-97 sobre Violencia de G\u00e9nero, y la Ley 53-07 sobre Delitos Electr\u00f3nicos.<\/span><\/p>\n<p><span class=\"text1noticias\"> <\/span><\/p>\n<p><span class=\"text1noticias\">La Fiscal\u00eda del Distrito aporta, entre las pruebas que sustentan la solicitud de medida de coerci\u00f3n, testimonios de familiares y amigos de la mujer, as\u00ed como los informes de riesgo y emocionales expedidos por dos psic\u00f3logas del Instituto Nacional de Ciencias Forenses (Inacif).<\/span><\/p>\n<p><span class=\"text1noticias\"> <\/span><\/p>\n<p><span class=\"text1noticias\">La v\u00edctima denunci\u00f3 otros abusos que tambi\u00e9n est\u00e1n bajo investigaci\u00f3n. <\/span><\/p>\n<p><span class=\"text1noticias\"> <\/span><\/p>\n<p><span class=\"text1noticias\">Fuente: Procuraduria Prensa <\/span><\/p>\n<p><span class=\"text1noticias\">Direcci\u00f3n de Comunicaci\u00f3n, Prensa y RRPP <\/span><\/p>\n<p><span class=\"text1noticias\">Procuradur\u00eda General-Ministerio P\u00fablico RD <\/span><\/p>\n<p><span class=\"text1noticias\">Viernes, 27 de noviembre de 2020 <\/span><\/p>\n<p><span class=\"text1noticias\">Direcci\u00f3n General de Comunicaci\u00f3n, Prensa y Relaciones P\u00fablicas<\/span><\/p>\n<p><span class=\"text1noticias\">Procuradur\u00eda General de la Rep\u00fablica Dominicana<\/span><\/p>\n<h6> 2020-11-27 16:19:19 <\/h6>\n<p><!--\n<link rel=\"stylesheet\" href=\"css\/bootstrap.min.css\">\n\n\n<ul class=\"pagination\">\n\t    \n\t\n\n<li >\n\t<a href='?page_no=3'>Previous<\/a>\n\t<\/li>\n\n\n       \n    \n\n<li><a href='?page_no=1'>1<\/a><\/li>\n\n\n\n<li><a href='?page_no=2'>2<\/a><\/li>\n\n\n\n<li><a href='?page_no=3'>3<\/a><\/li>\n\n\n\n<li class='active'><a>4<\/a><\/li>\n\n\n\n<li><a href='?page_no=5'>5<\/a><\/li>\n\n\n\n<li><a href='?page_no=6'>6<\/a><\/li>\n\n\n\n<li><a href='?page_no=7'>7<\/a><\/li>\n\n\n\n<li><a>...<\/a><\/li>\n\n\n\n<li><a href='?page_no=22522'>22522<\/a><\/li>\n\n\n\n<li><a href='?page_no=22523'>22523<\/a><\/li>\n\n    \n\t\n\n<li >\n\t<a href='?page_no=5'>Next<\/a>\n\t<\/li>\n\n\n    \n\n<li><a href='?page_no=22523'>Last &rsaquo;&rsaquo;<\/a><\/li>\n\n<\/ul>\n\n\n--><br \/>\n<\/body><\/p>\n","protected":false},"excerpt":{"rendered":"<p>diariodominicano.com Santo Domingo, R. D., 27 de noviembre, 2020.- El juez Jos\u00e9 Alejandro Vargas, de la Oficina Judicial de Servicios de Atenci\u00f3n Permanente, dictamin\u00f3 hoy que Clemente B\u00e1ez Do\u00f1\u00e9 (Julio Clemente), imputado de violencia de g\u00e9nero, acuda de manera peri\u00f3dica al Centro de Intervenci\u00f3n Conductual para Hombres de la Fiscal\u00eda del Distrito Nacional para recibir [&hellip;]<\/p>\n","protected":false},"author":3,"featured_media":0,"comment_status":"open","ping_status":"open","sticky":false,"template":"","format":"standard","meta":{"footnotes":""},"categories":[25],"tags":[],"class_list":["post-76667","post","type-post","status-publish","format-standard","hentry","category-gente"],"_links":{"self":[{"href":"https:\/\/diariodominicano.com\/index.php?rest_route=\/wp\/v2\/posts\/76667","targetHints":{"allow":["GET"]}}],"collection":[{"href":"https:\/\/diariodominicano.com\/index.php?rest_route=\/wp\/v2\/posts"}],"about":[{"href":"https:\/\/diariodominicano.com\/index.php?rest_route=\/wp\/v2\/types\/post"}],"author":[{"embeddable":true,"href":"https:\/\/diariodominicano.com\/index.php?rest_route=\/wp\/v2\/users\/3"}],"replies":[{"embeddable":true,"href":"https:\/\/diariodominicano.com\/index.php?rest_route=%2Fwp%2Fv2%2Fcomments&post=76667"}],"version-history":[{"count":0,"href":"https:\/\/diariodominicano.com\/index.php?rest_route=\/wp\/v2\/posts\/76667\/revisions"}],"wp:attachment":[{"href":"https:\/\/diariodominicano.com\/index.php?rest_route=%2Fwp%2Fv2%2Fmedia&parent=76667"}],"wp:term":[{"taxonomy":"category","embeddable":true,"href":"https:\/\/diariodominicano.com\/index.php?rest_route=%2Fwp%2Fv2%2Fcategories&post=76667"},{"taxonomy":"post_tag","embeddable":true,"href":"https:\/\/diariodominicano.com\/index.php?rest_route=%2Fwp%2Fv2%2Ftags&post=76667"}],"curies":[{"name":"wp","href":"https:\/\/api.w.org\/{rel}","templated":true}]}}