{"id":74112,"date":"2020-11-19T12:16:03","date_gmt":"2020-11-19T12:16:03","guid":{"rendered":"http:\/\/diariodominicano.ddns.net\/?p=74112"},"modified":"2020-11-19T12:16:03","modified_gmt":"2020-11-19T12:16:03","slug":"elenco-que-estaba-en-la-receta-medica-se-va-para-la-emisora-rumba-98-5","status":"publish","type":"post","link":"https:\/\/diariodominicano.com\/?p=74112","title":{"rendered":"Elenco que estaba en La Receta M\u00e9dica se va para la emisora Rumba 98.5"},"content":{"rendered":"<p><body><\/p>\n<p><img decoding=\"async\" src=\"img3\/Guerrero Heredia19-11-20.jpg\" \/>  <\/p>\n<p><span class=\"text1noticias\">diariodominicano.com                                                                                       <\/span><\/p>\n<p><span class=\"text1noticias\"> <\/span><\/p>\n<p><span class=\"text1noticias\">Santo Domingo, R. D., 19 de noviembre, 2020.- El grupo completo de m\u00e9dicos comunicadores que conformaba el espacio La Receta M\u00e9dica de la Z pas\u00f3 a formar del nuevo programa radial El Recetario del Dr. Guerrero Heredia, que se transmite por la emisora Rumba 98.5.<\/span><\/p>\n<p><span class=\"text1noticias\"> <\/span><\/p>\n<p><span class=\"text1noticias\">El Recetario del Dr. Guerrero Heredia est\u00e1 por el psiquiatra H\u00e9ctor Guerrero Heredia y lo integran tambi\u00e9n el cirujano onc\u00f3logo Jos\u00e9 Ram\u00edrez, el podiatra y senador Iv\u00e1n Silva, el neurocirujano Amaury Garc\u00eda y el ginec\u00f3logo Mario Lama, en licencia por sus funciones de director del Servicio Nacional de Salud.<\/span><\/p>\n<p><span class=\"text1noticias\"> <\/span><\/p>\n<p><span class=\"text1noticias\">Igualmente, la cardi\u00f3loga Lidia Soto, el gastroenter\u00f3logo Sidney Espinosa y el psic\u00f3logo Eladio Hern\u00e1ndez, as\u00ed como el periodista Pedro Angel, especializado en informaci\u00f3n en salud y director del portal www.resumendesalud.net<\/span><\/p>\n<p><span class=\"text1noticias\"> <\/span><\/p>\n<p><span class=\"text1noticias\">El programa se transmite en horario de 10:30 de la ma\u00f1ana a 12:00 del mediod\u00eda, de lunes a viernes, por la estaci\u00f3n Rumba 98.5FM y para el Cibao por 101.1FM<\/span><\/p>\n<p><span class=\"text1noticias\"> <\/span><\/p>\n<p><span class=\"text1noticias\">\u00abAnalizamos las principales enfermedades que sufre la poblaci\u00f3n\u00bb, precis\u00f3 el psiquiatra y especialista en f\u00e1rmacos que afectan el sistema nervioso y las neuronas, graduado en la prestigiosa Universidad de Yale, de Estados Unidos.<\/span><\/p>\n<p><span class=\"text1noticias\"> <\/span><\/p>\n<p><span class=\"text1noticias\">Explic\u00f3 que el programa es parte de una oferta variada de la emisora Rumba que incluye El Rumbo de la Ma\u00f1ana, de Ricardo Nieves y Domingo P\u00e1ez;  y Al Mediod\u00eda con Mariotti y Compa\u00f1\u00eda, producido por Charlie Mariotti.<\/span><\/p>\n<p><span class=\"text1noticias\"> <\/span><\/p>\n<p><span class=\"text1noticias\">Sostuvo que quienes lo acompa\u00f1an son m\u00e9dicos-comunicadores posicionados como los principales l\u00edderes de opini\u00f3n en salud y bienestar, que estar\u00e1n disponibles todos los d\u00edas para llamadas del p\u00fablico y las orientaciones de salud.<\/span><\/p>\n<p><span class=\"text1noticias\"> <\/span><\/p>\n<p><span class=\"text1noticias\">Las redes sociales son Recetariodrguerreroheredia para Facebook e Instagram y @recetariodr en Twitter<\/span><\/p>\n<p><span class=\"text1noticias\"> <\/span><\/p>\n<p><span class=\"text1noticias\">El doctor Guerrero Heredia dirige GH Neurociencias H\u00e9ctor Guerrero Heredia, centro de atenci\u00f3n en salud mental con servicio especializado de psiquiatras, psiquiatras-geriatras, terapistas familiares, de pareja, de sustancias y cognitivos-conductuales; farmac\u00f3logos, especialistas en alimentaci\u00f3n, intervenci\u00f3n en crisis y trabajadores sociales.<\/span><\/p>\n<p><span class=\"text1noticias\"> <\/span><\/p>\n<p><span class=\"text1noticias\">Fuente: <\/span>Pedro Angel<\/p>\n<h6> 2020-11-19 12:16:03 <\/h6>\n<p><!--\n<link rel=\"stylesheet\" href=\"css\/bootstrap.min.css\">\n\n\n<ul class=\"pagination\">\n\t    \n\t\n\n<li >\n\t<a href='?page_no=16'>Previous<\/a>\n\t<\/li>\n\n\n       \n    \n\n<li><a href='?page_no=1'>1<\/a><\/li>\n\n\n\n<li><a href='?page_no=2'>2<\/a><\/li>\n\n\n\n<li><a>...<\/a><\/li>\n\n\n\n<li><a href='?page_no=15'>15<\/a><\/li>\n\n\n\n<li><a href='?page_no=16'>16<\/a><\/li>\n\n\n\n<li class='active'><a>17<\/a><\/li>\n\n\n\n<li><a href='?page_no=18'>18<\/a><\/li>\n\n\n\n<li><a href='?page_no=19'>19<\/a><\/li>\n\n\n\n<li><a>...<\/a><\/li>\n\n\n\n<li><a href='?page_no=22522'>22522<\/a><\/li>\n\n\n\n<li><a href='?page_no=22523'>22523<\/a><\/li>\n\n    \n\t\n\n<li >\n\t<a href='?page_no=18'>Next<\/a>\n\t<\/li>\n\n\n    \n\n<li><a href='?page_no=22523'>Last &rsaquo;&rsaquo;<\/a><\/li>\n\n<\/ul>\n\n\n--><br \/>\n<\/body><\/p>\n","protected":false},"excerpt":{"rendered":"<p>diariodominicano.com Santo Domingo, R. D., 19 de noviembre, 2020.- El grupo completo de m\u00e9dicos comunicadores que conformaba el espacio La Receta M\u00e9dica de la Z pas\u00f3 a formar del nuevo programa radial El Recetario del Dr. Guerrero Heredia, que se transmite por la emisora Rumba 98.5. El Recetario del Dr. Guerrero Heredia est\u00e1 por el [&hellip;]<\/p>\n","protected":false},"author":3,"featured_media":0,"comment_status":"open","ping_status":"open","sticky":false,"template":"","format":"standard","meta":{"footnotes":""},"categories":[25],"tags":[],"class_list":["post-74112","post","type-post","status-publish","format-standard","hentry","category-gente"],"_links":{"self":[{"href":"https:\/\/diariodominicano.com\/index.php?rest_route=\/wp\/v2\/posts\/74112","targetHints":{"allow":["GET"]}}],"collection":[{"href":"https:\/\/diariodominicano.com\/index.php?rest_route=\/wp\/v2\/posts"}],"about":[{"href":"https:\/\/diariodominicano.com\/index.php?rest_route=\/wp\/v2\/types\/post"}],"author":[{"embeddable":true,"href":"https:\/\/diariodominicano.com\/index.php?rest_route=\/wp\/v2\/users\/3"}],"replies":[{"embeddable":true,"href":"https:\/\/diariodominicano.com\/index.php?rest_route=%2Fwp%2Fv2%2Fcomments&post=74112"}],"version-history":[{"count":0,"href":"https:\/\/diariodominicano.com\/index.php?rest_route=\/wp\/v2\/posts\/74112\/revisions"}],"wp:attachment":[{"href":"https:\/\/diariodominicano.com\/index.php?rest_route=%2Fwp%2Fv2%2Fmedia&parent=74112"}],"wp:term":[{"taxonomy":"category","embeddable":true,"href":"https:\/\/diariodominicano.com\/index.php?rest_route=%2Fwp%2Fv2%2Fcategories&post=74112"},{"taxonomy":"post_tag","embeddable":true,"href":"https:\/\/diariodominicano.com\/index.php?rest_route=%2Fwp%2Fv2%2Ftags&post=74112"}],"curies":[{"name":"wp","href":"https:\/\/api.w.org\/{rel}","templated":true}]}}