{"id":74001,"date":"2020-11-19T23:40:57","date_gmt":"2020-11-19T23:40:57","guid":{"rendered":"http:\/\/diariodominicano.ddns.net\/?p=74001"},"modified":"2020-11-19T23:40:57","modified_gmt":"2020-11-19T23:40:57","slug":"decenas-de-reservistas-de-la-policia-nacional-y-sus-familiares-directos-recibieron-atenciones-de-especialistas-y-medicamentos","status":"publish","type":"post","link":"https:\/\/diariodominicano.com\/?p=74001","title":{"rendered":"Decenas de reservistas de la Polic\u00eda Nacional y sus familiares directos recibieron atenciones de especialistas y medicamentos"},"content":{"rendered":"<p><body><\/p>\n<p><img decoding=\"async\" src=\"img3\/IMG-20201118-WA0054.jpg\" \/><br \/><img decoding=\"async\" src=\"img3\/IMG-20201118-WA0058.jpg\" \/><br \/><img decoding=\"async\" src=\"img3\/IMG-20201118-WA0063.jpg\" \/>  <\/p>\n<p><strong>Diariodominicano.com<\/strong><\/p>\n<p><strong>Decenas de reservistas de la Polic\u00eda Nacional y sus familiares directos recibieron atenciones de experimentados especialistas y medicamentos, durante un amplio operativo m\u00e9dico realizado con el objetivo de dar seguimientos a las condiciones de salud del personal en condici\u00f3n de servicio pasivo.  <\/strong><\/p>\n<p>A trav\u00e9s de esta labor social, desplegada a trav\u00e9s de la Direcci\u00f3n de la Reserva de la Polic\u00eda Nacional, bajo la direcci\u00f3n del general (r) Mariano Mad\u00e9 Ram\u00edrez, se procura fortalecer la asistencia y monitoreo a la salud de los reservistas policiales. <\/p>\n<p>Los servicios m\u00e9dicos fueron ofrecidos en un \u00e1rea habilitada en la Plaza de la Seguridad Social de la Polic\u00eda (antigua Radio Patrulla), cumpliendo las medidas sanitarias por motivo del Covid-19. <\/p>\n<p>En el operativo m\u00e9dico a cada uno de los reservistas atendidos se le cre\u00f3 un perfil para darle seguimiento por distintas v\u00edas a los problemas detectados en las evaluaciones. <\/p>\n<p>\u00abEstamos realizando este operativo m\u00e9dico, que es el primero de muchos que ser\u00e1n realizados en todo el pa\u00eds, para identificar las situaciones de salud de nuestros pensionados y sus familiares, para darle seguimiento en sus problem\u00e1ticas y el tratamiento adecuado en cada caso\u00bb, afirm\u00f3 el general (r) Mad\u00e9 Ram\u00edrez, director de la Reserva de la Polic\u00eda. <\/p>\n<p>Adelant\u00f3 que acciones similares ser\u00e1n replicadas en distintos puntos del pa\u00eds, en especial en las zonas m\u00e1s vulnerables.  <\/p>\n<p>Mad\u00e9 Ram\u00edrez destac\u00f3 que operativo m\u00e9dico, que tiene como lema: \u00abtrabajando por el bienestar de los pensionados policiales\u00bb, cada una de las personas consultadas recibi\u00f3 los medicamentos de manera gratuita.  <\/p>\n<p>El director de la Reserva Policial destac\u00f3 que operativo m\u00e9dico permiti\u00f3 que los reservistas policiales y sus familiares directos recibir\u00e1n atenciones de calidad de parte de profesionales m\u00e9dicos en diferentes especialidades.  <\/p>\n<p>Mad\u00e9 Ram\u00edrez reiter\u00f3 el agradecimiento al director general de la Polic\u00eda Nacional, mayor general Edward S\u00e1nchez Gonz\u00e1lez, por el respaldo brindado para que el operativo  m\u00e9dico fuera celebrado con \u00e9xito en beneficio de los pensionados.  <\/p>\n<p>\u00abDe manera especial quiero agradecer al presidente de Farmacias GBC, se\u00f1or Reymo Rodr\u00edguez y todo su equipo por las atenciones prestadas a nuestros reservistas y sus familiares\u00bb, dijo el general (r), Mad\u00e9 Ram\u00edrez. <\/p>\n<p>Extendi\u00f3 las gracias al coronel Frank F\u00e9lix Mena, director del Hospital General de la Polic\u00eda Nacional y a todo el personal de ese centro de salud.  <\/p>\n<p>Valor\u00f3 tambi\u00e9n el trabajo que desempe\u00f1ado por el equipo de colaboradores para el montaje del operativo m\u00e9dico. Resalt\u00f3 la labor de la coronel (r), Carm\u00e9n Guaba.  Agradeci\u00f3, adem\u00e1s, al coronel (r) Doctor Ciriaco Oviedo, <\/p>\n<p>Director Departamento m\u00e9dico de la Reserva; general (r) \u00c1ngel N. Mateo Venezuela, <\/p>\n<p>Subdirector Administrativo de la Reserva; general (r) Rafael Castro Ure\u00f1a,<\/p>\n<p>Subdirector de La Reserva y el general (r) Andr\u00e9s F\u00e9lix Fern\u00e1ndez, Inspector de la<\/p>\n<p>Reserva.  Tambi\u00e9n a los doctores coroneles (r) medico Rafael Rojas Lara y Henry Polanco. <\/p>\n<\/p>\n<p>Diego Roberto Pesqueira<\/p>\n<p>diegopesqueirard@gmail.com<\/p>\n<\/p>\n<h6> 2020-11-19 23:40:57 <\/h6>\n<p><!--\n<link rel=\"stylesheet\" href=\"css\/bootstrap.min.css\">\n\n\n<ul class=\"pagination\">\n\t    \n\t\n\n<li >\n\t<a href='?page_no=15'>Previous<\/a>\n\t<\/li>\n\n\n       \n    \n\n<li><a href='?page_no=1'>1<\/a><\/li>\n\n\n\n<li><a href='?page_no=2'>2<\/a><\/li>\n\n\n\n<li><a>...<\/a><\/li>\n\n\n\n<li><a href='?page_no=14'>14<\/a><\/li>\n\n\n\n<li><a href='?page_no=15'>15<\/a><\/li>\n\n\n\n<li class='active'><a>16<\/a><\/li>\n\n\n\n<li><a href='?page_no=17'>17<\/a><\/li>\n\n\n\n<li><a href='?page_no=18'>18<\/a><\/li>\n\n\n\n<li><a>...<\/a><\/li>\n\n\n\n<li><a href='?page_no=22522'>22522<\/a><\/li>\n\n\n\n<li><a href='?page_no=22523'>22523<\/a><\/li>\n\n    \n\t\n\n<li >\n\t<a href='?page_no=17'>Next<\/a>\n\t<\/li>\n\n\n    \n\n<li><a href='?page_no=22523'>Last &rsaquo;&rsaquo;<\/a><\/li>\n\n<\/ul>\n\n\n--><br \/>\n<\/body><\/p>\n","protected":false},"excerpt":{"rendered":"<p>Diariodominicano.com Decenas de reservistas de la Polic\u00eda Nacional y sus familiares directos recibieron atenciones de experimentados especialistas y medicamentos, durante un amplio operativo m\u00e9dico realizado con el objetivo de dar seguimientos a las condiciones de salud del personal en condici\u00f3n de servicio pasivo. A trav\u00e9s de esta labor social, desplegada a trav\u00e9s de la Direcci\u00f3n [&hellip;]<\/p>\n","protected":false},"author":3,"featured_media":0,"comment_status":"open","ping_status":"open","sticky":false,"template":"","format":"standard","meta":{"footnotes":""},"categories":[25],"tags":[],"class_list":["post-74001","post","type-post","status-publish","format-standard","hentry","category-gente"],"_links":{"self":[{"href":"https:\/\/diariodominicano.com\/index.php?rest_route=\/wp\/v2\/posts\/74001","targetHints":{"allow":["GET"]}}],"collection":[{"href":"https:\/\/diariodominicano.com\/index.php?rest_route=\/wp\/v2\/posts"}],"about":[{"href":"https:\/\/diariodominicano.com\/index.php?rest_route=\/wp\/v2\/types\/post"}],"author":[{"embeddable":true,"href":"https:\/\/diariodominicano.com\/index.php?rest_route=\/wp\/v2\/users\/3"}],"replies":[{"embeddable":true,"href":"https:\/\/diariodominicano.com\/index.php?rest_route=%2Fwp%2Fv2%2Fcomments&post=74001"}],"version-history":[{"count":0,"href":"https:\/\/diariodominicano.com\/index.php?rest_route=\/wp\/v2\/posts\/74001\/revisions"}],"wp:attachment":[{"href":"https:\/\/diariodominicano.com\/index.php?rest_route=%2Fwp%2Fv2%2Fmedia&parent=74001"}],"wp:term":[{"taxonomy":"category","embeddable":true,"href":"https:\/\/diariodominicano.com\/index.php?rest_route=%2Fwp%2Fv2%2Fcategories&post=74001"},{"taxonomy":"post_tag","embeddable":true,"href":"https:\/\/diariodominicano.com\/index.php?rest_route=%2Fwp%2Fv2%2Ftags&post=74001"}],"curies":[{"name":"wp","href":"https:\/\/api.w.org\/{rel}","templated":true}]}}