{"id":73779,"date":"2020-11-20T01:40:07","date_gmt":"2020-11-20T01:40:07","guid":{"rendered":"http:\/\/diariodominicano.ddns.net\/?p=73779"},"modified":"2020-11-20T01:40:07","modified_gmt":"2020-11-20T01:40:07","slug":"embajada-de-israel-y-policia-nacional-realizan-entrenamiento-con-las-unidades-elites-del-pais","status":"publish","type":"post","link":"https:\/\/diariodominicano.com\/?p=73779","title":{"rendered":"Embajada de Israel y Polic\u00eda Nacional realizan Entrenamiento con las Unidades \u00c9lites del pa\u00eds"},"content":{"rendered":"<p><body><\/p>\n<p><img decoding=\"async\" src=\"img3\/IMG-20201118-WA0122.jpg\" \/><br \/><img decoding=\"async\" src=\"img3\/IMG_0350 (1).JPG\" \/><br \/><img decoding=\"async\" src=\"img3\/IMG_0300.JPG\" \/>  <\/p>\n<p><strong>Diariodominicano.com<\/strong><\/p>\n<p><strong>Embajada de Israel y Polic\u00eda Nacional realizan Entrenamiento con las Unidades \u00c9lites del pa\u00eds. <\/strong><\/p>\n<p><strong>Taller Avanzado en T\u00e1cticas de Seguridad en varias disciplinas:<\/strong><\/p>\n<p><strong>Disparo, T\u00e1cticas de Emergencia, Protecci\u00f3n VIP, y Arte Macial Isaeli-Krav Maga.<\/strong><\/p>\n<p><strong>Santo Domingo, RD.- <\/strong>La Embajada de Israel en cooperaci\u00f3n con la Polic\u00eda Nacional y la unidad de Contraterrorismo del Ministerio de Defensa, como parte de la agenda educativa de entrenamiento que desarrolla esta jefatura, capacit\u00f3 a un grupo de agentes de las tres unidades elites del pa\u00eds: Protecci\u00f3n a Dignataria, Cuerpo Especializado de Seguridad Presidencial y Contraterrorismo, con el Seminario Taller Avanzado en Disparo, T\u00e1cticas de Emergencia, Protecci\u00f3n VIP, y Arte Marcial Israeli- Krav Maga.<\/p>\n<\/p>\n<p>Esta capacitaci\u00f3n fue impartida por el especialista en seguridad Israel\u00ed Ido Levi, quien pertenece a una de las mejores escuelas de seguridad de Israel y el mundo. Y fue enviado por el ministerio de relacione exteriores de Israel a\u00fan en tiempos de civid_19, para impartir este entrenamiento. <\/p>\n<\/p>\n<p>Adem\u00e1s, este taller cont\u00f3 con el apoyo t\u00e9cnico y operativo del jefe y subjefe de  seguridad  de la Embajada de Israel, y se efectu\u00f3 en las instalaciones de la academia para Cadetes<\/p>\n<\/p>\n<p> \u00ab2 de Marzo\u00bb, en Hatillo, San Crist\u00f3bal, en el que participaron m\u00e1s de 100 oficiales Superiores y Subalternos de las unidades elites. <\/p>\n<\/p>\n<p>Con el objetivo de elevar su capacidad de respuesta ante cualquier eventualidad en sus \u00e1reas de responsabilidad, en pro del beneficio de la poblaci\u00f3n dominicana, aprendiendo sobre amenazas globales que pueden afectar al pa\u00eds, identificaci\u00f3n y manejo de amenazas, t\u00e9cnicas para su trabajo diario, t\u00e9cnicas especiales en disparo, arte marcial israel\u00ed (Krav Maga), entre otros temas pr\u00e1cticos y te\u00f3ricos. <\/p>\n<\/p>\n<\/p>\n<p>Este entrenamiento se realiz\u00f3 con la colaboraci\u00f3n del embajador de Israel Daniel Biran Bayor con el  Director General de la Polic\u00eda Nacional &#8211; Mayor General Edward S\u00e1nchez y el Director del Departamento de Protecci\u00f3n a Dignataria P. N. Coronel Kevin Marte,<\/p>\n<\/p>\n<p>Como parte de cooperaci\u00f3n que la Embajada de Israel   ofrece a la Jefatura Policial para seguir estrechando lazos de amistad y cooperaci\u00f3n. <\/p>\n<\/p>\n<p> Israel en RepublicaDominicana<\/p>\n<p>israelembajada@gmail.com<\/p>\n<\/p>\n<\/p>\n<h6> 2020-11-20 01:40:07 <\/h6>\n<p><!--\n<link rel=\"stylesheet\" href=\"css\/bootstrap.min.css\">\n\n\n<ul class=\"pagination\">\n\t    \n\t\n\n<li >\n\t<a href='?page_no=13'>Previous<\/a>\n\t<\/li>\n\n\n       \n    \n\n<li><a href='?page_no=1'>1<\/a><\/li>\n\n\n\n<li><a href='?page_no=2'>2<\/a><\/li>\n\n\n\n<li><a>...<\/a><\/li>\n\n\n\n<li><a href='?page_no=12'>12<\/a><\/li>\n\n\n\n<li><a href='?page_no=13'>13<\/a><\/li>\n\n\n\n<li class='active'><a>14<\/a><\/li>\n\n\n\n<li><a href='?page_no=15'>15<\/a><\/li>\n\n\n\n<li><a href='?page_no=16'>16<\/a><\/li>\n\n\n\n<li><a>...<\/a><\/li>\n\n\n\n<li><a href='?page_no=22522'>22522<\/a><\/li>\n\n\n\n<li><a href='?page_no=22523'>22523<\/a><\/li>\n\n    \n\t\n\n<li >\n\t<a href='?page_no=15'>Next<\/a>\n\t<\/li>\n\n\n    \n\n<li><a href='?page_no=22523'>Last &rsaquo;&rsaquo;<\/a><\/li>\n\n<\/ul>\n\n\n--><br \/>\n<\/body><\/p>\n","protected":false},"excerpt":{"rendered":"<p>Diariodominicano.com Embajada de Israel y Polic\u00eda Nacional realizan Entrenamiento con las Unidades \u00c9lites del pa\u00eds. Taller Avanzado en T\u00e1cticas de Seguridad en varias disciplinas: Disparo, T\u00e1cticas de Emergencia, Protecci\u00f3n VIP, y Arte Macial Isaeli-Krav Maga. Santo Domingo, RD.- La Embajada de Israel en cooperaci\u00f3n con la Polic\u00eda Nacional y la unidad de Contraterrorismo del Ministerio [&hellip;]<\/p>\n","protected":false},"author":3,"featured_media":0,"comment_status":"open","ping_status":"open","sticky":false,"template":"","format":"standard","meta":{"footnotes":""},"categories":[25],"tags":[],"class_list":["post-73779","post","type-post","status-publish","format-standard","hentry","category-gente"],"_links":{"self":[{"href":"https:\/\/diariodominicano.com\/index.php?rest_route=\/wp\/v2\/posts\/73779","targetHints":{"allow":["GET"]}}],"collection":[{"href":"https:\/\/diariodominicano.com\/index.php?rest_route=\/wp\/v2\/posts"}],"about":[{"href":"https:\/\/diariodominicano.com\/index.php?rest_route=\/wp\/v2\/types\/post"}],"author":[{"embeddable":true,"href":"https:\/\/diariodominicano.com\/index.php?rest_route=\/wp\/v2\/users\/3"}],"replies":[{"embeddable":true,"href":"https:\/\/diariodominicano.com\/index.php?rest_route=%2Fwp%2Fv2%2Fcomments&post=73779"}],"version-history":[{"count":0,"href":"https:\/\/diariodominicano.com\/index.php?rest_route=\/wp\/v2\/posts\/73779\/revisions"}],"wp:attachment":[{"href":"https:\/\/diariodominicano.com\/index.php?rest_route=%2Fwp%2Fv2%2Fmedia&parent=73779"}],"wp:term":[{"taxonomy":"category","embeddable":true,"href":"https:\/\/diariodominicano.com\/index.php?rest_route=%2Fwp%2Fv2%2Fcategories&post=73779"},{"taxonomy":"post_tag","embeddable":true,"href":"https:\/\/diariodominicano.com\/index.php?rest_route=%2Fwp%2Fv2%2Ftags&post=73779"}],"curies":[{"name":"wp","href":"https:\/\/api.w.org\/{rel}","templated":true}]}}