{"id":73556,"date":"2020-11-22T22:56:59","date_gmt":"2020-11-22T22:56:59","guid":{"rendered":"http:\/\/diariodominicano.ddns.net\/?p=73556"},"modified":"2020-11-22T22:56:59","modified_gmt":"2020-11-22T22:56:59","slug":"rectora-uasd-lamenta-fallecimiento-destacado-deportista-y-profesor-alvaro-vargas-lembert","status":"publish","type":"post","link":"https:\/\/diariodominicano.com\/?p=73556","title":{"rendered":"Rectora UASD lamenta fallecimiento destacado deportista y profesor \u00c1lvaro Vargas  Lembert"},"content":{"rendered":"<p><body><\/p>\n<p><img decoding=\"async\" src=\"img3\/RECTORA.jpg\" \/><br \/><img decoding=\"async\" src=\"img3\/PROFESOR ALVARO LEMBERT.jpg\" \/>  <\/p>\n<p><strong>Diariodominicano.com<\/strong><\/p>\n<p><strong> <\/strong><\/p>\n<p><strong> La Rectora de la UASD, Doctora Emma Polanco Melo expres\u00f3 el pesar que siente la comunidad uasdiana con el deceso de Vargas Lembert, quien ven\u00eda padeciendo crisis en su salud debido algunas dolencias que le aquejaban.<\/strong><\/p>\n<p><strong>Rectora UASD lamenta fallecimiento destacado deportista y profesor \u00c1lvaro Vargas  Lembert<\/strong><\/p>\n<p><strong> <\/strong><\/p>\n<p><strong>Santo Domingo, RD, 22 de noviembre de 2020.- <\/strong>La rectora de la Universidad Aut\u00f3noma de Santo Domingo (UASD), doctora Emma Polanco Melo, lament\u00f3 la muerte este s\u00e1bado del destacado deportista y profesor de educaci\u00f3n f\u00edsica y deportes, \u00c1lvaro Vargas Lembert.<\/p>\n<p><strong>Profesor \u00c1lvaro Vargas Lembert<\/strong><\/p>\n<p>La m\u00e1xima ejecutiva de la UASD expres\u00f3 el pesar que siente toda la comunidad uasdiana con el deceso de Vargas Lembert, quien ven\u00eda padeciendo crisis en su salud debido algunas dolencias que le aquejaban.<\/p>\n<\/p>\n<p>\u00abEn nombre de las autoridades, docentes y servidores administrativos de nuestra universidad Primada de Am\u00e9rica doy las m\u00e1s sentidas condolencias a los familiares, a la comunidad universitaria y al deporte nacional por el fallecimiento del profesor \u00c1lvaro Vargas Lembert, quien nos deja una estela de dolor con su partida\u00bb.<\/p>\n<\/p>\n<p>El profesor Vargas Lembert, casado con Alejandra Rojas, fue un destacado deportista nacido en la ciudad sure\u00f1a de Barahona, y dedic\u00f3 pr\u00e1cticamente toda su vida al deporte, principalmente al Atletismo, y a la ense\u00f1anza de esa disciplina en la Escuela de Educaci\u00f3n F\u00edsica y Deportes en la UASD y en diversas agrupaciones club\u00edsticas del pa\u00eds en sus \u00e1reas de deportes.   <\/p>\n<\/p>\n<p>Al momento de su fallecimiento, el catedr\u00e1tico universitario era el gerente general  de la Cooperativa de Servicios M\u00faltiples de Profesores Universitarios de la UASD (COOPROUNI).<\/p>\n<\/p>\n<\/p>\n<p>&#8212;<\/p>\n<h6> 2020-11-22 22:56:59 <\/h6>\n<p><!--\n<link rel=\"stylesheet\" href=\"css\/bootstrap.min.css\">\n\n\n<ul class=\"pagination\">\n\t    \n\t\n\n<li >\n\t<a href='?page_no=11'>Previous<\/a>\n\t<\/li>\n\n\n       \n    \n\n<li><a href='?page_no=1'>1<\/a><\/li>\n\n\n\n<li><a href='?page_no=2'>2<\/a><\/li>\n\n\n\n<li><a>...<\/a><\/li>\n\n\n\n<li><a href='?page_no=10'>10<\/a><\/li>\n\n\n\n<li><a href='?page_no=11'>11<\/a><\/li>\n\n\n\n<li class='active'><a>12<\/a><\/li>\n\n\n\n<li><a href='?page_no=13'>13<\/a><\/li>\n\n\n\n<li><a href='?page_no=14'>14<\/a><\/li>\n\n\n\n<li><a>...<\/a><\/li>\n\n\n\n<li><a href='?page_no=22522'>22522<\/a><\/li>\n\n\n\n<li><a href='?page_no=22523'>22523<\/a><\/li>\n\n    \n\t\n\n<li >\n\t<a href='?page_no=13'>Next<\/a>\n\t<\/li>\n\n\n    \n\n<li><a href='?page_no=22523'>Last &rsaquo;&rsaquo;<\/a><\/li>\n\n<\/ul>\n\n\n--><br \/>\n<\/body><\/p>\n","protected":false},"excerpt":{"rendered":"<p>Diariodominicano.com La Rectora de la UASD, Doctora Emma Polanco Melo expres\u00f3 el pesar que siente la comunidad uasdiana con el deceso de Vargas Lembert, quien ven\u00eda padeciendo crisis en su salud debido algunas dolencias que le aquejaban. Rectora UASD lamenta fallecimiento destacado deportista y profesor \u00c1lvaro Vargas Lembert Santo Domingo, RD, 22 de noviembre de [&hellip;]<\/p>\n","protected":false},"author":3,"featured_media":0,"comment_status":"open","ping_status":"open","sticky":false,"template":"","format":"standard","meta":{"footnotes":""},"categories":[25],"tags":[],"class_list":["post-73556","post","type-post","status-publish","format-standard","hentry","category-gente"],"_links":{"self":[{"href":"https:\/\/diariodominicano.com\/index.php?rest_route=\/wp\/v2\/posts\/73556","targetHints":{"allow":["GET"]}}],"collection":[{"href":"https:\/\/diariodominicano.com\/index.php?rest_route=\/wp\/v2\/posts"}],"about":[{"href":"https:\/\/diariodominicano.com\/index.php?rest_route=\/wp\/v2\/types\/post"}],"author":[{"embeddable":true,"href":"https:\/\/diariodominicano.com\/index.php?rest_route=\/wp\/v2\/users\/3"}],"replies":[{"embeddable":true,"href":"https:\/\/diariodominicano.com\/index.php?rest_route=%2Fwp%2Fv2%2Fcomments&post=73556"}],"version-history":[{"count":0,"href":"https:\/\/diariodominicano.com\/index.php?rest_route=\/wp\/v2\/posts\/73556\/revisions"}],"wp:attachment":[{"href":"https:\/\/diariodominicano.com\/index.php?rest_route=%2Fwp%2Fv2%2Fmedia&parent=73556"}],"wp:term":[{"taxonomy":"category","embeddable":true,"href":"https:\/\/diariodominicano.com\/index.php?rest_route=%2Fwp%2Fv2%2Fcategories&post=73556"},{"taxonomy":"post_tag","embeddable":true,"href":"https:\/\/diariodominicano.com\/index.php?rest_route=%2Fwp%2Fv2%2Ftags&post=73556"}],"curies":[{"name":"wp","href":"https:\/\/api.w.org\/{rel}","templated":true}]}}