{"id":71334,"date":"2020-11-24T13:36:04","date_gmt":"2020-11-24T13:36:04","guid":{"rendered":"http:\/\/diariodominicano.ddns.net\/?p=71334"},"modified":"2020-11-24T13:36:04","modified_gmt":"2020-11-24T13:36:04","slug":"jose-antonio-rodriguez-llevara-su-vida-a-la-pantalla-con-pelicula-documental","status":"publish","type":"post","link":"https:\/\/diariodominicano.com\/?p=71334","title":{"rendered":"&#13;Jos\u00e9 Antonio Rodr\u00edguez llevar\u00e1 su vida a la pantalla con pel\u00edcula documental"},"content":{"rendered":"<p><body><\/p>\n<p><img decoding=\"async\" src=\"img3\/jose-antonio24-11-20.jpg\" \/>  <\/p>\n<p><span class=\"text1noticias\">diariodominicano.com<\/span><\/p>\n<p><span class=\"text1noticias\"> <\/span><\/p>\n<p><span class=\"text1noticias\">Santo Domingo, R. D., 24 de noviembre, 2020.- El cantautor y exembajador Jos\u00e9 Antonio Rodr\u00edguez anunci\u00f3 la realizaci\u00f3n de una pel\u00edcula biogr\u00e1fica sobre su vida, la cual estar\u00e1 basada en un amplio repertorio musical bajo su composici\u00f3n, para \u00e9l y para otros artistas. <\/span><\/p>\n<p><span class=\"text1noticias\"> <\/span><\/p>\n<p><span class=\"text1noticias\">Rodr\u00edguez revel\u00f3 durante una entrevista en el programa dParranda Radio Show, el cual se transmite para todo el pa\u00eds por Dominicana FM (98.9 FM y 99.9 FM), que el audiovisual contar\u00e1 con la producci\u00f3n y direcci\u00f3n de sus hijos Jan \u00abBabeto\u00bb Rodr\u00edguez, Jos\u00e9 Antonio Rodr\u00edguez R. (Nono) en colaboraci\u00f3n con Jean Guerra. <\/span><\/p>\n<p><span class=\"text1noticias\"> <\/span><\/p>\n<p><span class=\"text1noticias\">\u00abDentro de nuestros pr\u00f3ximos proyectos como artista est\u00e1 la realizaci\u00f3n de un documental de mi vida que tiene como excusa mis canciones\u00bb, explic\u00f3 el exembajador dominicano ante la Organizaci\u00f3n de las Naciones Unidas para la Educaci\u00f3n, la Ciencia y la Cultura (UNESCO). <\/span><\/p>\n<p><span class=\"text1noticias\"> <\/span><\/p>\n<p><span class=\"text1noticias\">Jos\u00e9 Antonio agreg\u00f3 que sus hijos fueron sus motivadores para emprender con ese proyecto. <\/span><\/p>\n<p><span class=\"text1noticias\"> <\/span><\/p>\n<p><span class=\"text1noticias\">En el conversatorio con los periodistas H\u00e9ctor Romero, Wendy Mora, Mois\u00e9s Balbuena, Pachico Tejada, Noel Ventura, Yohanna Hilario y Cristian Santana, el autor del tema \u00abPara Quererte\u00bb explic\u00f3 que durante los \u00faltimos ocho a\u00f1os, mientras asumi\u00f3 como funcionario p\u00fablico, no hizo muchas cosas como artista, pero aun as\u00ed no dejo de crear, muestra de eso es que en el a\u00f1o 2017 present\u00f3 el \u00e1lbum \u00abUna M\u00e1s\u00bb, y dijo que hay otras canciones guardadas para este pr\u00f3ximo 2021. <\/span><\/p>\n<p><span class=\"text1noticias\"> <\/span><\/p>\n<p><span class=\"text1noticias\">Valoraci\u00f3n actual Ministerio de Cultura <\/span><\/p>\n<p><span class=\"text1noticias\"> <\/span><\/p>\n<p><span class=\"text1noticias\">Al ser cuestionado sobre su valoraci\u00f3n de las decisiones en materia de cultura del actual gobierno que preside Luis Abinader, el ex Ministro de Cultura expres\u00f3 en dParranda Radio Show que el primer acierto fue la designaci\u00f3n de Carmen Heredia como la incumbente del Ministerio, ya que es una mujer de la cultura, las artes, con experiencia de administraci\u00f3n y gesti\u00f3n en esas \u00e1reas. <\/span><\/p>\n<p><span class=\"text1noticias\"> <\/span><\/p>\n<p><span class=\"text1noticias\">\u00abConozco a Carmen, ella trabaj\u00f3 junto a mi en la comisi\u00f3n cultural entre el 2012 al 2016, es una mujer que conoce muy bien todos los temas que envuelve a la identidad de los dominicanos por lo que su gesti\u00f3n tiene todas las condiciones para ser exitosa\u00bb, se\u00f1al\u00f3  Rodr\u00edguez. <\/span><\/p>\n<p><span class=\"text1noticias\"> <\/span><\/p>\n<p><span class=\"text1noticias\">Sobre dParranda Radio Show<\/span><\/p>\n<p><span class=\"text1noticias\"> <\/span><\/p>\n<p><span class=\"text1noticias\">dParranda Radio Show se transmite de lunes a viernes de 6:00 p.m. a 8:00 p.m. por Dominicana FM (98.9 FM y 99.9 FM), bajo la conducci\u00f3n de H\u00e9ctor Romero, Mois\u00e9s Balbuena, Wendy Mora, Jos\u00e9 Nova, Yohanna<\/span> Hilario y Noel Ventura.<\/p>\n<\/p>\n<p>Fuente: Mois\u00e9s Balbuena<\/p>\n<p>Periodista<\/p>\n<p>Relaciones P\u00fablicas<\/p>\n<h6> 2020-11-24 13:36:04 <\/h6>\n<p><!--\n<link rel=\"stylesheet\" href=\"css\/bootstrap.min.css\">\n\n\n<ul class=\"pagination\">\n\t    \n\t\n\n<li >\n\t<a href='?page_no=9'>Previous<\/a>\n\t<\/li>\n\n\n       \n    \n\n<li><a href='?page_no=1'>1<\/a><\/li>\n\n\n\n<li><a href='?page_no=2'>2<\/a><\/li>\n\n\n\n<li><a>...<\/a><\/li>\n\n\n\n<li><a href='?page_no=8'>8<\/a><\/li>\n\n\n\n<li><a href='?page_no=9'>9<\/a><\/li>\n\n\n\n<li class='active'><a>10<\/a><\/li>\n\n\n\n<li><a href='?page_no=11'>11<\/a><\/li>\n\n\n\n<li><a href='?page_no=12'>12<\/a><\/li>\n\n\n\n<li><a>...<\/a><\/li>\n\n\n\n<li><a href='?page_no=22522'>22522<\/a><\/li>\n\n\n\n<li><a href='?page_no=22523'>22523<\/a><\/li>\n\n    \n\t\n\n<li >\n\t<a href='?page_no=11'>Next<\/a>\n\t<\/li>\n\n\n    \n\n<li><a href='?page_no=22523'>Last &rsaquo;&rsaquo;<\/a><\/li>\n\n<\/ul>\n\n\n--><br \/>\n<\/body><\/p>\n","protected":false},"excerpt":{"rendered":"<p>diariodominicano.com Santo Domingo, R. D., 24 de noviembre, 2020.- El cantautor y exembajador Jos\u00e9 Antonio Rodr\u00edguez anunci\u00f3 la realizaci\u00f3n de una pel\u00edcula biogr\u00e1fica sobre su vida, la cual estar\u00e1 basada en un amplio repertorio musical bajo su composici\u00f3n, para \u00e9l y para otros artistas. Rodr\u00edguez revel\u00f3 durante una entrevista en el programa dParranda Radio Show, [&hellip;]<\/p>\n","protected":false},"author":3,"featured_media":0,"comment_status":"open","ping_status":"open","sticky":false,"template":"","format":"standard","meta":{"footnotes":""},"categories":[25],"tags":[],"class_list":["post-71334","post","type-post","status-publish","format-standard","hentry","category-gente"],"_links":{"self":[{"href":"https:\/\/diariodominicano.com\/index.php?rest_route=\/wp\/v2\/posts\/71334","targetHints":{"allow":["GET"]}}],"collection":[{"href":"https:\/\/diariodominicano.com\/index.php?rest_route=\/wp\/v2\/posts"}],"about":[{"href":"https:\/\/diariodominicano.com\/index.php?rest_route=\/wp\/v2\/types\/post"}],"author":[{"embeddable":true,"href":"https:\/\/diariodominicano.com\/index.php?rest_route=\/wp\/v2\/users\/3"}],"replies":[{"embeddable":true,"href":"https:\/\/diariodominicano.com\/index.php?rest_route=%2Fwp%2Fv2%2Fcomments&post=71334"}],"version-history":[{"count":0,"href":"https:\/\/diariodominicano.com\/index.php?rest_route=\/wp\/v2\/posts\/71334\/revisions"}],"wp:attachment":[{"href":"https:\/\/diariodominicano.com\/index.php?rest_route=%2Fwp%2Fv2%2Fmedia&parent=71334"}],"wp:term":[{"taxonomy":"category","embeddable":true,"href":"https:\/\/diariodominicano.com\/index.php?rest_route=%2Fwp%2Fv2%2Fcategories&post=71334"},{"taxonomy":"post_tag","embeddable":true,"href":"https:\/\/diariodominicano.com\/index.php?rest_route=%2Fwp%2Fv2%2Ftags&post=71334"}],"curies":[{"name":"wp","href":"https:\/\/api.w.org\/{rel}","templated":true}]}}