{"id":71333,"date":"2020-11-30T13:59:01","date_gmt":"2020-11-30T13:59:01","guid":{"rendered":"http:\/\/diariodominicano.ddns.net\/?p=71333"},"modified":"2020-11-30T13:59:01","modified_gmt":"2020-11-30T13:59:01","slug":"milly-quezada-ofrecera-un-gran-concierto-gratuito-como-regalo-de-navidad","status":"publish","type":"post","link":"https:\/\/diariodominicano.com\/?p=71333","title":{"rendered":"Milly Quezada ofrecer\u00e1 un gran concierto gratuito como regalo de Navidad&#13;"},"content":{"rendered":"<p><body><\/p>\n<p><img decoding=\"async\" src=\"img3\/Millyquezada30-11-20.jpg\" \/>  <\/p>\n<p><span class=\"text1noticias\">diariodominicano.com <\/span><\/p>\n<p><span class=\"text1noticias\">Santo Domingo, R.D., 30 de noviembre.- Los Vecinos Enterprises y Vibra Production presentan el pr\u00f3ximo 6 de diciembre desde las 8:00 de la noche y para el mundo a la \u00abReina del Merengue\u00bb, Milly Quezada,  y su especial Navide\u00f1o, \u00abVuelve la Reina\u00bb, que llegar\u00e1 justo a tiempo como un regalo navide\u00f1o virtual para el pueblo dominicano y para toda la fanaticada internacional que le ha seguido toda su carrera musical que ya cuenta con m\u00e1s de cuatro d\u00e9cadas.<\/span><\/p>\n<p><span class=\"text1noticias\"> <\/span><\/p>\n<p><span class=\"text1noticias\">\u00abLo catalogo como mi mejor regalo de navidad, sobre todo por las consecuencias adversas que atraviesa el mundo a causa de la pandemia, que tiene a la humanidad aislada y de rodillas desde hace m\u00e1s de diez meses\u00bb, ampli\u00f3 la Reina del Merengue.<\/span><\/p>\n<p><span class=\"text1noticias\"> <\/span><\/p>\n<p><span class=\"text1noticias\">Este evento llegar\u00e1 gratuitamente gracias al apoyo del Complejo Tur\u00edstico Cap Cana, El Ministerio de Turismo, El List\u00edn Diario, Banreservas, Casa Brugal, Productos Induveca, Caf\u00e9 Santo Domingo, Bonos Electr\u00f3nicos CCN y Color Visi\u00f3n, as\u00ed como al trabajo de asesor\u00eda de sus representantes discogr\u00e1ficos en las redes \u00abLa Oreja Media Group\u00bb. Contar\u00e1 con un vasto despliegue musical y art\u00edstico, invitados de lujo, bailarines, vestuario y un repertorio exquisitamente seleccionado que contar\u00e1 con sus m\u00e1s emblem\u00e1ticos temas Navide\u00f1os, entre los que se distinguen: \u00abLa Guacherna\u00bb y \u00abVolvi\u00f3 Juanita\u00bb, los que tras 38 a\u00f1os de haberse grabado siguen deleitando a todos como si fuera el primer d\u00eda.<\/span><\/p>\n<p><span class=\"text1noticias\"> <\/span><\/p>\n<p><span class=\"text1noticias\">Ser\u00e1n dos horas de m\u00fasica y alegr\u00eda para encender el esp\u00edritu navide\u00f1o en los hogares, con la familia, que podr\u00e1 cantar y disfrutar sin salir de sus hogares y exponerse innecesariamente al contagio. Un concierto estructurado y realizado con tecnolog\u00eda de punta y un alto nivel de producci\u00f3n.<\/span><\/p>\n<p><span class=\"text1noticias\"> <\/span><\/p>\n<p><span class=\"text1noticias\">\u00abNo hay palabras para agradecer a todos los que creyeron en esta propuesta musical gratuita, en un tiempo en que la econom\u00eda ha sido adversamente impactada. Gracias a todo ese apoyo hicimos posible que los m\u00fasicos y t\u00e9cnicos del entretenimiento que participan en esta producci\u00f3n tuvieran la oportunidad de una remuneraci\u00f3n, y que el pueblo pueda disfrutar sin restricci\u00f3n de ning\u00fan tipo por mi canal de YouTube\u00bb, concluy\u00f3 la artista.<\/span><\/p>\n<p><span class=\"text1noticias\"> <\/span><\/p>\n<p><span class=\"text1noticias\">Esta gran fiesta nacional con \u00abVuelve la reina\u00bb ser\u00e1 el pr\u00f3ximo domingo 6 de diciembre a partir de las 8:00 de la noche, hora RD,  por el canal oficial de YouTube de Milly Quezada.<\/span><\/p>\n<p><span class=\"text1noticias\"> <\/span><\/p>\n<p><span class=\"text1noticias\">Algo m\u00e1s:<\/span><\/p>\n<p><span class=\"text1noticias\">Dentro del equipo t\u00e9cnico que es parte de esta propuesta de Milly Quezada, se destacan la producci\u00f3n de Billy Hasb\u00fan y Pedro N\u00fa\u00f1ez del Risco, la producci\u00f3n ejecutiva y regidur\u00eda de Elka N\u00fa\u00f1ez, la escenograf\u00eda de Roberto Miranda (Resolto RD), Vestuario de Michelle Reynoso, producci\u00f3n T\u00e9cnica de ENLab Entertainment- Gustavo Montilla, direcci\u00f3n esc\u00e9nica y coreograf\u00eda de Iv\u00e1n Tejeda, direcci\u00f3n Musical- Juan Valdez, las luces de F\u00e9lix Cabral, pantallas de Fiji Villamil, la direcci\u00f3n de c\u00e1maras de Enos Gonz\u00e1lez e ingenier\u00eda de Monitores de Joan Santos.  <\/span><\/p>\n<p><span class=\"text1noticias\"> <\/span><\/p>\n<p><span class=\"text1noticias\"> Fuente: Patz Guerrero<\/span><\/p>\n<h6> 2020-11-30 13:59:01 <\/h6>\n<p><!--\n<link rel=\"stylesheet\" href=\"css\/bootstrap.min.css\">\n\n\n<ul class=\"pagination\">\n\t    \n\t\n\n<li class='disabled'>\n\t<a >Previous<\/a>\n\t<\/li>\n\n\n       \n    \n\n<li class='active'><a>1<\/a><\/li>\n\n\n\n<li><a href='?page_no=2'>2<\/a><\/li>\n\n\n\n<li><a href='?page_no=3'>3<\/a><\/li>\n\n\n\n<li><a href='?page_no=4'>4<\/a><\/li>\n\n\n\n<li><a href='?page_no=5'>5<\/a><\/li>\n\n\n\n<li><a href='?page_no=6'>6<\/a><\/li>\n\n\n\n<li><a href='?page_no=7'>7<\/a><\/li>\n\n\n\n<li><a>...<\/a><\/li>\n\n\n\n<li><a href='?page_no=22522'>22522<\/a><\/li>\n\n\n\n<li><a href='?page_no=22523'>22523<\/a><\/li>\n\n    \n\t\n\n<li >\n\t<a href='?page_no=2'>Next<\/a>\n\t<\/li>\n\n\n    \n\n<li><a href='?page_no=22523'>Last &rsaquo;&rsaquo;<\/a><\/li>\n\n<\/ul>\n\n\n--><br \/>\n<\/body><\/p>\n","protected":false},"excerpt":{"rendered":"<p>diariodominicano.com Santo Domingo, R.D., 30 de noviembre.- Los Vecinos Enterprises y Vibra Production presentan el pr\u00f3ximo 6 de diciembre desde las 8:00 de la noche y para el mundo a la \u00abReina del Merengue\u00bb, Milly Quezada, y su especial Navide\u00f1o, \u00abVuelve la Reina\u00bb, que llegar\u00e1 justo a tiempo como un regalo navide\u00f1o virtual para el [&hellip;]<\/p>\n","protected":false},"author":3,"featured_media":0,"comment_status":"open","ping_status":"open","sticky":false,"template":"","format":"standard","meta":{"footnotes":""},"categories":[25],"tags":[],"class_list":["post-71333","post","type-post","status-publish","format-standard","hentry","category-gente"],"_links":{"self":[{"href":"https:\/\/diariodominicano.com\/index.php?rest_route=\/wp\/v2\/posts\/71333","targetHints":{"allow":["GET"]}}],"collection":[{"href":"https:\/\/diariodominicano.com\/index.php?rest_route=\/wp\/v2\/posts"}],"about":[{"href":"https:\/\/diariodominicano.com\/index.php?rest_route=\/wp\/v2\/types\/post"}],"author":[{"embeddable":true,"href":"https:\/\/diariodominicano.com\/index.php?rest_route=\/wp\/v2\/users\/3"}],"replies":[{"embeddable":true,"href":"https:\/\/diariodominicano.com\/index.php?rest_route=%2Fwp%2Fv2%2Fcomments&post=71333"}],"version-history":[{"count":0,"href":"https:\/\/diariodominicano.com\/index.php?rest_route=\/wp\/v2\/posts\/71333\/revisions"}],"wp:attachment":[{"href":"https:\/\/diariodominicano.com\/index.php?rest_route=%2Fwp%2Fv2%2Fmedia&parent=71333"}],"wp:term":[{"taxonomy":"category","embeddable":true,"href":"https:\/\/diariodominicano.com\/index.php?rest_route=%2Fwp%2Fv2%2Fcategories&post=71333"},{"taxonomy":"post_tag","embeddable":true,"href":"https:\/\/diariodominicano.com\/index.php?rest_route=%2Fwp%2Fv2%2Ftags&post=71333"}],"curies":[{"name":"wp","href":"https:\/\/api.w.org\/{rel}","templated":true}]}}