{"id":71228,"date":"2007-07-25T15:52:36","date_gmt":"2007-07-25T15:52:36","guid":{"rendered":"http:\/\/diariodominicano.ddns.net\/?p=71228"},"modified":"2007-07-25T15:52:36","modified_gmt":"2007-07-25T15:52:36","slug":"vision-cosmica-de-hector-blanco","status":"publish","type":"post","link":"https:\/\/diariodominicano.com\/?p=71228","title":{"rendered":"Visi\u00f3n C\u00f3smica, de H\u00e9ctor Blanco"},"content":{"rendered":"<p><body><\/p>\n<p class=\"titulogrande1\">Visi\u00f3n C\u00f3smica, de H\u00e9ctor Blanco<\/p>\n<p>&#13;<\/p>\n<p align=\"justify\"><strong>La exposici\u00f3n de la artista pl\u00e1stico se inaugura este  viernes a las 6 de la tarde en la   Galer\u00eda de Arte de la Fundaci\u00f3n Global  Democracia y Desarrollo (FUNGLODE).<\/strong><\/p>\n<p>&#13;<\/p>\n<p align=\"justify\" class=\"text1noticias\"><strong>(Santo Domingo, 24 de julio de 2007)*<\/strong>\u00a0 La Fundaci\u00f3n Global  Democracia y Desarrollo (FUNGLODE), a trav\u00e9s de su Centro de Estudios de la Cultura, presenta la  exposici\u00f3n \u00abVisi\u00f3n C\u00f3smica\u00bb, del artista pl\u00e1stico dominicano, H\u00e9ctor  Blanco.<\/p>\n<p>&#13;<\/p>\n<p align=\"justify\" class=\"text1noticias\">\u00abLa visi\u00f3n del cosmos, del universo, que tiene el  artista difiere necesariamente de la del hombre com\u00fan\u2026 Ocres, sienas, tonos  tierra sobre lienzo en la t\u00e9cnica del \u00f3leo se enfrascan en este discurso  creativo\u00bb, as\u00ed describe el cr\u00edtico de arte Dami\u00e1n Arias Matos la obra de  H\u00e9ctor Blanco.<\/p>\n<p>&#13;<\/p>\n<p align=\"justify\" class=\"text1noticias\">Oriundo de Salced, Blanco es egresado de la Escuela Nacional  de Bellas Artes de Santo Domingo, donde se gradu\u00f3 de profesor de Artes  Pl\u00e1sticas.\u00a0 Ha participado en varias  colectivas, entre ellas en el Centro de la Cultura de Santiago, Expo-Salcedo 2002 y en la Biblioteca Rep\u00fablica  Dominicana.<\/p>\n<p>&#13;<\/p>\n<p align=\"justify\" class=\"text1noticias\">La muestra Visi\u00f3n C\u00f3smica se inaugura este viernes 27 de  julio, a las 6:00 p.m., en la   Galer\u00eda de Arte de la Fundaci\u00f3n Global  Democracia y Desarrollo (FUNGLODE), ubicada en la calle Capit\u00e1n Eugenio de  Marchena 26, Ensanche La Esperilla.<\/p>\n<p>&#13;<\/p>\n<h6> 2007-07-25 15:52:36 <\/h6>\n<p><!--\n<link rel=\"stylesheet\" href=\"css\/bootstrap.min.css\">\n\n\n<ul class=\"pagination\">\n\t    \n\t\n\n<li >\n\t<a href='?page_no=22905'>Previous<\/a>\n\t<\/li>\n\n\n       \n    \n\n<li><a href='?page_no=1'>1<\/a><\/li>\n\n\n\n<li><a href='?page_no=2'>2<\/a><\/li>\n\n\n\n<li><a>...<\/a><\/li>\n\n\n\n<li><a href='?page_no=22904'>22904<\/a><\/li>\n\n\n\n<li><a href='?page_no=22905'>22905<\/a><\/li>\n\n\n\n<li class='active'><a>22906<\/a><\/li>\n\n\n\n<li><a href='?page_no=22907'>22907<\/a><\/li>\n\n\n\n<li><a href='?page_no=22908'>22908<\/a><\/li>\n\n\n\n<li><a>...<\/a><\/li>\n\n\n\n<li><a href='?page_no=22911'>22911<\/a><\/li>\n\n\n\n<li><a href='?page_no=22912'>22912<\/a><\/li>\n\n    \n\t\n\n<li >\n\t<a href='?page_no=22907'>Next<\/a>\n\t<\/li>\n\n\n    \n\n<li><a href='?page_no=22912'>Last &rsaquo;&rsaquo;<\/a><\/li>\n\n<\/ul>\n\n\n--><br \/>\n<\/body><\/p>\n","protected":false},"excerpt":{"rendered":"<p>Visi\u00f3n C\u00f3smica, de H\u00e9ctor Blanco &#13; La exposici\u00f3n de la artista pl\u00e1stico se inaugura este viernes a las 6 de la tarde en la Galer\u00eda de Arte de la Fundaci\u00f3n Global Democracia y Desarrollo (FUNGLODE). &#13; (Santo Domingo, 24 de julio de 2007)*\u00a0 La Fundaci\u00f3n Global Democracia y Desarrollo (FUNGLODE), a trav\u00e9s de su Centro [&hellip;]<\/p>\n","protected":false},"author":3,"featured_media":0,"comment_status":"open","ping_status":"open","sticky":false,"template":"","format":"standard","meta":{"footnotes":""},"categories":[21],"tags":[],"class_list":["post-71228","post","type-post","status-publish","format-standard","hentry","category-cultura"],"_links":{"self":[{"href":"https:\/\/diariodominicano.com\/index.php?rest_route=\/wp\/v2\/posts\/71228","targetHints":{"allow":["GET"]}}],"collection":[{"href":"https:\/\/diariodominicano.com\/index.php?rest_route=\/wp\/v2\/posts"}],"about":[{"href":"https:\/\/diariodominicano.com\/index.php?rest_route=\/wp\/v2\/types\/post"}],"author":[{"embeddable":true,"href":"https:\/\/diariodominicano.com\/index.php?rest_route=\/wp\/v2\/users\/3"}],"replies":[{"embeddable":true,"href":"https:\/\/diariodominicano.com\/index.php?rest_route=%2Fwp%2Fv2%2Fcomments&post=71228"}],"version-history":[{"count":0,"href":"https:\/\/diariodominicano.com\/index.php?rest_route=\/wp\/v2\/posts\/71228\/revisions"}],"wp:attachment":[{"href":"https:\/\/diariodominicano.com\/index.php?rest_route=%2Fwp%2Fv2%2Fmedia&parent=71228"}],"wp:term":[{"taxonomy":"category","embeddable":true,"href":"https:\/\/diariodominicano.com\/index.php?rest_route=%2Fwp%2Fv2%2Fcategories&post=71228"},{"taxonomy":"post_tag","embeddable":true,"href":"https:\/\/diariodominicano.com\/index.php?rest_route=%2Fwp%2Fv2%2Ftags&post=71228"}],"curies":[{"name":"wp","href":"https:\/\/api.w.org\/{rel}","templated":true}]}}