{"id":71227,"date":"2007-07-27T17:15:46","date_gmt":"2007-07-27T17:15:46","guid":{"rendered":"http:\/\/diariodominicano.ddns.net\/?p=71227"},"modified":"2007-07-27T17:15:46","modified_gmt":"2007-07-27T17:15:46","slug":"director-de-programas-mit-ofrece-seminario-internacional-sobre-cultura-y-emprendimiento-tecnologico","status":"publish","type":"post","link":"https:\/\/diariodominicano.com\/?p=71227","title":{"rendered":"Director de programas MIT ofrece seminario  Internacional Sobre Cultura  y Emprendimiento Tecnol\u00f3gico"},"content":{"rendered":"<p><body><\/p>\n<p align=\"justify\" class=\"titulogrande1\">Director  de programas MIT ofrece seminario\u00a0  Internacional Sobre Cultura\u00a0 y  Emprendimiento Tecnol\u00f3gico <\/p>\n<p>&#13;<\/p>\n<p align=\"justify\" class=\"text1noticias\"><strong><br \/>&#13;<br \/>\n<img loading=\"lazy\" decoding=\"async\" src=\"http:\/\/localhost:8080\/pictures\/josearmandoyjosepacheco.jpg\" width=\"269\" height=\"814\" hspace=\"4\" align=\"left\" \/>Santo Domingo.-<\/strong> El encargado  de Programas del Instituto Tecnol\u00f3gico de Massachussets consider\u00f3 necesario  crear un ecosistema, donde se conjugue el emprendimiento y la innovaci\u00f3n, y en  las que personas de diferentes disciplinas y nacionalidades se junten para  aumentar la productividad. <\/p>\n<p>&#13;<\/p>\n<p align=\"justify\" class=\"text1noticias\">Jos\u00e9 Pacheco habl\u00f3 sobre el  tema durante el seminario-taller internacional, \u201cC\u00f3mo desarrollar una cultura  emprendedora en el \u00e1rea tecnol\u00f3gica\u201d, auspiciado por el Instituto Tecnol\u00f3gico  de Las Am\u00e9ricas (ITLA), la Asociaci\u00f3n Dominicana de Ex \u2013becarios Fulbright y  el Consejo Nacional de Competitividad. <\/p>\n<p>&#13;<\/p>\n<p align=\"justify\" class=\"text1noticias\">Pacheco en su ponencia  explic\u00f3 que el ITLA, Emprende y otras universidades constituyen esos hubs donde  se encuentran especialistas de diferentes \u00e1reas. <\/p>\n<p>&#13;<\/p>\n<p align=\"justify\" class=\"text1noticias\">Cit\u00f3 el ejemplo del Instituto  Tecnol\u00f3gico de Massachussets, (MIT), con una matr\u00edcula de 10,000 alumnos, 6,000  de estos realizan Post-grado y\u00a0 donde 150  empresas de tecnolog\u00eda rodean la instituci\u00f3n, como parte de ese clima  productivo necesario para garantizar el crecimiento.<\/p>\n<p>&#13;<\/p>\n<p align=\"justify\" class=\"text1noticias\">Pacheco argument\u00f3 que las  sociedades cambian r\u00e1pidamente en una direcci\u00f3n positiva y que es importante  que los j\u00f3venes escuchen y sigan los ejemplos de otros emprendedores, pues  \u201cense\u00f1an mucho m\u00e1s de lo que se podr\u00eda decir con palabras\u201d. <\/p>\n<p>&#13;<\/p>\n<p align=\"justify\" class=\"text1noticias\">El objetivo del seminario era  contribuir con el fortalecimiento del emprendimiento y su influencia en el  desarrollo tecnol\u00f3gico, que experimentan los pa\u00edses.<\/p>\n<p>&#13;<\/p>\n<p align=\"justify\" class=\"text1noticias\">El director ejecutivo del  Instituto Tecnol\u00f3gico de Las Am\u00e9ricas (ITLA), \u00a0Jos\u00e9 Armando Tav\u00e1rez, expres\u00f3 su satisfacci\u00f3n  con esta charla, dado que promueve dos elementos fundamentales en la  actualidad: el emprendimiento y la tecnolog\u00eda. Explic\u00f3 que es necesario que los  j\u00f3venes y la sociedad se hagan eco de una cultura de emprendimiento como parte  de su accionar profesional y personal.<\/p>\n<p>&#13;<\/p>\n<p align=\"justify\" class=\"text1noticias\">El director de la Incubadora de Negocios  Emprende, que funciona en el Parque Cibern\u00e9tico de Santo Domingo, Marcos  Troncoso, dijo que la forma m\u00e1s r\u00e1pida de crear valor es con una empresa de  tecnolog\u00eda, adem\u00e1s de que \u201clos empleos que se generan son mucho m\u00e1s  productivos\u201d. <\/p>\n<p>&#13;<\/p>\n<p align=\"justify\" class=\"text1noticias\">En el encuentro, que se  realiz\u00f3 en el Sal\u00f3n Santo Domingo del Hotel Milton, estuvieron presentes en la  mesa de honor, adem\u00e1s del Director ejecutivo del ITLA, ingeniero Jos\u00e9 Armando  Tav\u00e1rez; el economista, Jos\u00e9 Pacheco y el director de Emprende, Marcos  Troncoso; Andr\u00e9s Van Der Horst, presidente del Consejo Nacional de Competitividad;  Roberto Obando Prestol, director de la Asociaci\u00f3n Dominicana  de Ex becarios Fulbright; Margarita Heinsen y Rex Moser, agregados culturales  del Centro Franklin, de la   Embajada de los Estados Unidos en el pa\u00eds.<\/p>\n<p>&#13;<\/p>\n<p align=\"justify\" class=\"text1noticias\">Al seminario asistieron  numerosas personalidades relacionadas al \u00e1rea de la tecnolog\u00eda y ejecutivos de  las distintas instituciones que patrocinaron el evento.<\/p>\n<p>&#13;<\/p>\n<h6> 2007-07-27 17:15:46 <\/h6>\n<p><!--\n<link rel=\"stylesheet\" href=\"css\/bootstrap.min.css\">\n\n\n<ul class=\"pagination\">\n\t    \n\t\n\n<li >\n\t<a href='?page_no=22904'>Previous<\/a>\n\t<\/li>\n\n\n       \n    \n\n<li><a href='?page_no=1'>1<\/a><\/li>\n\n\n\n<li><a href='?page_no=2'>2<\/a><\/li>\n\n\n\n<li><a>...<\/a><\/li>\n\n\n\n<li><a href='?page_no=22903'>22903<\/a><\/li>\n\n\n\n<li><a href='?page_no=22904'>22904<\/a><\/li>\n\n\n\n<li class='active'><a>22905<\/a><\/li>\n\n\n\n<li><a href='?page_no=22906'>22906<\/a><\/li>\n\n\n\n<li><a href='?page_no=22907'>22907<\/a><\/li>\n\n\n\n<li><a>...<\/a><\/li>\n\n\n\n<li><a href='?page_no=22911'>22911<\/a><\/li>\n\n\n\n<li><a href='?page_no=22912'>22912<\/a><\/li>\n\n    \n\t\n\n<li >\n\t<a href='?page_no=22906'>Next<\/a>\n\t<\/li>\n\n\n    \n\n<li><a href='?page_no=22912'>Last &rsaquo;&rsaquo;<\/a><\/li>\n\n<\/ul>\n\n\n--><br \/>\n<\/body><\/p>\n","protected":false},"excerpt":{"rendered":"<p>Director de programas MIT ofrece seminario\u00a0 Internacional Sobre Cultura\u00a0 y Emprendimiento Tecnol\u00f3gico &#13; &#13; Santo Domingo.- El encargado de Programas del Instituto Tecnol\u00f3gico de Massachussets consider\u00f3 necesario crear un ecosistema, donde se conjugue el emprendimiento y la innovaci\u00f3n, y en las que personas de diferentes disciplinas y nacionalidades se junten para aumentar la productividad. &#13; [&hellip;]<\/p>\n","protected":false},"author":3,"featured_media":0,"comment_status":"open","ping_status":"open","sticky":false,"template":"","format":"standard","meta":{"footnotes":""},"categories":[21],"tags":[],"class_list":["post-71227","post","type-post","status-publish","format-standard","hentry","category-cultura"],"_links":{"self":[{"href":"https:\/\/diariodominicano.com\/index.php?rest_route=\/wp\/v2\/posts\/71227","targetHints":{"allow":["GET"]}}],"collection":[{"href":"https:\/\/diariodominicano.com\/index.php?rest_route=\/wp\/v2\/posts"}],"about":[{"href":"https:\/\/diariodominicano.com\/index.php?rest_route=\/wp\/v2\/types\/post"}],"author":[{"embeddable":true,"href":"https:\/\/diariodominicano.com\/index.php?rest_route=\/wp\/v2\/users\/3"}],"replies":[{"embeddable":true,"href":"https:\/\/diariodominicano.com\/index.php?rest_route=%2Fwp%2Fv2%2Fcomments&post=71227"}],"version-history":[{"count":0,"href":"https:\/\/diariodominicano.com\/index.php?rest_route=\/wp\/v2\/posts\/71227\/revisions"}],"wp:attachment":[{"href":"https:\/\/diariodominicano.com\/index.php?rest_route=%2Fwp%2Fv2%2Fmedia&parent=71227"}],"wp:term":[{"taxonomy":"category","embeddable":true,"href":"https:\/\/diariodominicano.com\/index.php?rest_route=%2Fwp%2Fv2%2Fcategories&post=71227"},{"taxonomy":"post_tag","embeddable":true,"href":"https:\/\/diariodominicano.com\/index.php?rest_route=%2Fwp%2Fv2%2Ftags&post=71227"}],"curies":[{"name":"wp","href":"https:\/\/api.w.org\/{rel}","templated":true}]}}