{"id":71226,"date":"2007-07-31T13:51:40","date_gmt":"2007-07-31T13:51:40","guid":{"rendered":"http:\/\/diariodominicano.ddns.net\/?p=71226"},"modified":"2007-07-31T13:51:40","modified_gmt":"2007-07-31T13:51:40","slug":"cineasta-cubana-impartira-taller-de-apreciacion-del-dibujo-animado","status":"publish","type":"post","link":"https:\/\/diariodominicano.com\/?p=71226","title":{"rendered":"Cineasta cubana impartir\u00e1 taller de apreciaci\u00f3n del dibujo animado"},"content":{"rendered":"<p><body><\/p>\n<p class=\"titulogrande1\">Cineasta cubana  impartir\u00e1 taller de apreciaci\u00f3n del dibujo animado<\/p>\n<p>&#13;<\/p>\n<p><strong><em>La actividad formativa tendr\u00e1 lugar en el  marco del II Festival Internacional de Cine Infantil<\/em> <\/strong><\/p>\n<p>&#13;<\/p>\n<p align=\"justify\" class=\"text1noticias\"><strong>SANTO DOMINGO.-<\/strong> En el marco del II Festival Internacional del Cine  Infantil, Santo Domingo 2007, ser\u00e1 impartido un <em>Taller de Apreciaci\u00f3n del Dibujo Animado<\/em>, por parte de la experta  en cinematograf\u00eda, Lidice Marrero, de los Estudios de Animaci\u00f3n del Instituto  Cubano de Arte e Industria Cinematogr\u00e1fica (Icaic).<\/p>\n<p>&#13;<\/p>\n<p align=\"justify\" class=\"text1noticias\">Los objetivos del taller son vincular al ni\u00f1o con el cine de  animaci\u00f3n a trav\u00e9s de la proyecci\u00f3n de cortos musicales animados, as\u00ed tambi\u00e9n,  conectarlos con el acto creativo del dibujo y la pintura y las pel\u00edculas  proyectadas.<br \/>&#13;<br \/>\n  \u00a0<br \/>&#13;<br \/>\n\u201cLograr que el ni\u00f1o pueda desarrollar el principio de la puesta en  escena a partir de recolocar los personajes, creados por ellos, en diferentes  posiciones y escenarios, es otro objetivo que plantea este encuentro con los  ni\u00f1os y ni\u00f1as que asistan\u201d, explica Lidice Marrero.<br \/>&#13;<br \/>\n  \u00a0<br \/>&#13;<br \/>\n  Para tal fin, durante el taller, que tendr\u00e1 una duraci\u00f3n de seis  horas, distribuidas una hora diaria durante seis d\u00edas, los peque\u00f1os manejar\u00e1n  diversos materiales, como cartulinas a3 para dibujo, l\u00e1pices de colores,  marcadores, acuarelas, pinceles, gomas de borrar, l\u00e1pices de carb\u00f3n, tintas, entre  otros \u00fatiles para dibujar.<\/p>\n<p>&#13;<\/p>\n<p align=\"justify\" class=\"text1noticias\">Este encuentro tiene un cupo de hasta 20 ni\u00f1os, entre los 8 y 12  a\u00f1os de edad, quienes van a interactuar entre s\u00ed, de modo que no s\u00f3lo  participen del proceso de animaci\u00f3n, sino que entiendan c\u00f3mo se realiza un  dibujo animado y cu\u00e1les son sus pasos fundamentales, con las explicaciones que  le suministrar\u00e1 la profesional de principio a fin.<\/p>\n<p>&#13;<\/p>\n<p align=\"justify\" class=\"text1noticias\">El taller ser\u00e1 impartido\u00a0 en  una de las salas del Palacio del Cine en Bella Vista Mall, donde se  desarrollar\u00e1 el II Festival Internacional de Cine Infantil, que organiza la  doctora Margarita Cede\u00f1o de Fern\u00e1ndez.<\/p>\n<p>&#13;<\/p>\n<h6> 2007-07-31 13:51:40 <\/h6>\n<p><!--\n<link rel=\"stylesheet\" href=\"css\/bootstrap.min.css\">\n\n\n<ul class=\"pagination\">\n\t    \n\t\n\n<li >\n\t<a href='?page_no=22903'>Previous<\/a>\n\t<\/li>\n\n\n       \n    \n\n<li><a href='?page_no=1'>1<\/a><\/li>\n\n\n\n<li><a href='?page_no=2'>2<\/a><\/li>\n\n\n\n<li><a>...<\/a><\/li>\n\n\n\n<li><a href='?page_no=22902'>22902<\/a><\/li>\n\n\n\n<li><a href='?page_no=22903'>22903<\/a><\/li>\n\n\n\n<li class='active'><a>22904<\/a><\/li>\n\n\n\n<li><a href='?page_no=22905'>22905<\/a><\/li>\n\n\n\n<li><a href='?page_no=22906'>22906<\/a><\/li>\n\n\n\n<li><a>...<\/a><\/li>\n\n\n\n<li><a href='?page_no=22911'>22911<\/a><\/li>\n\n\n\n<li><a href='?page_no=22912'>22912<\/a><\/li>\n\n    \n\t\n\n<li >\n\t<a href='?page_no=22905'>Next<\/a>\n\t<\/li>\n\n\n    \n\n<li><a href='?page_no=22912'>Last &rsaquo;&rsaquo;<\/a><\/li>\n\n<\/ul>\n\n\n--><br \/>\n<\/body><\/p>\n","protected":false},"excerpt":{"rendered":"<p>Cineasta cubana impartir\u00e1 taller de apreciaci\u00f3n del dibujo animado &#13; La actividad formativa tendr\u00e1 lugar en el marco del II Festival Internacional de Cine Infantil &#13; SANTO DOMINGO.- En el marco del II Festival Internacional del Cine Infantil, Santo Domingo 2007, ser\u00e1 impartido un Taller de Apreciaci\u00f3n del Dibujo Animado, por parte de la experta [&hellip;]<\/p>\n","protected":false},"author":3,"featured_media":0,"comment_status":"open","ping_status":"open","sticky":false,"template":"","format":"standard","meta":{"footnotes":""},"categories":[21],"tags":[],"class_list":["post-71226","post","type-post","status-publish","format-standard","hentry","category-cultura"],"_links":{"self":[{"href":"https:\/\/diariodominicano.com\/index.php?rest_route=\/wp\/v2\/posts\/71226","targetHints":{"allow":["GET"]}}],"collection":[{"href":"https:\/\/diariodominicano.com\/index.php?rest_route=\/wp\/v2\/posts"}],"about":[{"href":"https:\/\/diariodominicano.com\/index.php?rest_route=\/wp\/v2\/types\/post"}],"author":[{"embeddable":true,"href":"https:\/\/diariodominicano.com\/index.php?rest_route=\/wp\/v2\/users\/3"}],"replies":[{"embeddable":true,"href":"https:\/\/diariodominicano.com\/index.php?rest_route=%2Fwp%2Fv2%2Fcomments&post=71226"}],"version-history":[{"count":0,"href":"https:\/\/diariodominicano.com\/index.php?rest_route=\/wp\/v2\/posts\/71226\/revisions"}],"wp:attachment":[{"href":"https:\/\/diariodominicano.com\/index.php?rest_route=%2Fwp%2Fv2%2Fmedia&parent=71226"}],"wp:term":[{"taxonomy":"category","embeddable":true,"href":"https:\/\/diariodominicano.com\/index.php?rest_route=%2Fwp%2Fv2%2Fcategories&post=71226"},{"taxonomy":"post_tag","embeddable":true,"href":"https:\/\/diariodominicano.com\/index.php?rest_route=%2Fwp%2Fv2%2Ftags&post=71226"}],"curies":[{"name":"wp","href":"https:\/\/api.w.org\/{rel}","templated":true}]}}