{"id":71225,"date":"2007-08-02T17:19:32","date_gmt":"2007-08-02T17:19:32","guid":{"rendered":"http:\/\/diariodominicano.ddns.net\/?p=71225"},"modified":"2007-08-02T17:19:32","modified_gmt":"2007-08-02T17:19:32","slug":"casa-de-teatro-premia-autores","status":"publish","type":"post","link":"https:\/\/diariodominicano.com\/?p=71225","title":{"rendered":"Casa de Teatro premia autores"},"content":{"rendered":"<p><body><\/p>\n<p class=\"titulogrande1\">Casa de Teatro premia autores<\/p>\n<p>&#13;<\/p>\n<p align=\"justify\" class=\"text1noticias\"><strong><img loading=\"lazy\" decoding=\"async\" src=\"http:\/\/localhost:8080\/pictures\/freddyginebray.jpg\" width=\"269\" height=\"179\" hspace=\"4\" align=\"left\" \/>SANTO DOMINGO.- <\/strong>Como parte de las  actividades de su trig\u00e9simo tercer aniversario Casa de Teatro dio a conocer los  ganadores del concurso Internacional de Cuento, Teatro y Novela 2007,\u00a0 con  el patrocinio de Grupo Le\u00f3n Jimenes.<br \/>&#13;<br \/>\n  <br \/>&#13;<br \/>\n  El acto de premiaci\u00f3n se realiz\u00f3  en la sala Crist\u00f3bal de Llerena de ese recinto cultural y estuvo encabezado por  Freddy Ginebra, director de Casa de Teatro y Laura Calventi, gerente de  Relaciones P\u00fablicas de Empresas Le\u00f3n Jimenes.<br \/>&#13;<br \/>\n  <br \/>&#13;<br \/>\n  En esta ocasi\u00f3n se cont\u00f3 con la  presencia de\u00a0 autores procedentes de Rep\u00fablica Dominicana, Cuba, Espa\u00f1a,  Argentina, Colombia, Venezuela, Guatemala, Per\u00fa, El Salvador, Hong Kong, China,  Estados Unidos, M\u00e9xico, Italia, Brasil, Uruguay y Chile.<br \/>&#13;<br \/>\n  <br \/>&#13;<br \/>\n  Al pronunciar las palabras de  bienvenida, Freddy Ginebra destac\u00f3 lo que significa para ese centro la  realizaci\u00f3n de concursos de este tipo: \u201cnuestra misi\u00f3n siempre ha sido  incentivar a los creadores y convertirnos en una mano amiga\u201d. <br \/>&#13;<br \/>\n  <br \/>&#13;<br \/>\n  En nombre del Grupo\u00a0 Le\u00f3n Jimenes  habl\u00f3 Laura Calventi, quien\u00a0 resalt\u00f3 que\u00a0 \u201cel concurso\u00a0 es parte  de una labor altruista.<br \/>&#13;<br \/>\n  <br \/>&#13;<br \/>\n  Manifest\u00f3 que escritores de todo el  mundo acuden a una convocatoria cuyo \u00fanico fin es incentivar a los creadores,  aportar al mundo literario y extirparle el anonimato a historias que merecen  ser conocidas\u201d.<\/p>\n<p>&#13;<\/p>\n<h6> 2007-08-02 17:19:32 <\/h6>\n<p><!--\n<link rel=\"stylesheet\" href=\"css\/bootstrap.min.css\">\n\n\n<ul class=\"pagination\">\n\t    \n\t\n\n<li >\n\t<a href='?page_no=22902'>Previous<\/a>\n\t<\/li>\n\n\n       \n    \n\n<li><a href='?page_no=1'>1<\/a><\/li>\n\n\n\n<li><a href='?page_no=2'>2<\/a><\/li>\n\n\n\n<li><a>...<\/a><\/li>\n\n\n\n<li><a href='?page_no=22901'>22901<\/a><\/li>\n\n\n\n<li><a href='?page_no=22902'>22902<\/a><\/li>\n\n\n\n<li class='active'><a>22903<\/a><\/li>\n\n\n\n<li><a href='?page_no=22904'>22904<\/a><\/li>\n\n\n\n<li><a href='?page_no=22905'>22905<\/a><\/li>\n\n\n\n<li><a>...<\/a><\/li>\n\n\n\n<li><a href='?page_no=22911'>22911<\/a><\/li>\n\n\n\n<li><a href='?page_no=22912'>22912<\/a><\/li>\n\n    \n\t\n\n<li >\n\t<a href='?page_no=22904'>Next<\/a>\n\t<\/li>\n\n\n    \n\n<li><a href='?page_no=22912'>Last &rsaquo;&rsaquo;<\/a><\/li>\n\n<\/ul>\n\n\n--><br \/>\n<\/body><\/p>\n","protected":false},"excerpt":{"rendered":"<p>Casa de Teatro premia autores &#13; SANTO DOMINGO.- Como parte de las actividades de su trig\u00e9simo tercer aniversario Casa de Teatro dio a conocer los ganadores del concurso Internacional de Cuento, Teatro y Novela 2007,\u00a0 con el patrocinio de Grupo Le\u00f3n Jimenes.&#13; &#13; El acto de premiaci\u00f3n se realiz\u00f3 en la sala Crist\u00f3bal de Llerena [&hellip;]<\/p>\n","protected":false},"author":3,"featured_media":0,"comment_status":"open","ping_status":"open","sticky":false,"template":"","format":"standard","meta":{"footnotes":""},"categories":[21],"tags":[],"class_list":["post-71225","post","type-post","status-publish","format-standard","hentry","category-cultura"],"_links":{"self":[{"href":"https:\/\/diariodominicano.com\/index.php?rest_route=\/wp\/v2\/posts\/71225","targetHints":{"allow":["GET"]}}],"collection":[{"href":"https:\/\/diariodominicano.com\/index.php?rest_route=\/wp\/v2\/posts"}],"about":[{"href":"https:\/\/diariodominicano.com\/index.php?rest_route=\/wp\/v2\/types\/post"}],"author":[{"embeddable":true,"href":"https:\/\/diariodominicano.com\/index.php?rest_route=\/wp\/v2\/users\/3"}],"replies":[{"embeddable":true,"href":"https:\/\/diariodominicano.com\/index.php?rest_route=%2Fwp%2Fv2%2Fcomments&post=71225"}],"version-history":[{"count":0,"href":"https:\/\/diariodominicano.com\/index.php?rest_route=\/wp\/v2\/posts\/71225\/revisions"}],"wp:attachment":[{"href":"https:\/\/diariodominicano.com\/index.php?rest_route=%2Fwp%2Fv2%2Fmedia&parent=71225"}],"wp:term":[{"taxonomy":"category","embeddable":true,"href":"https:\/\/diariodominicano.com\/index.php?rest_route=%2Fwp%2Fv2%2Fcategories&post=71225"},{"taxonomy":"post_tag","embeddable":true,"href":"https:\/\/diariodominicano.com\/index.php?rest_route=%2Fwp%2Fv2%2Ftags&post=71225"}],"curies":[{"name":"wp","href":"https:\/\/api.w.org\/{rel}","templated":true}]}}