{"id":71224,"date":"2007-08-02T17:21:29","date_gmt":"2007-08-02T17:21:29","guid":{"rendered":"http:\/\/diariodominicano.ddns.net\/?p=71224"},"modified":"2007-08-02T17:21:29","modified_gmt":"2007-08-02T17:21:29","slug":"estudio-de-autorretratos-de-rembrandt-revela-que-murio-deprimido","status":"publish","type":"post","link":"https:\/\/diariodominicano.com\/?p=71224","title":{"rendered":"Estudio de autorretratos de Rembrandt revela que muri\u00f3 deprimido"},"content":{"rendered":"<p><body><\/p>\n<p class=\"titulogrande1\">Estudio de autorretratos de  Rembrandt revela que muri\u00f3 deprimido<\/p>\n<p>&#13;<\/p>\n<p align=\"justify\" class=\"text1noticias\">Rembrandt muri\u00f3  sumido en una leve depresi\u00f3n, pero no v\u00edctima de una enfermedad f\u00edsica, revela  el <strong>an\u00e1lisis de 40 autorretratos realizado por expertos israel\u00edes<\/strong> de los \u00e1mbitos m\u00e9dico y muse\u00edstico, inform\u00f3 hoy la Universidad de Tel  Aviv.<br \/>&#13;<br \/>\n  <br \/>&#13;<br \/>\n  El estudio trata  de arrojar luz sobre la causa del fallecimiento en 1669 del genial pintor  holand\u00e9s, que sigue siendo una inc\u00f3gnita para los especialistas, aunque sus  bi\u00f3grafos coinciden en que muri\u00f3 solo y arruinado.<br \/>&#13;<br \/>\n  <br \/>&#13;<br \/>\n  Expertos de la  medicina y del arte israel\u00ed, encabezados por la cirujana pl\u00e1stica Tal Friedman,  analizaron la evoluci\u00f3n personal de Rembrandt a partir de cuarenta  autorretratos, desde los vitalistas de sus inicios a los de sus \u00faltimos a\u00f1os,  en los que aparece ostensiblemente taciturno y apagado.<br \/>&#13;<br \/>\n  <br \/>&#13;<br \/>\n  El equipo de  Friedman desarroll\u00f3 para ello una herramienta que permit\u00eda extrapolar la  informaci\u00f3n que aportan las facciones faciales al caso del artista del Siglo de  Oro holand\u00e9s, precis\u00f3 la universidad en un comunicado.<br \/>&#13;<br \/>\n  <br \/>&#13;<br \/>\n  Gracias a esta  t\u00e9cnica, descubrieron que las cejas adquieren una forma diferente cuando  revelan el paso del tiempo, o cuando se produce una situaci\u00f3n de tensi\u00f3n o  depresi\u00f3n.<br \/>&#13;<br \/>\n  <br \/>&#13;<br \/>\n\u00abCreemos que  Rembrandt manifestaba s\u00edntomas de depresi\u00f3n, aunque probablemente no era grave,  porque acept\u00f3 un nuevo encargo poco antes de morir\u00bb, se\u00f1ala Friedman, del  centro m\u00e9dico Assaf Harofe, cerca de Tel Aviv.<br \/>&#13;<br \/>\n<br \/>&#13;<br \/>\nEl equipo no  descarta tampoco la hip\u00f3tesis del saturnismo, una intoxicaci\u00f3n cr\u00f3nica  frecuente entre los pintores de la \u00e9poca que originaban las sales de plomo  empleadas entonces para elaborar los \u00f3leos.<br \/>&#13;<br \/>\n<br \/>&#13;<br \/>\n\u00abLos  autorretratos de Rembrandt nunca hab\u00edan sido estudiados por un cirujano  pl\u00e1stico. Hay multitud de publicaciones que tratan de analizar la causa de su  muerte, pero no ofrecen una visi\u00f3n completa de \u00e9l y de su obra\u00bb, destaca  la investigadora israel\u00ed.<br \/>&#13;<br \/>\n<br \/>&#13;<br \/>\n<em>EFE<\/em> <\/p>\n<p>&#13;<\/p>\n<h6> 2007-08-02 17:21:29 <\/h6>\n<p><!--\n<link rel=\"stylesheet\" href=\"css\/bootstrap.min.css\">\n\n\n<ul class=\"pagination\">\n\t    \n\t\n\n<li >\n\t<a href='?page_no=22901'>Previous<\/a>\n\t<\/li>\n\n\n       \n    \n\n<li><a href='?page_no=1'>1<\/a><\/li>\n\n\n\n<li><a href='?page_no=2'>2<\/a><\/li>\n\n\n\n<li><a>...<\/a><\/li>\n\n\n\n<li><a href='?page_no=22900'>22900<\/a><\/li>\n\n\n\n<li><a href='?page_no=22901'>22901<\/a><\/li>\n\n\n\n<li class='active'><a>22902<\/a><\/li>\n\n\n\n<li><a href='?page_no=22903'>22903<\/a><\/li>\n\n\n\n<li><a href='?page_no=22904'>22904<\/a><\/li>\n\n\n\n<li><a>...<\/a><\/li>\n\n\n\n<li><a href='?page_no=22911'>22911<\/a><\/li>\n\n\n\n<li><a href='?page_no=22912'>22912<\/a><\/li>\n\n    \n\t\n\n<li >\n\t<a href='?page_no=22903'>Next<\/a>\n\t<\/li>\n\n\n    \n\n<li><a href='?page_no=22912'>Last &rsaquo;&rsaquo;<\/a><\/li>\n\n<\/ul>\n\n\n--><br \/>\n<\/body><\/p>\n","protected":false},"excerpt":{"rendered":"<p>Estudio de autorretratos de Rembrandt revela que muri\u00f3 deprimido &#13; Rembrandt muri\u00f3 sumido en una leve depresi\u00f3n, pero no v\u00edctima de una enfermedad f\u00edsica, revela el an\u00e1lisis de 40 autorretratos realizado por expertos israel\u00edes de los \u00e1mbitos m\u00e9dico y muse\u00edstico, inform\u00f3 hoy la Universidad de Tel Aviv.&#13; &#13; El estudio trata de arrojar luz sobre [&hellip;]<\/p>\n","protected":false},"author":3,"featured_media":0,"comment_status":"open","ping_status":"open","sticky":false,"template":"","format":"standard","meta":{"footnotes":""},"categories":[21],"tags":[],"class_list":["post-71224","post","type-post","status-publish","format-standard","hentry","category-cultura"],"_links":{"self":[{"href":"https:\/\/diariodominicano.com\/index.php?rest_route=\/wp\/v2\/posts\/71224","targetHints":{"allow":["GET"]}}],"collection":[{"href":"https:\/\/diariodominicano.com\/index.php?rest_route=\/wp\/v2\/posts"}],"about":[{"href":"https:\/\/diariodominicano.com\/index.php?rest_route=\/wp\/v2\/types\/post"}],"author":[{"embeddable":true,"href":"https:\/\/diariodominicano.com\/index.php?rest_route=\/wp\/v2\/users\/3"}],"replies":[{"embeddable":true,"href":"https:\/\/diariodominicano.com\/index.php?rest_route=%2Fwp%2Fv2%2Fcomments&post=71224"}],"version-history":[{"count":0,"href":"https:\/\/diariodominicano.com\/index.php?rest_route=\/wp\/v2\/posts\/71224\/revisions"}],"wp:attachment":[{"href":"https:\/\/diariodominicano.com\/index.php?rest_route=%2Fwp%2Fv2%2Fmedia&parent=71224"}],"wp:term":[{"taxonomy":"category","embeddable":true,"href":"https:\/\/diariodominicano.com\/index.php?rest_route=%2Fwp%2Fv2%2Fcategories&post=71224"},{"taxonomy":"post_tag","embeddable":true,"href":"https:\/\/diariodominicano.com\/index.php?rest_route=%2Fwp%2Fv2%2Ftags&post=71224"}],"curies":[{"name":"wp","href":"https:\/\/api.w.org\/{rel}","templated":true}]}}