{"id":71223,"date":"2007-08-04T23:16:22","date_gmt":"2007-08-04T23:16:22","guid":{"rendered":"http:\/\/diariodominicano.ddns.net\/?p=71223"},"modified":"2007-08-04T23:16:22","modified_gmt":"2007-08-04T23:16:22","slug":"destacan-gira-de-la-orquesta-sinfonica-juvenil-por-ciudades-de-alemania","status":"publish","type":"post","link":"https:\/\/diariodominicano.com\/?p=71223","title":{"rendered":"Destacan gira de la Orquesta Sinf\u00f3nica Juvenil por ciudades de Alemania"},"content":{"rendered":"<p><body><\/p>\n<p class=\"titulogrande1\">Destacan gira de la Orquesta Sinf\u00f3nica  Juvenil por ciudades de Alemania<\/p>\n<p>&#13;<\/p>\n<p align=\"justify\" class=\"text1noticias\"><strong>Santo Domingo.-<\/strong> Resonantes aplausos  acompa\u00f1aron las presentaciones de la Orquesta Sinf\u00f3nica  Juvenil Nacional, bajo la direcci\u00f3n de su titular Darwin Aquino, en su gira por importantes salas de conciertos de  ciudades de la regi\u00f3n de Baden-Wurttemberg en la Selva Negra alemana.<\/p>\n<p>&#13;<\/p>\n<p align=\"justify\" class=\"text1noticias\">La visita efectuada del 12 al 25 de julio  da continuidad al intercambio cultural iniciado el pasado a\u00f1o con la Orquesta Juvenil  de St. Georgen- Furtwangen, por iniciativa del Despacho de la Primera Dama y la Secretar\u00eda de Estado de Cultura.<\/p>\n<p>&#13;<\/p>\n<p align=\"justify\" class=\"text1noticias\">Una comitiva de la Secretar\u00eda de Estado de  Cultura acompa\u00f1\u00f3 la delegaci\u00f3n orquestal juvenil en su viaje. La integraron:  Bernarda Jorge, Directora General de Bellas Artes, Caonex Peguero Camilo,  Director Nacional de M\u00fasica y Director Ejecutivo del Sistema Nacional de  Orquestas Sinf\u00f3nicas Infantiles y Juveniles, y los directores asistentes  Fernando Herrera y Frank Hern\u00e1ndez.<br \/>&#13;<br \/>\n  <br \/>&#13;<br \/>\n  Una representaci\u00f3n de los padres y madres  de los j\u00f3venes tambi\u00e9n estuvo presente en la gira.<\/p>\n<p>&#13;<\/p>\n<p align=\"justify\" class=\"text1noticias\">Integrada por 72 j\u00f3venes de ambos sexos  entre los 11 y 23 a\u00f1os de edad, la orquesta cumpli\u00f3 un amplio programa cultural  que inicio con talleres y ensayos con su hom\u00f3loga alemana, dirigida por el  conductor Michael Brenner.<br \/>&#13;<br \/>\n  <br \/>&#13;<br \/>\n  Los conciertos tuvieron lugar en la Stadhalle St.  Georgen, en el Festhalle de Furtwangen, en el Festival Mainau-Melodie en Isla  Mainau, Lago Constanza, y en el Beethovenhaus de Schweningen.<\/p>\n<p>&#13;<\/p>\n<p align=\"justify\" class=\"text1noticias\">El repertorio interpretado por las  orquestas alemana y dominicana incluy\u00f3 obras de Wagner y Beethoven, junto a  p\u00e1ginas famosas del compositor norteamericano Leonard Bernstein y del mexicano  Arturo M\u00e1rques. La m\u00fasica de los dominicanos Bienvenido Bustamente,  Julio Alberto Hern\u00e1ndez y To\u00f1o Abr\u00e9u enardeci\u00f3 al p\u00fablico que en cada concierto  pidi\u00f3 su repetici\u00f3n.<\/p>\n<p>&#13;<\/p>\n<p align=\"justify\" class=\"text1noticias\">La gira recibi\u00f3 una entusiasta y  permanente cobertura de parte de la prensa de la regi\u00f3n. El peri\u00f3dico  Sudkuirier de St Georgen,\u00a0 en su edici\u00f3n  del 21 de julio, ofreci\u00f3 el siguiente comentario\u00ad: \u00bb Alrededor de 130  j\u00f3venes m\u00fasicos del Caribe y de la Selva Negra ensayan  bajo las c\u00e1lidas temperaturas veraniegas. Aunque la lengua y la apariencia  f\u00edsica del enorme conjunto aparentan ser diferentes la m\u00fasica en conjunto no  conoce fronteras cuando ambos directores Darwin Aquino y Michael Brenner  dirigen obras de Bernstein y Schostakovich\u00bb.<\/p>\n<p>&#13;<\/p>\n<p align=\"justify\" class=\"text1noticias\">Durante su visita, la delegaci\u00f3n  dominicana fue recibida por importantes funcionarios gubernamentales: Kart  Rombach, Alcalde de St Gorgen; el Senador Kart Rombach del Estado Baden Wurtemberg\u00a0 y el Gobernardor Heim.<\/p>\n<p>&#13;<\/p>\n<p align=\"justify\" class=\"text1noticias\">En la ocasi\u00f3n fueron intercambiados  obsequios junto a expresiones de gratitud y reconocimiento por el apoyo  brindado a la gira de intercambio cultural tanto por la parte alemana como por  el Secretario de Estado de Cultura, Lic. Jos\u00e9 Rafael Lantigua.<\/p>\n<p>&#13;<\/p>\n<p align=\"justify\" class=\"text1noticias\">La gira tambi\u00e9n incluy\u00f3 una visita al  Parlamento de Baden-Wurttemberg, donde funcionarios encabezados por el senador  Rombach, ofrecieron a los j\u00f3venes un taller interactivo y amplias explicaciones  acerca del sistema parlamentario alem\u00e1n. Tambi\u00e9n fueron efectuadas visitas a  museos, teatros de \u00f3pera, escuelas de m\u00fasica, centros y monumentos hist\u00f3ricos y  de importancia cultural.<\/p>\n<p>&#13;<\/p>\n<h6> 2007-08-04 23:16:22 <\/h6>\n<p><!--\n<link rel=\"stylesheet\" href=\"css\/bootstrap.min.css\">\n\n\n<ul class=\"pagination\">\n\t    \n\t\n\n<li >\n\t<a href='?page_no=22900'>Previous<\/a>\n\t<\/li>\n\n\n       \n    \n\n<li><a href='?page_no=1'>1<\/a><\/li>\n\n\n\n<li><a href='?page_no=2'>2<\/a><\/li>\n\n\n\n<li><a>...<\/a><\/li>\n\n\n\n<li><a href='?page_no=22899'>22899<\/a><\/li>\n\n\n\n<li><a href='?page_no=22900'>22900<\/a><\/li>\n\n\n\n<li class='active'><a>22901<\/a><\/li>\n\n\n\n<li><a href='?page_no=22902'>22902<\/a><\/li>\n\n\n\n<li><a href='?page_no=22903'>22903<\/a><\/li>\n\n\n\n<li><a>...<\/a><\/li>\n\n\n\n<li><a href='?page_no=22911'>22911<\/a><\/li>\n\n\n\n<li><a href='?page_no=22912'>22912<\/a><\/li>\n\n    \n\t\n\n<li >\n\t<a href='?page_no=22902'>Next<\/a>\n\t<\/li>\n\n\n    \n\n<li><a href='?page_no=22912'>Last &rsaquo;&rsaquo;<\/a><\/li>\n\n<\/ul>\n\n\n--><br \/>\n<\/body><\/p>\n","protected":false},"excerpt":{"rendered":"<p>Destacan gira de la Orquesta Sinf\u00f3nica Juvenil por ciudades de Alemania &#13; Santo Domingo.- Resonantes aplausos acompa\u00f1aron las presentaciones de la Orquesta Sinf\u00f3nica Juvenil Nacional, bajo la direcci\u00f3n de su titular Darwin Aquino, en su gira por importantes salas de conciertos de ciudades de la regi\u00f3n de Baden-Wurttemberg en la Selva Negra alemana. &#13; La [&hellip;]<\/p>\n","protected":false},"author":3,"featured_media":0,"comment_status":"open","ping_status":"open","sticky":false,"template":"","format":"standard","meta":{"footnotes":""},"categories":[21],"tags":[],"class_list":["post-71223","post","type-post","status-publish","format-standard","hentry","category-cultura"],"_links":{"self":[{"href":"https:\/\/diariodominicano.com\/index.php?rest_route=\/wp\/v2\/posts\/71223","targetHints":{"allow":["GET"]}}],"collection":[{"href":"https:\/\/diariodominicano.com\/index.php?rest_route=\/wp\/v2\/posts"}],"about":[{"href":"https:\/\/diariodominicano.com\/index.php?rest_route=\/wp\/v2\/types\/post"}],"author":[{"embeddable":true,"href":"https:\/\/diariodominicano.com\/index.php?rest_route=\/wp\/v2\/users\/3"}],"replies":[{"embeddable":true,"href":"https:\/\/diariodominicano.com\/index.php?rest_route=%2Fwp%2Fv2%2Fcomments&post=71223"}],"version-history":[{"count":0,"href":"https:\/\/diariodominicano.com\/index.php?rest_route=\/wp\/v2\/posts\/71223\/revisions"}],"wp:attachment":[{"href":"https:\/\/diariodominicano.com\/index.php?rest_route=%2Fwp%2Fv2%2Fmedia&parent=71223"}],"wp:term":[{"taxonomy":"category","embeddable":true,"href":"https:\/\/diariodominicano.com\/index.php?rest_route=%2Fwp%2Fv2%2Fcategories&post=71223"},{"taxonomy":"post_tag","embeddable":true,"href":"https:\/\/diariodominicano.com\/index.php?rest_route=%2Fwp%2Fv2%2Ftags&post=71223"}],"curies":[{"name":"wp","href":"https:\/\/api.w.org\/{rel}","templated":true}]}}