{"id":71222,"date":"2007-08-05T21:19:26","date_gmt":"2007-08-05T21:19:26","guid":{"rendered":"http:\/\/diariodominicano.ddns.net\/?p=71222"},"modified":"2007-08-05T21:19:26","modified_gmt":"2007-08-05T21:19:26","slug":"importante-asimilar-el-conocimiento","status":"publish","type":"post","link":"https:\/\/diariodominicano.com\/?p=71222","title":{"rendered":"Importante asimilar el conocimiento"},"content":{"rendered":"<p><body><\/p>\n<p align=\"justify\"><span class=\"titulogrande1\">Importante asimilar el conocimiento<\/span><br \/>&#13;<br \/>\n  <br \/>&#13;<br \/>\n    <strong>El aprendizaje comienza desde el d\u00eda en que se nace. <\/strong><br \/>&#13;<br \/>\n  <br \/>&#13;<br \/>\n  <span class=\"text1noticias\"><img loading=\"lazy\" decoding=\"async\" src=\"http:\/\/localhost:8080\/pictures\/aprendizaje.jpg\" width=\"269\" height=\"224\" hspace=\"4\" align=\"left\" \/>Al asistir a la  escuela o la universidad, nos incorporamos al proceso de la instrucci\u00f3n,  adquirimos conocimientos, nos enfrentamos a informaci\u00f3n nueva, la comprendemos  y la aplicamos a la vida diaria. A trav\u00e9s del aprendizaje es que se da la  integraci\u00f3n del ser humano a la vida en sociedad. <\/span><\/p>\n<p>&#13;<\/p>\n<h2 align=\"justify\" class=\"text1noticias\">Es necesario  reconocer la importancia y la raz\u00f3n de estudiar. As\u00ed comenzamos a entender por  qu\u00e9 se asiste a la escuela o la universidad.<\/h2>\n<p>&#13;<\/p>\n<h2 align=\"justify\" class=\"text1noticias\"> Desde temprano  nos hemos dado cuenta de que hay unas materias que nos interesan m\u00e1s que otras  y que hay unos maestros que logran comunicarnos la informaci\u00f3n en sus clases  mejor que otros. A trav\u00e9s de la lectura y de la participaci\u00f3n en talleres  podemos conocer los principios b\u00e1sicos de aprender, lo que nos ayudar\u00e1 a  entender mejor qu\u00e9 es estudiar. <\/h2>\n<p>&#13;<\/p>\n<h2 align=\"justify\" class=\"text1noticias\">Tomemos como  punto de partida la lectura de J\u00f3venes de \u00e9xito, para repasar c\u00f3mo se da ese  proceso de aprendizaje y por qu\u00e9 se estudia.<\/h2>\n<p>&#13;<\/p>\n<h2 align=\"justify\" class=\"text1noticias\">Se destacan  se\u00f1alamientos que debemos tener en cuenta a la hora de tratar de contestarnos  qu\u00e9 es estudiar y qu\u00e9 logramos con ello:<\/h2>\n<p>&#13;<\/p>\n<h2 align=\"justify\" class=\"text1noticias\">Aprender es la  incorporaci\u00f3n a la mente de hechos y verdades que eran desconocidas.<\/h2>\n<p>&#13;<\/p>\n<h2 align=\"justify\" class=\"text1noticias\">Al aprender se  captan ideas externas, se procesan y pasan a formar parte de cada quien.<\/h2>\n<p>&#13;<\/p>\n<h2 align=\"justify\" class=\"text1noticias\">El aprendizaje  parece ser un proceso mental que es dado a los seres humanos y que comienza  desde el d\u00eda en que se nace. <\/h2>\n<p>&#13;<\/p>\n<h2 align=\"justify\" class=\"text1noticias\">A trav\u00e9s del  aprendizaje y de c\u00f3mo se desarrolla el ser humano, es que se da su integraci\u00f3n  a la vida en sociedad. <\/h2>\n<p>&#13;<\/p>\n<h2 align=\"justify\" class=\"text1noticias\">Al asistir a la  escuela o la universidad, nos incorporamos al proceso de la instrucci\u00f3n,  adquirimos conocimientos, nos enfrentamos a informaci\u00f3n nueva, la comprendemos  y la aplicamos a la vida diaria. <\/h2>\n<p>&#13;<\/p>\n<h2 align=\"justify\" class=\"text1noticias\">La escuela es  una de las fuentes de aprendizaje de mayor importancia y en donde se refuerzan  las destrezas de estudiar.<\/h2>\n<p>&#13;<\/p>\n<h2 align=\"justify\" class=\"text1noticias\">Se logra  aprender cuando realmente se adquieren h\u00e1bitos de estudio.<\/h2>\n<p>&#13;<\/p>\n<h2 align=\"justify\" class=\"text1noticias\">La motivaci\u00f3n es  un ingrediente clave para estudiar.<\/h2>\n<p>&#13;<\/p>\n<h2 align=\"justify\" class=\"text1noticias\">Estudiar de  manera eficaz requiere que se entienda lo que se estudia y se comprenda lo que  se escucha en clase o se lea como parte de las lecturas asignadas.<\/h2>\n<p>&#13;<\/p>\n<h2 align=\"justify\" class=\"text1noticias\">Cuando  incorporas a tu vida lo que has estudiado, lo entiendes, lo retienes y lo  aplicas a situaciones espec\u00edficas, demuestras que has asimilado el  conocimiento.<\/h2>\n<p>&#13;<\/p>\n<p align=\"justify\"><span class=\"text1noticias\"><strong>Por Carmen Leonor Rivera-Lass\u00e9n \/ End.classen@elnuevodia.com\u00a0\u00a0\u00a0\u00a0\u00a0\u00a0\u00a0\u00a0\u00a0\u00a0\u00a0\u00a0\u00a0\u00a0\u00a0 <\/strong><\/span> <\/p>\n<p>&#13;<\/p>\n<h6> 2007-08-05 21:19:26 <\/h6>\n<p><!--\n<link rel=\"stylesheet\" href=\"css\/bootstrap.min.css\">\n\n\n<ul class=\"pagination\">\n\t    \n\t\n\n<li >\n\t<a href='?page_no=22899'>Previous<\/a>\n\t<\/li>\n\n\n       \n    \n\n<li><a href='?page_no=1'>1<\/a><\/li>\n\n\n\n<li><a href='?page_no=2'>2<\/a><\/li>\n\n\n\n<li><a>...<\/a><\/li>\n\n\n\n<li><a href='?page_no=22898'>22898<\/a><\/li>\n\n\n\n<li><a href='?page_no=22899'>22899<\/a><\/li>\n\n\n\n<li class='active'><a>22900<\/a><\/li>\n\n\n\n<li><a href='?page_no=22901'>22901<\/a><\/li>\n\n\n\n<li><a href='?page_no=22902'>22902<\/a><\/li>\n\n\n\n<li><a>...<\/a><\/li>\n\n\n\n<li><a href='?page_no=22911'>22911<\/a><\/li>\n\n\n\n<li><a href='?page_no=22912'>22912<\/a><\/li>\n\n    \n\t\n\n<li >\n\t<a href='?page_no=22901'>Next<\/a>\n\t<\/li>\n\n\n    \n\n<li><a href='?page_no=22912'>Last &rsaquo;&rsaquo;<\/a><\/li>\n\n<\/ul>\n\n\n--><br \/>\n<\/body><\/p>\n","protected":false},"excerpt":{"rendered":"<p>Importante asimilar el conocimiento&#13; &#13; El aprendizaje comienza desde el d\u00eda en que se nace. &#13; &#13; Al asistir a la escuela o la universidad, nos incorporamos al proceso de la instrucci\u00f3n, adquirimos conocimientos, nos enfrentamos a informaci\u00f3n nueva, la comprendemos y la aplicamos a la vida diaria. A trav\u00e9s del aprendizaje es que se [&hellip;]<\/p>\n","protected":false},"author":3,"featured_media":0,"comment_status":"open","ping_status":"open","sticky":false,"template":"","format":"standard","meta":{"footnotes":""},"categories":[21],"tags":[],"class_list":["post-71222","post","type-post","status-publish","format-standard","hentry","category-cultura"],"_links":{"self":[{"href":"https:\/\/diariodominicano.com\/index.php?rest_route=\/wp\/v2\/posts\/71222","targetHints":{"allow":["GET"]}}],"collection":[{"href":"https:\/\/diariodominicano.com\/index.php?rest_route=\/wp\/v2\/posts"}],"about":[{"href":"https:\/\/diariodominicano.com\/index.php?rest_route=\/wp\/v2\/types\/post"}],"author":[{"embeddable":true,"href":"https:\/\/diariodominicano.com\/index.php?rest_route=\/wp\/v2\/users\/3"}],"replies":[{"embeddable":true,"href":"https:\/\/diariodominicano.com\/index.php?rest_route=%2Fwp%2Fv2%2Fcomments&post=71222"}],"version-history":[{"count":0,"href":"https:\/\/diariodominicano.com\/index.php?rest_route=\/wp\/v2\/posts\/71222\/revisions"}],"wp:attachment":[{"href":"https:\/\/diariodominicano.com\/index.php?rest_route=%2Fwp%2Fv2%2Fmedia&parent=71222"}],"wp:term":[{"taxonomy":"category","embeddable":true,"href":"https:\/\/diariodominicano.com\/index.php?rest_route=%2Fwp%2Fv2%2Fcategories&post=71222"},{"taxonomy":"post_tag","embeddable":true,"href":"https:\/\/diariodominicano.com\/index.php?rest_route=%2Fwp%2Fv2%2Ftags&post=71222"}],"curies":[{"name":"wp","href":"https:\/\/api.w.org\/{rel}","templated":true}]}}