{"id":71221,"date":"2007-08-05T21:23:58","date_gmt":"2007-08-05T21:23:58","guid":{"rendered":"http:\/\/diariodominicano.ddns.net\/?p=71221"},"modified":"2007-08-05T21:23:58","modified_gmt":"2007-08-05T21:23:58","slug":"el-escritor-andres-l-mateo-puso-a-circular-obra-el-violin-de-la-adultera-en-la-uasd","status":"publish","type":"post","link":"https:\/\/diariodominicano.com\/?p=71221","title":{"rendered":"El Escritor Andr\u00e9s L. Mateo puso a circular obra \u201cEl viol\u00edn de la ad\u00faltera\u201d en la UASD"},"content":{"rendered":"<p><body><\/p>\n<p align=\"justify\" class=\"titulogrande1\">El Escritor Andr\u00e9s L. Mateo puso a circular obra \u201cEl viol\u00edn de la  ad\u00faltera\u201d en la UASD<\/p>\n<p>&#13;<\/p>\n<p align=\"justify\" class=\"text1noticias\"><img loading=\"lazy\" decoding=\"async\" src=\"http:\/\/localhost:8080\/pictures\/andreslmateo.jpg\" width=\"269\" height=\"179\" hspace=\"4\" align=\"left\" \/>El escritor Andr\u00e9s L. Mateo  puso a circular su libro \u201cEl viol\u00edn de la ad\u00faltera\u201d en un acto realizado en la Biblioteca Pedro  Mir de la Universidad Aut\u00f3noma  de Santo Domingo (UASD).<\/p>\n<p>&#13;<\/p>\n<p align=\"justify\" class=\"text1noticias\">Las palabras de bienvenida estuvieron a cargo de Guillermo Cote, Gerente  de Norma, editora bajo cuyo sello se edit\u00f3 la presente obra, quien manifest\u00f3  que en los actuales momentos existe la necesidad de ser creativo, hacer que el  libro circule y que pase del canal tradicional a canales alternativos.<\/p>\n<p>&#13;<\/p>\n<p align=\"justify\" class=\"text1noticias\">El evento estuvo encabezado  por el Rector de la UASD,  licenciado Roberto Reyna, quien ocup\u00f3 la Mesa de Honor, junto al Secretario de Estado de  Cultura, Jos\u00e9 Rafael Lantigua; el Rector de la Universidad Apec,  Justo Pedro Castellano; el escritor V\u00edctor Villegas, el Secretario del  Ayuntamiento Nacional, Domingo Contreras.<\/p>\n<p>&#13;<\/p>\n<p align=\"justify\" class=\"text1noticias\">La presentaci\u00f3n del autor  estuvo a cargo de Camilo Venegas, quien ponder\u00f3 la calidad de la obra y la  relevancia intelectual de su autor, Andr\u00e9s L. Mateo, a quien calific\u00f3 como uno  de los m\u00e1s grandes intelectuales del pa\u00eds, por lo que invit\u00f3 al p\u00fablico  asistente a adquirir su obra.<\/p>\n<p>&#13;<\/p>\n<p align=\"justify\" class=\"text1noticias\">Mientras, el autor, Andr\u00e9s L.  Mateo, quien es docente de la   Primada de Am\u00e9rica, hizo un anecdotario de lo que ha sido  para muchos escritores, como A\u00edda Cartagena, Ram\u00f3n Marrero Aristy, Ernest Hemingwey,  entre otros, la p\u00e9rdida en alg\u00fan momento sus escritos originales de obras  maestras, a cuyo acontecimiento denomin\u00f3 como la frustraci\u00f3n de \u201cla maleta  p\u00e9rdida\u201d. <\/p>\n<p>&#13;<\/p>\n<p align=\"justify\" class=\"text1noticias\">Dentro de sus obras figuran: \u201cPortal de un mundo\u201d, \u201cPisar  los dedos de Dios\u201d, \u201cLa otra Pen\u00e9lope\u201d, \u201cLa balada de Alfonsina Bair\u00e1n\u201d,  \u201cPoetas de Post-guerra\/Joven poes\u00eda dominicana\u201d, \u201cManifiestos literarios de la Rep\u00fablica Dominicana,  \u201cMito y Cultura en la era de Trujillo\u201d, \u201cAl filo de la dominicanidad\u201d, \u201cLas  palabras perdidas\u201d, entre otras.<\/p>\n<p>&#13;<\/p>\n<p align=\"justify\" class=\"text1noticias\">Al acto asistieron familiares  y amigos del laureado escritor, quien es Premio Nacional de Literatura, as\u00ed  como profesores, empleados y estudiantes, tanto de la UASD como de la Universidad Apec,  de la cual tambi\u00e9n \u00e9ste es miembro del cuerpo docente y administrativo.<\/p>\n<p>&#13;<\/p>\n<h6> 2007-08-05 21:23:58 <\/h6>\n<p><!--\n<link rel=\"stylesheet\" href=\"css\/bootstrap.min.css\">\n\n\n<ul class=\"pagination\">\n\t    \n\t\n\n<li >\n\t<a href='?page_no=22898'>Previous<\/a>\n\t<\/li>\n\n\n       \n    \n\n<li><a href='?page_no=1'>1<\/a><\/li>\n\n\n\n<li><a href='?page_no=2'>2<\/a><\/li>\n\n\n\n<li><a>...<\/a><\/li>\n\n\n\n<li><a href='?page_no=22897'>22897<\/a><\/li>\n\n\n\n<li><a href='?page_no=22898'>22898<\/a><\/li>\n\n\n\n<li class='active'><a>22899<\/a><\/li>\n\n\n\n<li><a href='?page_no=22900'>22900<\/a><\/li>\n\n\n\n<li><a href='?page_no=22901'>22901<\/a><\/li>\n\n\n\n<li><a>...<\/a><\/li>\n\n\n\n<li><a href='?page_no=22911'>22911<\/a><\/li>\n\n\n\n<li><a href='?page_no=22912'>22912<\/a><\/li>\n\n    \n\t\n\n<li >\n\t<a href='?page_no=22900'>Next<\/a>\n\t<\/li>\n\n\n    \n\n<li><a href='?page_no=22912'>Last &rsaquo;&rsaquo;<\/a><\/li>\n\n<\/ul>\n\n\n--><br \/>\n<\/body><\/p>\n","protected":false},"excerpt":{"rendered":"<p>El Escritor Andr\u00e9s L. Mateo puso a circular obra \u201cEl viol\u00edn de la ad\u00faltera\u201d en la UASD &#13; El escritor Andr\u00e9s L. Mateo puso a circular su libro \u201cEl viol\u00edn de la ad\u00faltera\u201d en un acto realizado en la Biblioteca Pedro Mir de la Universidad Aut\u00f3noma de Santo Domingo (UASD). &#13; Las palabras de bienvenida [&hellip;]<\/p>\n","protected":false},"author":3,"featured_media":0,"comment_status":"open","ping_status":"open","sticky":false,"template":"","format":"standard","meta":{"footnotes":""},"categories":[21],"tags":[],"class_list":["post-71221","post","type-post","status-publish","format-standard","hentry","category-cultura"],"_links":{"self":[{"href":"https:\/\/diariodominicano.com\/index.php?rest_route=\/wp\/v2\/posts\/71221","targetHints":{"allow":["GET"]}}],"collection":[{"href":"https:\/\/diariodominicano.com\/index.php?rest_route=\/wp\/v2\/posts"}],"about":[{"href":"https:\/\/diariodominicano.com\/index.php?rest_route=\/wp\/v2\/types\/post"}],"author":[{"embeddable":true,"href":"https:\/\/diariodominicano.com\/index.php?rest_route=\/wp\/v2\/users\/3"}],"replies":[{"embeddable":true,"href":"https:\/\/diariodominicano.com\/index.php?rest_route=%2Fwp%2Fv2%2Fcomments&post=71221"}],"version-history":[{"count":0,"href":"https:\/\/diariodominicano.com\/index.php?rest_route=\/wp\/v2\/posts\/71221\/revisions"}],"wp:attachment":[{"href":"https:\/\/diariodominicano.com\/index.php?rest_route=%2Fwp%2Fv2%2Fmedia&parent=71221"}],"wp:term":[{"taxonomy":"category","embeddable":true,"href":"https:\/\/diariodominicano.com\/index.php?rest_route=%2Fwp%2Fv2%2Fcategories&post=71221"},{"taxonomy":"post_tag","embeddable":true,"href":"https:\/\/diariodominicano.com\/index.php?rest_route=%2Fwp%2Fv2%2Ftags&post=71221"}],"curies":[{"name":"wp","href":"https:\/\/api.w.org\/{rel}","templated":true}]}}