{"id":71220,"date":"2007-08-05T21:27:11","date_gmt":"2007-08-05T21:27:11","guid":{"rendered":"http:\/\/diariodominicano.ddns.net\/?p=71220"},"modified":"2007-08-05T21:27:11","modified_gmt":"2007-08-05T21:27:11","slug":"entidades-promoveran-cursos-musicales-bandas-y-conciertos-2","status":"publish","type":"post","link":"https:\/\/diariodominicano.com\/?p=71220","title":{"rendered":"Entidades promover\u00e1n cursos musicales, bandas y conciertos"},"content":{"rendered":"<p><body><\/p>\n<p align=\"justify\"><span class=\"titulogrande1\">Entidades promover\u00e1n cursos musicales, bandas y conciertos<\/span><br \/>&#13;<br \/>\n  \u00a0<br \/>&#13;<br \/>\n  <span class=\"text1noticias\">La Universidad Apec  (UNAPEC) y las empresas Yamaha Latin Music America y Fernando Giralde, C. por  A., iniciar\u00e1n un proyecto para promover el desarrollo cultural y educativo en  el pa\u00eds, mediante la realizaci\u00f3n de programas y cursos especiales para el  desarrollo de competencias profesionales de profesores y estudiantes de m\u00fasica,  formaci\u00f3n de bandas musicales y conciertos.<br \/>&#13;<br \/>\n  \u00a0<br \/>&#13;<br \/>\n  El proyecto est\u00e1 contemplado en un acuerdo firmado en la Sala de Juntas del recinto  central de\u00a0 UNAPEC de la avenida M\u00e1ximo  G\u00f3mez n\u00famero 72, por el licenciado Justo Pedro Castellanos, rector en funciones  de esta casa de altos estudios; Juan Guillermo Ram\u00edrez, gerente de mercadeo de  Yamaha Music America y Arlene Lomba, gerente de la divisi\u00f3n musical.<br \/>&#13;<br \/>\n  \u00a0<br \/>&#13;<br \/>\n  Al protocolo de la firma asistieron, Andr\u00e9s Vidal, director  de la banda de m\u00fasica de los colegios APEC Fernando Arturo de Meri\u00f1o y  Mineta Roque e Isabel Matos, asesora administrativa de UNAPEC.<br \/>&#13;<br \/>\n  \u00a0<br \/>&#13;<br \/>\nEstas entidades se  comprometen a brindar cooperaci\u00f3n y asistencia t\u00e9cnica al Proyecto de Desarrollo Integral Musical de UNAPEC, a fin  de lograr su fortalecimiento.<br \/>&#13;<br \/>\n  \u00a0<br \/>&#13;<br \/>\nAsimismo, dar\u00e1n apoyo  t\u00e9cnico para la realizaci\u00f3n de programas, seminarios y proyectos educativos  culturales, en beneficio de la ni\u00f1ez, la juventud y la poblaci\u00f3n adulta de la Rep\u00fablica Dominicana.<br \/>&#13;<br \/>\n  \u00a0<br \/>&#13;<br \/>\nCastellanos dijo que  UNAPEC, consciente de su responsabilidad social y preocupada por el desarrollo de la educaci\u00f3n a  nivel nacional, inici\u00f3 un proceso de investigaci\u00f3n e innovaci\u00f3n educativa en  la b\u00fasqueda de modelos y estrategias de impacto nacional, que impulsar\u00e1n el  desarrollo personal y social de los dominicanos.<br \/>&#13;<br \/>\n  \u00a0<br \/>&#13;<br \/>\n  Agreg\u00f3 que, en este sentido, fue implementado en los centros  educativos pertenecientes a UNAPEC el Proyecto de Desarrollo Integral  Musical y Art\u00edstico, el cual es un modelo de ense\u00f1anza-aprendizaje de  la m\u00fasica y el arte, que enfatiza en la educaci\u00f3n musical como espacio  integrador de saberes, a fin de propiciar la formaci\u00f3n de ni\u00f1os y  adolescentes.<br \/>&#13;<br \/>\n  \u00a0<br \/>&#13;<br \/>\nInform\u00f3 que este  proyecto cuenta con un amplio programa de actividades con impacto nacional e  internacional y que cuenta con el respaldo de Yamana Music Latin Am\u00e9rica y  Fernando Giraldez.<br \/>&#13;<br \/>\n  \u00a0<br \/>&#13;<br \/>\n  Sostuvo que estas dos entidades muestran inter\u00e9s mutuo en  establecer relaciones que favorezcan la creaci\u00f3n de proyectos y  programas conjuntos que beneficien el desarrollo art\u00edstico, cultural, social y  humano, y la promoci\u00f3n de acuerdos internacionales a favor de sus  respectivas comunidades.<br \/>&#13;<br \/>\n  \u00a0<br \/>&#13;<br \/>\nIndic\u00f3 que estas  instituciones son centros reconocidos y comprometidos con el desarrollo y la  formaci\u00f3n de la juventud y que tienen objetivos comunes en el campo de la  ense\u00f1anza, la investigaci\u00f3n y la extensi\u00f3n musical y art\u00edstica.<br \/>&#13;<br \/>\n  \u00a0<br \/>&#13;<br \/>\nExpres\u00f3 que ambas  coordinan actividades de cooperaci\u00f3n, intercambio y asistencia, las cuales abarcan aspectos docentes y  culturales.<\/span><\/p>\n<p>&#13;<\/p>\n<h6> 2007-08-05 21:27:11 <\/h6>\n<p><!--\n<link rel=\"stylesheet\" href=\"css\/bootstrap.min.css\">\n\n\n<ul class=\"pagination\">\n\t    \n\t\n\n<li >\n\t<a href='?page_no=22897'>Previous<\/a>\n\t<\/li>\n\n\n       \n    \n\n<li><a href='?page_no=1'>1<\/a><\/li>\n\n\n\n<li><a href='?page_no=2'>2<\/a><\/li>\n\n\n\n<li><a>...<\/a><\/li>\n\n\n\n<li><a href='?page_no=22896'>22896<\/a><\/li>\n\n\n\n<li><a href='?page_no=22897'>22897<\/a><\/li>\n\n\n\n<li class='active'><a>22898<\/a><\/li>\n\n\n\n<li><a href='?page_no=22899'>22899<\/a><\/li>\n\n\n\n<li><a href='?page_no=22900'>22900<\/a><\/li>\n\n\n\n<li><a>...<\/a><\/li>\n\n\n\n<li><a href='?page_no=22911'>22911<\/a><\/li>\n\n\n\n<li><a href='?page_no=22912'>22912<\/a><\/li>\n\n    \n\t\n\n<li >\n\t<a href='?page_no=22899'>Next<\/a>\n\t<\/li>\n\n\n    \n\n<li><a href='?page_no=22912'>Last &rsaquo;&rsaquo;<\/a><\/li>\n\n<\/ul>\n\n\n--><br \/>\n<\/body><\/p>\n","protected":false},"excerpt":{"rendered":"<p>Entidades promover\u00e1n cursos musicales, bandas y conciertos&#13; \u00a0&#13; La Universidad Apec (UNAPEC) y las empresas Yamaha Latin Music America y Fernando Giralde, C. por A., iniciar\u00e1n un proyecto para promover el desarrollo cultural y educativo en el pa\u00eds, mediante la realizaci\u00f3n de programas y cursos especiales para el desarrollo de competencias profesionales de profesores y [&hellip;]<\/p>\n","protected":false},"author":3,"featured_media":0,"comment_status":"open","ping_status":"open","sticky":false,"template":"","format":"standard","meta":{"footnotes":""},"categories":[21],"tags":[],"class_list":["post-71220","post","type-post","status-publish","format-standard","hentry","category-cultura"],"_links":{"self":[{"href":"https:\/\/diariodominicano.com\/index.php?rest_route=\/wp\/v2\/posts\/71220","targetHints":{"allow":["GET"]}}],"collection":[{"href":"https:\/\/diariodominicano.com\/index.php?rest_route=\/wp\/v2\/posts"}],"about":[{"href":"https:\/\/diariodominicano.com\/index.php?rest_route=\/wp\/v2\/types\/post"}],"author":[{"embeddable":true,"href":"https:\/\/diariodominicano.com\/index.php?rest_route=\/wp\/v2\/users\/3"}],"replies":[{"embeddable":true,"href":"https:\/\/diariodominicano.com\/index.php?rest_route=%2Fwp%2Fv2%2Fcomments&post=71220"}],"version-history":[{"count":0,"href":"https:\/\/diariodominicano.com\/index.php?rest_route=\/wp\/v2\/posts\/71220\/revisions"}],"wp:attachment":[{"href":"https:\/\/diariodominicano.com\/index.php?rest_route=%2Fwp%2Fv2%2Fmedia&parent=71220"}],"wp:term":[{"taxonomy":"category","embeddable":true,"href":"https:\/\/diariodominicano.com\/index.php?rest_route=%2Fwp%2Fv2%2Fcategories&post=71220"},{"taxonomy":"post_tag","embeddable":true,"href":"https:\/\/diariodominicano.com\/index.php?rest_route=%2Fwp%2Fv2%2Ftags&post=71220"}],"curies":[{"name":"wp","href":"https:\/\/api.w.org\/{rel}","templated":true}]}}