{"id":71200,"date":"2007-11-15T14:15:42","date_gmt":"2007-11-15T14:15:42","guid":{"rendered":"http:\/\/diariodominicano.ddns.net\/?p=71200"},"modified":"2007-11-15T14:15:42","modified_gmt":"2007-11-15T14:15:42","slug":"cultura-auspicia-festival-hermanas-mirabal-y-el-festival-de-la-calle-hostos","status":"publish","type":"post","link":"https:\/\/diariodominicano.com\/?p=71200","title":{"rendered":"Cultura auspicia Festival Hermanas Mirabal y el Festival de la calle Hostos"},"content":{"rendered":"<p><body><\/p>\n<p align=\"justify\" class=\"titulogrande1\"><strong>Cultura  auspicia Festival Hermanas Mirabal<\/strong> <strong>y el  Festival de la calle Hostos<\/strong><\/p>\n<p>&#13;<\/p>\n<p align=\"justify\" class=\"text1noticias\"><strong><img loading=\"lazy\" decoding=\"async\" src=\"http:\/\/localhost:8080\/pictures\/hermanas mriabal.jpg\" width=\"269\" height=\"216\" hspace=\"4\" align=\"left\" \/>Santo Domingo.-<\/strong> El Festival  Cultural Hermanas Mirabal se inaugura el pr\u00f3ximo martes en la ciudad de  Salcedo, con el respaldo de la   Secretar\u00eda de Estado de Cultura.<\/p>\n<p>&#13;<\/p>\n<p align=\"justify\" class=\"text1noticias\">El evento, que ha tenido una  amplia programaci\u00f3n durante todo el a\u00f1o y que fue lanzado oficialmente en  diciembre del a\u00f1o pasado en un acto celebrado en la sede de la Secretar\u00eda de Cultura,  se realizar\u00e1 durante seis d\u00edas en la capital de la reci\u00e9n designada provincia  Hermanas Mirabal.<\/p>\n<p>&#13;<\/p>\n<p align=\"justify\" class=\"text1noticias\">La actividad incluir\u00e1  presentaciones art\u00edsticas, eventos musicales y teatrales, exposiciones  diversas, conferencias, recitales y una amplia gama de acciones culturales. La Provincia Espaillat  es la invitada de honor del festival, que ha sido organizado por un comit\u00e9 con  el ex vicepresidente de la   Rep\u00fablica, Jaime David Fern\u00e1ndez Mirabal a la cabeza, y el  respaldo de la Secretar\u00eda  de Estado de Cultura.<\/p>\n<p>&#13;<\/p>\n<p align=\"justify\" class=\"text1noticias\">El festival se inaugurar\u00e1 a  las 4 de la tarde, con un espect\u00e1culo auspiciado por la SEC y producido por el  reconocido artista Carlos Alfredo Fatule, titulado \u201cSalcedo, cultura de paz\u201d.<\/p>\n<p>&#13;<\/p>\n<p align=\"justify\" class=\"text1noticias\">Mientras, ma\u00f1ana se inaugura  en Santo Domingo el Festival de la calle Hostos, que tambi\u00e9n cuenta con el  respaldo de la Secretar\u00eda  de Estado de Cultura.<\/p>\n<p>&#13;<\/p>\n<p align=\"justify\" class=\"text1noticias\">La actividad, organizada por el cantautor  V\u00edctor V\u00edctor, creador del evento, se desarrollar\u00e1 durante todo un d\u00eda en la  c\u00e9ntrica calle de la ciudad colonial. Se dedica a Francis Santana, quien ser\u00e1  declarado por la SEC,  \u201cGloria Nacional del Arte Popular de la Rep\u00fablica Dominicana\u201d.<\/p>\n<p>&#13;<\/p>\n<h6> 2007-11-15 14:15:42 <\/h6>\n<p><!--\n<link rel=\"stylesheet\" href=\"css\/bootstrap.min.css\">\n\n\n<ul class=\"pagination\">\n\t    \n\t\n\n<li >\n\t<a href='?page_no=22877'>Previous<\/a>\n\t<\/li>\n\n\n       \n    \n\n<li><a href='?page_no=1'>1<\/a><\/li>\n\n\n\n<li><a href='?page_no=2'>2<\/a><\/li>\n\n\n\n<li><a>...<\/a><\/li>\n\n\n\n<li><a href='?page_no=22876'>22876<\/a><\/li>\n\n\n\n<li><a href='?page_no=22877'>22877<\/a><\/li>\n\n\n\n<li class='active'><a>22878<\/a><\/li>\n\n\n\n<li><a href='?page_no=22879'>22879<\/a><\/li>\n\n\n\n<li><a href='?page_no=22880'>22880<\/a><\/li>\n\n\n\n<li><a>...<\/a><\/li>\n\n\n\n<li><a href='?page_no=22911'>22911<\/a><\/li>\n\n\n\n<li><a href='?page_no=22912'>22912<\/a><\/li>\n\n    \n\t\n\n<li >\n\t<a href='?page_no=22879'>Next<\/a>\n\t<\/li>\n\n\n    \n\n<li><a href='?page_no=22912'>Last &rsaquo;&rsaquo;<\/a><\/li>\n\n<\/ul>\n\n\n--><br \/>\n<\/body><\/p>\n","protected":false},"excerpt":{"rendered":"<p>Cultura auspicia Festival Hermanas Mirabal y el Festival de la calle Hostos &#13; Santo Domingo.- El Festival Cultural Hermanas Mirabal se inaugura el pr\u00f3ximo martes en la ciudad de Salcedo, con el respaldo de la Secretar\u00eda de Estado de Cultura. &#13; El evento, que ha tenido una amplia programaci\u00f3n durante todo el a\u00f1o y que [&hellip;]<\/p>\n","protected":false},"author":3,"featured_media":0,"comment_status":"open","ping_status":"open","sticky":false,"template":"","format":"standard","meta":{"footnotes":""},"categories":[21],"tags":[],"class_list":["post-71200","post","type-post","status-publish","format-standard","hentry","category-cultura"],"_links":{"self":[{"href":"https:\/\/diariodominicano.com\/index.php?rest_route=\/wp\/v2\/posts\/71200","targetHints":{"allow":["GET"]}}],"collection":[{"href":"https:\/\/diariodominicano.com\/index.php?rest_route=\/wp\/v2\/posts"}],"about":[{"href":"https:\/\/diariodominicano.com\/index.php?rest_route=\/wp\/v2\/types\/post"}],"author":[{"embeddable":true,"href":"https:\/\/diariodominicano.com\/index.php?rest_route=\/wp\/v2\/users\/3"}],"replies":[{"embeddable":true,"href":"https:\/\/diariodominicano.com\/index.php?rest_route=%2Fwp%2Fv2%2Fcomments&post=71200"}],"version-history":[{"count":0,"href":"https:\/\/diariodominicano.com\/index.php?rest_route=\/wp\/v2\/posts\/71200\/revisions"}],"wp:attachment":[{"href":"https:\/\/diariodominicano.com\/index.php?rest_route=%2Fwp%2Fv2%2Fmedia&parent=71200"}],"wp:term":[{"taxonomy":"category","embeddable":true,"href":"https:\/\/diariodominicano.com\/index.php?rest_route=%2Fwp%2Fv2%2Fcategories&post=71200"},{"taxonomy":"post_tag","embeddable":true,"href":"https:\/\/diariodominicano.com\/index.php?rest_route=%2Fwp%2Fv2%2Ftags&post=71200"}],"curies":[{"name":"wp","href":"https:\/\/api.w.org\/{rel}","templated":true}]}}