{"id":71198,"date":"2007-12-12T03:16:06","date_gmt":"2007-12-12T03:16:06","guid":{"rendered":"http:\/\/diariodominicano.ddns.net\/?p=71198"},"modified":"2007-12-12T03:16:06","modified_gmt":"2007-12-12T03:16:06","slug":"banderas-recorrio-la-moneda-con-bachelet-y-visito-placa-de-allende","status":"publish","type":"post","link":"https:\/\/diariodominicano.com\/?p=71198","title":{"rendered":"Banderas recorri\u00f3 La Moneda con Bachelet y visit\u00f3 placa de Allende"},"content":{"rendered":"<p><body><\/p>\n<h1 class=\"titulogrande1\">Banderas recorri\u00f3 La Moneda  con Bachelet y visit\u00f3 placa de Allende<\/h1>\n<p>&#13;<\/p>\n<p align=\"justify\"><strong>La visita del actor espa\u00f1ol gener\u00f3 una verdadera batahola entre las  funcionarias de palacio, que luchaban para sacarse una fotograf\u00eda con el  cotizado artista.<\/strong><\/p>\n<p>&#13;<\/p>\n<p align=\"justify\" class=\"text1noticias\"><strong><img loading=\"lazy\" decoding=\"async\" src=\"http:\/\/localhost:8080\/pictures\/antonio y bachelet.jpg\" width=\"269\" height=\"248\" hspace=\"4\" align=\"left\" \/>SANTIAGO, Chile.-<\/strong> Un trato especial recibi\u00f3 el actor Antonio  Banderas en su visita a La Moneda.<br \/>&#13;<br \/>\n  <br \/> &#13;<br \/>\n  Puntualmente  e impecablemente vestido, ingres\u00f3 a Palacio a las 13:30 horas. Luego de  almorzar con actores y actrices chilenas junto a la Presidenta Michelle Bachelet, el actor espa\u00f1ol junto a su esposa, Melanie  Griffith, tuvieron el privilegio de hacer un breve recorrido por las  dependencias de Palacio.<br \/>&#13;<br \/>\n  <br \/>&#13;<br \/>\n  Banderas y Bachelet bajaron por las escaleras del patio Los  Naranjos, luego cruzaron se detuvieron un momento en las esculturas apostadas  en el lugar e ingresaron a los salones del Ministerio del Interior. All\u00ed la  jefa de Estado le mostr\u00f3 un cuadro con el ex Presidente Salvador Allende  saludando desde un balc\u00f3n.<br \/>&#13;<br \/>\n  <br \/>&#13;<br \/>\n  Siguieron su recorrido mientras los funcionarios -y especialmente  funcionarias- se acercaban para fotografiarse con el actor. Posteriormente se  detuvieron en la puerta de Morand\u00e9 80 y luego subieron para conocer la placa  recordatoria de Allende.<br \/>&#13;<br \/>\n  <br \/>&#13;<br \/>\n\u00abHa sido muy emocionante, sinceramente porque eso en  Espa\u00f1a signific\u00f3 mucho\u00bb, dijo Banderas minutos despu\u00e9s.<br \/>&#13;<br \/>\n<br \/>&#13;<br \/>\nBachelet tuvo la deferencia de dejarlo en la puerta de  Palacio mientras las trabajadoras de palacio luchaban por fotografiarse y la  prensa por lograr captar las palabras del espa\u00f1ol.<br \/>&#13;<br \/>\n<br \/>&#13;<br \/>\n\u00abHemos hablado de cine, de pol\u00edtica, de la vida, de los  problemas sociales, de much\u00edsimas cosas, fue muy agradable el encuentro y viene  a resumir un poquito todo lo que hemos sentido desde que hemos llegado a Chile,  la Presidenta  ha resumido el cari\u00f1o\u00bb, explic\u00f3.<br \/>&#13;<br \/>\n<br \/>&#13;<br \/>\nBanderas no descart\u00f3 hacer sus mayores esfuerzos por  establecer una colaboraci\u00f3n cultural con Espa\u00f1a pero aclar\u00f3 que no es pol\u00edtico.  \u00abSoy un actor pero voy a intentarlo\u00bb, precis\u00f3.<br \/>&#13;<br \/>\n<br \/>&#13;<br \/>\nLa cita entre el artista y la mandataria era una de las  prioridades del gal\u00e1n ib\u00e9rico. De hecho, antes de llegar al pa\u00eds solicit\u00f3 tanto  visitar a Bachelet como participar en actividades de la Unicef, donde colabora  desde hace d\u00e9cadas.<br \/>&#13;<br \/>\n<br \/>&#13;<br \/>\n  UNA ARDUA JORNADA<br \/>&#13;<br \/>\n  <br \/>&#13;<br \/>\n  Desde primeras horas el actor junto a su esposa estuvieron  llenos de actividades. Primero un desayuno con ejecutivos de la firma de  perfumes Puig, a cargo de su visita al pa\u00eds, luego un encuentro con gente de  las artes en el Centro Mori. All\u00ed habl\u00f3 con infinitos detalles de sus inicios  en el teatro, donde incluso reconoci\u00f3 que \u00abno ten\u00eda ni para comer\u00bb,  su relaci\u00f3n con Pedro Almod\u00f3var y su paso al cine, donde ha recorrido un largo  camino de la mano de su esposa.<br \/>&#13;<br \/>\n  <br \/>&#13;<br \/>\n  All\u00ed, y haciendo gala de un carisma insuperable, el  protagonista de El Zorro pregunt\u00f3 a la audiencia: \u00ab\u00bfHay algo que se  pudiera hacer que yo pudiera preguntar, que yo pudiera estimular de alguna  forma a nivel de gobierno, entre el gobierno chileno y el gobierno espa\u00f1ol\u00a0 para un intercambio cultural, que las  compa\u00f1\u00edas chilenas pudieran ir a Espa\u00f1a y las compa\u00f1\u00edas espa\u00f1olas vinieran  aqu\u00ed, hay algo que quer\u00e1is que yo le diga a la se\u00f1ora Presidenta? consult\u00f3 al  resto de actores en el teatro, lo que respondieron a coro \u00ab\u00a1preg\u00fantale eso  mismo!\u00bb.<br \/>&#13;<br \/>\n  <br \/>&#13;<br \/>\n  De inmediato, el latino de moda en Hollywood tom\u00f3 el desaf\u00edo  y se comprometi\u00f3 a ser una especie de embajador entre las consultas de sus  pares y las autoridades, y cumpli\u00f3.<br \/>&#13;<br \/>\n  <br \/>&#13;<br \/>\n  Previamente, la visita del astro hispano hab\u00eda causado  cierto revuelo en palacio. De hecho, al ser consultado el ministro secretario  general de Gobierno, Francisco Vidal, por la \u00abmoda\u00bb de recibir actores  seguida por la mandataria, se\u00f1al\u00f3 que \u00abhabr\u00eda que pregunt\u00e1rselo a ella,  pero yo como soy el vocero de ella y del gobierno, si ha tomado la decisi\u00f3n de  recibir a un actor de la trayectoria de Antonio Banderas est\u00e1 en todo su  derecho\u00bb, afirm\u00f3 el personero.<br \/>&#13;<br \/>\n  <br \/>&#13;<br \/>\n  Despu\u00e9s del almuerzo, las famosas visitas regresaron al  Hotel Hyatt, donde esta noche realizar\u00e1n uno de los eventos m\u00e1s importantes de  su visita a Chile, la gala en la que encabezar\u00e1 una subasta a favor de la Unicef y en la que lanzar\u00e1  su nuevo perfume, Blue Seduction.<br \/>&#13;<br \/>\n  <br \/>&#13;<br \/>\n  Para ma\u00f1ana, en tanto, comenzar\u00e1 su d\u00eda tomando desayuno con  40 de sus admiradoras que ganaron la posibilidad de compartir con el actor,  evento en que estar\u00e1n presentes otras cuantas invitadas vip, representantes de  Puig Chile y de la   Tienda Almacenes Par\u00eds, encargada de este evento en  particular.<br \/>&#13;<br \/>\n  <br \/>&#13;<br \/>\n  La Tercera<\/p>\n<p>&#13;<\/p>\n<h6> 2007-12-12 03:16:06 <\/h6>\n<p><!--\n<link rel=\"stylesheet\" href=\"css\/bootstrap.min.css\">\n\n\n<ul class=\"pagination\">\n\t    \n\t\n\n<li >\n\t<a href='?page_no=22875'>Previous<\/a>\n\t<\/li>\n\n\n       \n    \n\n<li><a href='?page_no=1'>1<\/a><\/li>\n\n\n\n<li><a href='?page_no=2'>2<\/a><\/li>\n\n\n\n<li><a>...<\/a><\/li>\n\n\n\n<li><a href='?page_no=22874'>22874<\/a><\/li>\n\n\n\n<li><a href='?page_no=22875'>22875<\/a><\/li>\n\n\n\n<li class='active'><a>22876<\/a><\/li>\n\n\n\n<li><a href='?page_no=22877'>22877<\/a><\/li>\n\n\n\n<li><a href='?page_no=22878'>22878<\/a><\/li>\n\n\n\n<li><a>...<\/a><\/li>\n\n\n\n<li><a href='?page_no=22911'>22911<\/a><\/li>\n\n\n\n<li><a href='?page_no=22912'>22912<\/a><\/li>\n\n    \n\t\n\n<li >\n\t<a href='?page_no=22877'>Next<\/a>\n\t<\/li>\n\n\n    \n\n<li><a href='?page_no=22912'>Last &rsaquo;&rsaquo;<\/a><\/li>\n\n<\/ul>\n\n\n--><br \/>\n<\/body><\/p>\n","protected":false},"excerpt":{"rendered":"<p>Banderas recorri\u00f3 La Moneda con Bachelet y visit\u00f3 placa de Allende &#13; La visita del actor espa\u00f1ol gener\u00f3 una verdadera batahola entre las funcionarias de palacio, que luchaban para sacarse una fotograf\u00eda con el cotizado artista. &#13; SANTIAGO, Chile.- Un trato especial recibi\u00f3 el actor Antonio Banderas en su visita a La Moneda.&#13; &#13; Puntualmente [&hellip;]<\/p>\n","protected":false},"author":3,"featured_media":0,"comment_status":"open","ping_status":"open","sticky":false,"template":"","format":"standard","meta":{"footnotes":""},"categories":[21],"tags":[],"class_list":["post-71198","post","type-post","status-publish","format-standard","hentry","category-cultura"],"_links":{"self":[{"href":"https:\/\/diariodominicano.com\/index.php?rest_route=\/wp\/v2\/posts\/71198","targetHints":{"allow":["GET"]}}],"collection":[{"href":"https:\/\/diariodominicano.com\/index.php?rest_route=\/wp\/v2\/posts"}],"about":[{"href":"https:\/\/diariodominicano.com\/index.php?rest_route=\/wp\/v2\/types\/post"}],"author":[{"embeddable":true,"href":"https:\/\/diariodominicano.com\/index.php?rest_route=\/wp\/v2\/users\/3"}],"replies":[{"embeddable":true,"href":"https:\/\/diariodominicano.com\/index.php?rest_route=%2Fwp%2Fv2%2Fcomments&post=71198"}],"version-history":[{"count":0,"href":"https:\/\/diariodominicano.com\/index.php?rest_route=\/wp\/v2\/posts\/71198\/revisions"}],"wp:attachment":[{"href":"https:\/\/diariodominicano.com\/index.php?rest_route=%2Fwp%2Fv2%2Fmedia&parent=71198"}],"wp:term":[{"taxonomy":"category","embeddable":true,"href":"https:\/\/diariodominicano.com\/index.php?rest_route=%2Fwp%2Fv2%2Fcategories&post=71198"},{"taxonomy":"post_tag","embeddable":true,"href":"https:\/\/diariodominicano.com\/index.php?rest_route=%2Fwp%2Fv2%2Ftags&post=71198"}],"curies":[{"name":"wp","href":"https:\/\/api.w.org\/{rel}","templated":true}]}}