{"id":71197,"date":"2007-12-12T03:24:16","date_gmt":"2007-12-12T03:24:16","guid":{"rendered":"http:\/\/diariodominicano.ddns.net\/?p=71197"},"modified":"2007-12-12T03:24:16","modified_gmt":"2007-12-12T03:24:16","slug":"almodovar-rodara-con-penelope-cruz-su-proxima-pelicula-los-abrazos-rotos","status":"publish","type":"post","link":"https:\/\/diariodominicano.com\/?p=71197","title":{"rendered":"Almod\u00f3var rodar\u00e1 con Pen\u00e9lope Cruz su pr\u00f3xima pel\u00edcula Los abrazos rotos"},"content":{"rendered":"<p><body><\/p>\n<h1 align=\"justify\" class=\"titulogrande1\">Almod\u00f3var rodar\u00e1 con Pen\u00e9lope Cruz su pr\u00f3xima pel\u00edcula Los abrazos rotos <\/h1>\n<p>&#13;<\/p>\n<p><strong>El director espa\u00f1ol lanz\u00f3 hoy un disco con las canciones m\u00e1s representativas  de su filmograf\u00eda. <\/strong><\/p>\n<p>&#13;<\/p>\n<p align=\"justify\" class=\"text1noticias\"><img loading=\"lazy\" decoding=\"async\" src=\"http:\/\/localhost:8080\/pictures\/pedro almodovar.jpg\" width=\"269\" height=\"195\" hspace=\"4\" align=\"left\" \/>Pedro Almod\u00f3var rodar\u00e1 con Pen\u00e9lope Cruz, Blanca Portillo y  Llu\u00eds Homar la pel\u00edcula Los abrazos rotos, una \u00abhistoria  de amor loco\u00bb que engloba varios estilos cinematogr\u00e1ficos, centr\u00e1ndose en  el cine negro de los a\u00f1os 50.<br \/>&#13;<br \/>\n  <br \/>&#13;<br \/>\n  El cineasta espa\u00f1ol avanz\u00f3 hoy en Madrid, durante la presentaci\u00f3n de un  disco, B.S.O. sobre la m\u00fasica de sus pel\u00edculas, el contenido de su nuevo filme,  basado en \u00abel gui\u00f3n m\u00e1s largo\u00bb de su filmograf\u00eda.<br \/>&#13;<br \/>\n  <br \/>&#13;<br \/>\n  En Los abrazos rotos ofrecer\u00e1 \u00abun registro interpretativo de Pen\u00e9lope  que ning\u00fan cineasta ha mostrado hasta ahora\u00bb, adem\u00e1s de incluir un papel  de igual relevancia para Blanca Portillo (Volver) \u00abescrito a la  medida\u00bb de la que es, seg\u00fan Almod\u00f3var, \u00abuna de las actrices m\u00e1s  dotadas del cine y el teatro actual\u00bb.<br \/>&#13;<br \/>\n  <br \/>&#13;<br \/>\n  A ella se sumar\u00e1 Llu\u00eds Homar (La mala educaci\u00f3n) en un papel protagonista y  otros tres actores masculinos, a\u00fan por decidir, en roles secundarios en una  historia que transcurre en dos tiempos distintos, en la d\u00e9cada de los 90 y en  la actualidad, explic\u00f3 el director de cine.<br \/>&#13;<br \/>\n  <br \/>&#13;<br \/>\n  MUSICA DE PELICULA<br \/>&#13;<br \/>\n  <br \/>&#13;<br \/>\n  Almod\u00f3var, que adelant\u00f3 que Los abrazos rotos iniciar\u00e1 su proceso de  preproducci\u00f3n en enero, re\u00fane en B.S.O. (EMI) toda la m\u00fasica de su filmograf\u00eda,  una ecl\u00e9ctica selecci\u00f3n musical al servicio de un cine tan personal, casi  endog\u00e1mico, como el suyo.<br \/>&#13;<br \/>\n  <br \/>&#13;<br \/>\n  Unas melod\u00edas que han ayudado al responsable de t\u00edtulos como Atame, Volver o  Mujeres al borde de un ataque de nervios a forjar los momentos culminantes de  sus pel\u00edculas, ya que todas ellas \u00abposeen una capacidad narrativa tan  importante como lo son la iluminaci\u00f3n o los decorados\u00bb, apunt\u00f3.<br \/>&#13;<br \/>\n  <br \/>&#13;<br \/>\n\u00abEs mi modo de concebir el cine, y es esencial para mostrar lo que  ocurre a los personajes\u00bb, explic\u00f3 Almod\u00f3var, quien recurre a las canciones  de su vida para reproducir sensaciones en la pantalla.<br \/>&#13;<br \/>\n<br \/>&#13;<br \/>\nAs\u00ed logr\u00f3 expresar el llanto de Dar\u00edo Grandinetti en Hable con ella, gracias  a la \u00abnana f\u00fanebre\u00bb en que se convirti\u00f3 el Cucurrucuc\u00fa paloma de  Caetano Veloso, o la emoci\u00f3n que embargaba a Carmen Maura al ver cantar Volver  a su hija, Pen\u00e9lope Cruz, con la voz prestada de la cantaora Estrella Morente.<br \/>&#13;<br \/>\n<br \/>&#13;<br \/>\n\u00abCasi todas estas canciones son cl\u00e1sicos de la canci\u00f3n popular  reconstruidos totalmente para darles un sentido nuevo, que es lo que me  interesa para mis pel\u00edculas\u00bb, continu\u00f3 el cineasta, para quien el m\u00fasico  Alberto Iglesias es \u00abun colaborador imprescindible y una de las personas  que m\u00e1s contento estoy de haber conocido\u00bb.<br \/>&#13;<br \/>\n<br \/>&#13;<br \/>\nEsa debilidad de Almod\u00f3var por las melod\u00edas en sus pel\u00edculas le entronca de  forma inesperada con directores como David Lynch, Quentin Tarantino, Carlos  Saura o Wong KarWai, a quienes admira en su forma de emplear las canciones para  su narraci\u00f3n visual.<br \/>&#13;<br \/>\n<br \/>&#13;<br \/>\nEFE<\/p>\n<p>&#13;<\/p>\n<h6> 2007-12-12 03:24:16 <\/h6>\n<p><!--\n<link rel=\"stylesheet\" href=\"css\/bootstrap.min.css\">\n\n\n<ul class=\"pagination\">\n\t    \n\t\n\n<li >\n\t<a href='?page_no=22874'>Previous<\/a>\n\t<\/li>\n\n\n       \n    \n\n<li><a href='?page_no=1'>1<\/a><\/li>\n\n\n\n<li><a href='?page_no=2'>2<\/a><\/li>\n\n\n\n<li><a>...<\/a><\/li>\n\n\n\n<li><a href='?page_no=22873'>22873<\/a><\/li>\n\n\n\n<li><a href='?page_no=22874'>22874<\/a><\/li>\n\n\n\n<li class='active'><a>22875<\/a><\/li>\n\n\n\n<li><a href='?page_no=22876'>22876<\/a><\/li>\n\n\n\n<li><a href='?page_no=22877'>22877<\/a><\/li>\n\n\n\n<li><a>...<\/a><\/li>\n\n\n\n<li><a href='?page_no=22911'>22911<\/a><\/li>\n\n\n\n<li><a href='?page_no=22912'>22912<\/a><\/li>\n\n    \n\t\n\n<li >\n\t<a href='?page_no=22876'>Next<\/a>\n\t<\/li>\n\n\n    \n\n<li><a href='?page_no=22912'>Last &rsaquo;&rsaquo;<\/a><\/li>\n\n<\/ul>\n\n\n--><br \/>\n<\/body><\/p>\n","protected":false},"excerpt":{"rendered":"<p>Almod\u00f3var rodar\u00e1 con Pen\u00e9lope Cruz su pr\u00f3xima pel\u00edcula Los abrazos rotos &#13; El director espa\u00f1ol lanz\u00f3 hoy un disco con las canciones m\u00e1s representativas de su filmograf\u00eda. &#13; Pedro Almod\u00f3var rodar\u00e1 con Pen\u00e9lope Cruz, Blanca Portillo y Llu\u00eds Homar la pel\u00edcula Los abrazos rotos, una \u00abhistoria de amor loco\u00bb que engloba varios estilos cinematogr\u00e1ficos, centr\u00e1ndose [&hellip;]<\/p>\n","protected":false},"author":3,"featured_media":0,"comment_status":"open","ping_status":"open","sticky":false,"template":"","format":"standard","meta":{"footnotes":""},"categories":[21],"tags":[],"class_list":["post-71197","post","type-post","status-publish","format-standard","hentry","category-cultura"],"_links":{"self":[{"href":"https:\/\/diariodominicano.com\/index.php?rest_route=\/wp\/v2\/posts\/71197","targetHints":{"allow":["GET"]}}],"collection":[{"href":"https:\/\/diariodominicano.com\/index.php?rest_route=\/wp\/v2\/posts"}],"about":[{"href":"https:\/\/diariodominicano.com\/index.php?rest_route=\/wp\/v2\/types\/post"}],"author":[{"embeddable":true,"href":"https:\/\/diariodominicano.com\/index.php?rest_route=\/wp\/v2\/users\/3"}],"replies":[{"embeddable":true,"href":"https:\/\/diariodominicano.com\/index.php?rest_route=%2Fwp%2Fv2%2Fcomments&post=71197"}],"version-history":[{"count":0,"href":"https:\/\/diariodominicano.com\/index.php?rest_route=\/wp\/v2\/posts\/71197\/revisions"}],"wp:attachment":[{"href":"https:\/\/diariodominicano.com\/index.php?rest_route=%2Fwp%2Fv2%2Fmedia&parent=71197"}],"wp:term":[{"taxonomy":"category","embeddable":true,"href":"https:\/\/diariodominicano.com\/index.php?rest_route=%2Fwp%2Fv2%2Fcategories&post=71197"},{"taxonomy":"post_tag","embeddable":true,"href":"https:\/\/diariodominicano.com\/index.php?rest_route=%2Fwp%2Fv2%2Ftags&post=71197"}],"curies":[{"name":"wp","href":"https:\/\/api.w.org\/{rel}","templated":true}]}}