{"id":71175,"date":"2008-01-14T04:44:12","date_gmt":"2008-01-14T04:44:12","guid":{"rendered":"http:\/\/diariodominicano.ddns.net\/?p=71175"},"modified":"2008-01-14T04:44:12","modified_gmt":"2008-01-14T04:44:12","slug":"el-ultimo-parchis-del-poeta","status":"publish","type":"post","link":"https:\/\/diariodominicano.com\/?p=71175","title":{"rendered":"El \u00faltimo parch\u00eds del poeta"},"content":{"rendered":"<p><body><\/p>\n<p align=\"justify\"><strong class=\"titulogrande1\">El \u00faltimo  parch\u00eds del poeta<\/strong><br \/>&#13;<br \/>\n  <br \/>&#13;<br \/>\n    <strong>Los amigos de \u00c1ngel  Gonz\u00e1lez despiden al escritor en una c\u00e1lida ceremonia civil celebrada en Madrid <\/strong><\/p>\n<p>&#13;<\/p>\n<p align=\"justify\" class=\"text1noticias\"><strong><img loading=\"lazy\" decoding=\"async\" src=\"http:\/\/localhost:8080\/pictures\/adios alex gonzalez.jpg\" width=\"269\" height=\"366\" hspace=\"4\" align=\"left\" \/>MADRID.-<\/strong> Como dec\u00eda la esquela que anunciaba ayer en EL PA\u00cdS su  muerte y su incineraci\u00f3n, \u00c1ngel Gonz\u00e1lez ten\u00eda \u00abinnumerables amigos\u00bb,  pero con cuatro de ellos, Manuel, Amaro, Benigno y Paco Ignacio, ten\u00eda dos o  tres citas anuales que mantuvo desde que era un adolescente. Las cumpli\u00f3  siempre, hasta esta Navidad, y ayer, antes de que quemaran su cad\u00e1ver en la Almudena, Manuel, que es  Manuel Lombardero, librero y editor, record\u00f3 esas citas y la alegr\u00eda que sent\u00eda  el poeta cuando estaban juntos.<br \/>&#13;<br \/>\n  <br \/>&#13;<br \/>\n  Lombardero ten\u00eda 13 a\u00f1os, y \u00c1ngel era un a\u00f1o m\u00e1s joven cuando se  encontraron en las calles devastadas de Oviedo; todos los muchachos ten\u00edan a  alguien en la c\u00e1rcel, alg\u00fan desaparecido, varios muertos en las familias  diezmadas de la guerra.<br \/>&#13;<br \/>\n  <br \/>&#13;<br \/>\n  Se hicieron amigos ellos dos, y con ellos estaban Paco  Ignacio, Amaro, Benigno&#8230; La vida los desperdig\u00f3; todos emigraron, Manuel, a  Barcelona; el propio \u00c1ngel se fue a Madrid y despu\u00e9s a Nuevo M\u00e9xico; Paco  Ignacio y Amaro, hermanos, a M\u00e9xico; Benigno se fue a Venezuela&#8230; Lombardero,  subido al estrado m\u00e1s sobrio del mundo, el estrado de un crematorio, desgran\u00f3  an\u00e9cdotas de esa amistad de m\u00e1s de 60 a\u00f1os que jam\u00e1s conoci\u00f3 desmayo, siempre  se encontraron, en cualquier sitio.<br \/>&#13;<br \/>\n  <br \/> &#13;<br \/>\n  La \u00faltima vez, en la casa de Lombardero, ya  sent\u00eda \u00e9ste que su amigo abrigaba aires de despedida; comi\u00f3 m\u00e1s que nunca,  porque la mujer de su amigo Manuel sab\u00eda sus gustos por las comidas caseras,  las lentejas, las patatas con chorizo&#8230;; hablaron de sus otros amigos y, c\u00f3mo  no, jugaron al parch\u00eds, como desde que eran adolescentes, y \u00c1ngel volvi\u00f3 a  acordarse de la frase que explicaba, m\u00e1s que ning\u00fan otro signo, su alegr\u00eda de  estar vivo, feliz con los amigos, esperando que esa utop\u00eda de tenerlos siempre  no se desvaneciera nunca. Cada vez que se cobrara una ficha, exclamaba, con el  acento argentino que se correspond\u00eda con su recuerdo: \u00ab\u00a1Ch\u00fapame la  camiseta!\u00bb.<br \/>&#13;<br \/>\n  <br \/>&#13;<br \/>\n  En aquel ambiente c\u00e1lido y entristecido por la muerte de \u00c1ngel,  que reposaba ya all\u00ed antes de ser ceniza, esa memoria de Lombardero son\u00f3 como  la expresi\u00f3n m\u00e1s sencilla que hubiera querido el poeta para anticipar su  silencio. Habl\u00f3 su amigo Pepe Caballero Bonald, \u00abmi amigo \u00c1ngel, de tantas  noches y de tantas madrugadas\u00bb; habl\u00f3 V\u00edctor Garc\u00eda de la Concha, representando su  dolor y el de sus compa\u00f1eros de Academia, y habl\u00f3 Jaime Lorenzo, compa\u00f1ero de  oficina en el Ministerio de Obras P\u00fablicas&#8230; Lorenzo, que fue vecino, amigo,  del poeta de <em>Palabra sobre palabra,<\/em> termin\u00f3 su intensa confesi\u00f3n de  amistad con esta expresi\u00f3n que son\u00f3 como el esp\u00edritu de esta despedida:  \u00abAdi\u00f3s, Angel\u00edn\u00bb.<br \/>&#13;<br \/>\n  <br \/>&#13;<br \/>\n  Hubo escritores, m\u00fasicos, pol\u00edticos, profesores&#8230; Con todos  ellos, Susana Rivera, su esposa; Josefina Mart\u00ednez, viuda de Alarcos, su otro  gran amigo. Innumerables compa\u00f1eros, silencio y Puccini, su m\u00fasica. La 2 de TVE  emiti\u00f3 el s\u00e1bado <em>\u00c9sta es mi tierra,<\/em> que \u00c1ngel hizo en sus dos tierras,  Asturias (y Le\u00f3n) y Nuevo M\u00e9xico. Eligi\u00f3 para grabarlos el paisaje del  invierno, las monta\u00f1as nevadas, la soledad s\u00f3lo interrumpida por la incursi\u00f3n  en un bar de Albuquerque, una taberna en Cerrillos&#8230; De resto, nieve y fr\u00edo.  En medio del fr\u00edo final, este de ayer en Madrid, amigos de todas las  generaciones, tabernarios, serios o acad\u00e9micos, le dijeron adi\u00f3s escuch\u00e1ndole  recitar ese poema, <em>Para que yo me llame \u00c1ngel Gonz\u00e1lez,<\/em> que ahora parece  tambi\u00e9n la autobiograf\u00eda de los que con \u00e9l jugaron al parch\u00eds. \u00ab\u00a1Ch\u00fapame  la camiseta!\u00bb.<br \/>&#13;<br \/>\n  <br \/>&#13;<br \/>\n  <strong>JUAN CRUZ<\/strong> &#8211; Madrid &#8211; 14\/01\/2008\/El Pa\u00eds<\/p>\n<p>&#13;<\/p>\n<h6> 2008-01-14 04:44:12 <\/h6>\n<p><!--\n<link rel=\"stylesheet\" href=\"css\/bootstrap.min.css\">\n\n\n<ul class=\"pagination\">\n\t    \n\t\n\n<li >\n\t<a href='?page_no=22852'>Previous<\/a>\n\t<\/li>\n\n\n       \n    \n\n<li><a href='?page_no=1'>1<\/a><\/li>\n\n\n\n<li><a href='?page_no=2'>2<\/a><\/li>\n\n\n\n<li><a>...<\/a><\/li>\n\n\n\n<li><a href='?page_no=22851'>22851<\/a><\/li>\n\n\n\n<li><a href='?page_no=22852'>22852<\/a><\/li>\n\n\n\n<li class='active'><a>22853<\/a><\/li>\n\n\n\n<li><a href='?page_no=22854'>22854<\/a><\/li>\n\n\n\n<li><a href='?page_no=22855'>22855<\/a><\/li>\n\n\n\n<li><a>...<\/a><\/li>\n\n\n\n<li><a href='?page_no=22911'>22911<\/a><\/li>\n\n\n\n<li><a href='?page_no=22912'>22912<\/a><\/li>\n\n    \n\t\n\n<li >\n\t<a href='?page_no=22854'>Next<\/a>\n\t<\/li>\n\n\n    \n\n<li><a href='?page_no=22912'>Last &rsaquo;&rsaquo;<\/a><\/li>\n\n<\/ul>\n\n\n--><br \/>\n<\/body><\/p>\n","protected":false},"excerpt":{"rendered":"<p>El \u00faltimo parch\u00eds del poeta&#13; &#13; Los amigos de \u00c1ngel Gonz\u00e1lez despiden al escritor en una c\u00e1lida ceremonia civil celebrada en Madrid &#13; MADRID.- Como dec\u00eda la esquela que anunciaba ayer en EL PA\u00cdS su muerte y su incineraci\u00f3n, \u00c1ngel Gonz\u00e1lez ten\u00eda \u00abinnumerables amigos\u00bb, pero con cuatro de ellos, Manuel, Amaro, Benigno y Paco Ignacio, [&hellip;]<\/p>\n","protected":false},"author":3,"featured_media":0,"comment_status":"open","ping_status":"open","sticky":false,"template":"","format":"standard","meta":{"footnotes":""},"categories":[21],"tags":[],"class_list":["post-71175","post","type-post","status-publish","format-standard","hentry","category-cultura"],"_links":{"self":[{"href":"https:\/\/diariodominicano.com\/index.php?rest_route=\/wp\/v2\/posts\/71175","targetHints":{"allow":["GET"]}}],"collection":[{"href":"https:\/\/diariodominicano.com\/index.php?rest_route=\/wp\/v2\/posts"}],"about":[{"href":"https:\/\/diariodominicano.com\/index.php?rest_route=\/wp\/v2\/types\/post"}],"author":[{"embeddable":true,"href":"https:\/\/diariodominicano.com\/index.php?rest_route=\/wp\/v2\/users\/3"}],"replies":[{"embeddable":true,"href":"https:\/\/diariodominicano.com\/index.php?rest_route=%2Fwp%2Fv2%2Fcomments&post=71175"}],"version-history":[{"count":0,"href":"https:\/\/diariodominicano.com\/index.php?rest_route=\/wp\/v2\/posts\/71175\/revisions"}],"wp:attachment":[{"href":"https:\/\/diariodominicano.com\/index.php?rest_route=%2Fwp%2Fv2%2Fmedia&parent=71175"}],"wp:term":[{"taxonomy":"category","embeddable":true,"href":"https:\/\/diariodominicano.com\/index.php?rest_route=%2Fwp%2Fv2%2Fcategories&post=71175"},{"taxonomy":"post_tag","embeddable":true,"href":"https:\/\/diariodominicano.com\/index.php?rest_route=%2Fwp%2Fv2%2Ftags&post=71175"}],"curies":[{"name":"wp","href":"https:\/\/api.w.org\/{rel}","templated":true}]}}