{"id":71174,"date":"2008-01-15T04:24:51","date_gmt":"2008-01-15T04:24:51","guid":{"rendered":"http:\/\/diariodominicano.ddns.net\/?p=71174"},"modified":"2008-01-15T04:24:51","modified_gmt":"2008-01-15T04:24:51","slug":"el-legado-de-hostos","status":"publish","type":"post","link":"https:\/\/diariodominicano.com\/?p=71174","title":{"rendered":"El legado de Hostos"},"content":{"rendered":"<p><body><\/p>\n<h1 class=\"titulogrande1\">El legado de Hostos<\/h1>\n<p>&#13;<\/p>\n<p align=\"justify\"><strong>Para Juan Mari Br\u00e1s, el sue\u00f1o de Hostos, Mart\u00ed, Betances y  Luper\u00f3n sigue vivo: una Uni\u00f3n caribe\u00f1a, que agrupe a las tres Antillas  hispanoparlantes. La unidad de nacionalidades y culturas es posible, dice, si  se sigue el modelo europeo.<\/strong><br \/>&#13;<br \/>\n  <span class=\"text1noticias\"><br \/>&#13;<br \/>\n  Lcdo. Juan Mari Br\u00e1s<br \/>&#13;<br \/>\n  Por Carmen Dolores Hern\u00e1ndez \/ cdh@caribe.net <\/span><br \/>&#13;<br \/>\n  <br \/>&#13;<br \/>\n  <span class=\"text1noticias\"><img loading=\"lazy\" decoding=\"async\" src=\"http:\/\/localhost:8080\/pictures\/juan mari bras pic.jpg\" width=\"269\" height=\"202\" hspace=\"4\" align=\"left\" \/>El Lcdo. Juan Mari Br\u00e1s ha sido una figura clave en la lucha por la  independencia de Puerto Rico, llegando al extremo de renunciar a la ciudadan\u00eda  de los Estados Unidos y adoptar la nacionalidad puertorrique\u00f1a. En esa misi\u00f3n  lo ha guiado el pensamiento de Eugenio Mar\u00eda de Hostos.<br \/>&#13;<br \/>\n  <br \/>&#13;<br \/>\n  <strong>A 169 a\u00f1os -reci\u00e9n celebrados- del natalicio de Eugenio Mar\u00eda de  Hostos, \u00bfqu\u00e9 planteamientos de ese otro mayag\u00fcezano aplican hoy a la situaci\u00f3n  puertorrique\u00f1a? <\/strong><\/span><\/p>\n<p>&#13;<\/p>\n<p align=\"justify\" class=\"text1noticias\">Prefiero el Modelo Americano de union de culturas pues es el que tenemos y  al cual no podemos rechazar sin rechazar la separacion de la mitad de los  boricuas que viven en los Estados Unidos. <br \/>&#13;<br \/>\n  <br \/>&#13;<br \/>\nUstedes hablan del mantengo pero el  mayor mantengo lo tiene la colonia a la cual Mari Bras se ha unido ultimamente  pues se ha convertido en Populete de Anibal. Pues si se fijan que la razon del  quebranto economico de Puerto Rico es sencilla de arreglar y es el gigantismo  gubernamental que nos cuesta a todos lo cual es una politica popular de meter  populares al gobierno para que defiendan la colonia y la mentira del 1952.  Hostos creia en la ciudadania americana pues creia en la Igualdad. Lo que pasa  es que los populetes todavia no se deciden entre ser americanos o irse por su  cuenta y mientras dicen una cosa hacen otra al igual que lo del Sales Tax. Se  alian con los racistas en el congreso para mantener viva la moribunda colonia. <\/p>\n<p>&#13;<\/p>\n<p align=\"justify\" class=\"text1noticias\">Con relaci\u00f3n a la pol\u00edtica del status, lo m\u00e1s pertinente sigue siendo la  propuesta de una Asamblea Nacional que hizo como presidente de la Liga de Patriotas fundada en  1898 por \u00e9l, que era independentista; Zeno Gand\u00eda, autonomista, y el Dr. Henna,  anexionista. Fue la primera convergencia de las tres tendencias en una sola  organizaci\u00f3n c\u00edvica que buscaba la unidad de los puertorrique\u00f1os para negociar  con los Estados Unidos de pueblo a pueblo. La Asamblea Nacional,  dec\u00eda, ser\u00eda un evento deliberativo donde se trabaje sosegadamente y unos y  otros cedamos en algunos aspectos de nuestras ideolog\u00edas en aras de buscar  consensos. Tiene que ser as\u00ed: la alternativa ser\u00eda la guerra civil.<br \/>&#13;<br \/>\n  <br \/>&#13;<br \/>\n    <strong>Que un puertorrique\u00f1o mate a otro por causas pol\u00edticas es  inaceptable.<\/strong><br \/>&#13;<br \/>\n    <br \/>&#13;<br \/>\n    Desde luego. Siempre pongo de ejemplo el caso de Chipre, de lo nefasto que  ser\u00eda eso. Esa isla, del tama\u00f1o de Puerto Rico, est\u00e1 dividida entre una parte  griega y otra turca. Son dos pa\u00edses distintos porque hubo una guerra entre  ellos. [R\u00ede]. Claro, yo me reservo el derecho de que hagamos la rep\u00fablica desde  Lares para all\u00e1, pero no es lo ideal.<br \/>&#13;<br \/>\n    <br \/>&#13;<br \/>\n    <strong>\u00bfQu\u00e9 aspectos del pensamiento de Hostos est\u00e1n hoy obsoletos?<\/strong><br \/>&#13;<br \/>\n    <br \/>&#13;<br \/>\n    Hostos ten\u00eda un concepto idealista del federalismo, lo cual lo llev\u00f3 a ser  un gran admirador de los Estados Unidos durante todo el siglo XIX, hasta que se  enfrent\u00f3 a la situaci\u00f3n de Puerto Rico.<br \/>&#13;<br \/>\n    <br \/> &#13;<br \/>\n  Consideraba -con raz\u00f3n, en gran medida-  que Estados Unidos estaba realizando el experimento m\u00e1s exitoso en federalismo  de toda la historia de la civilizaci\u00f3n occidental. Efectivamente, fueron los  Estados Unidos, primero, y luego Francia los dos pa\u00edses que iniciaron el  per\u00edodo moderno de la historia. Hostos parte de ah\u00ed, pero lo salva de ser  pitiyanqui -de ser una especie de Miriam Ram\u00edrez- la realidad con la que se  puso en contacto cuando lleg\u00f3 a Am\u00e9rica desde Espa\u00f1a y el pensamiento de  Bol\u00edvar, que fue su maestro. <br \/>&#13;<br \/>\n    <br \/>&#13;<br \/>\n    <strong>El independentismo en Puerto Rico parece estar ahora m\u00e1s dividido  que nunca. <\/strong><br \/>&#13;<br \/>\n    <br \/>&#13;<br \/>\n    Aqu\u00ed hay divisi\u00f3n en todo, pero en el independentismo m\u00e1s, a pesar de ser la  fracci\u00f3n m\u00e1s peque\u00f1a en t\u00e9rminos cuantitativos electorales, aunque yo sostengo  que la mayor parte de los independentistas de Puerto Rico o son populares o no  votan. Pero siempre busco el lado optimista de las cosas: pienso que el  independentismo es el embri\u00f3n de la Rep\u00fablica, y la Rep\u00fablica no aspira a  que todo el mundo piense igual. Hay tendencias que se cristalizar\u00e1n, una vez  venga la Rep\u00fablica,  en organizaciones pol\u00edticas. <br \/>&#13;<br \/>\n    <br \/>&#13;<br \/>\n    <strong>Un obst\u00e1culo importante a la independencia de Puerto Rico es el  miedo a perder la ciudadan\u00eda. Su acci\u00f3n de renuncia, en ese sentido, fue una  toma de posici\u00f3n.<\/strong><br \/>&#13;<br \/>\n    <br \/>&#13;<br \/>\n    Esa fue la raz\u00f3n de ser de ese experimento. La ciudadan\u00eda americana no pasa  de ser un fetiche. Lo que s\u00ed se puede negociar de pueblo a pueblo es la  ciudadan\u00eda rec\u00edproca que tienen los canadienses y los ingleses. Se puede y debe  negociar, porque los americanos crearon la Di\u00e1spora nuestra y tienen obligaci\u00f3n de  resolverla. Existe, adem\u00e1s, la ciudadan\u00eda doble: todo el que en Puerto Rico  tenga padre o madre espa\u00f1oles tiene derecho a la ciudadan\u00eda espa\u00f1ola; el que  tenga alg\u00fan abuelo franc\u00e9s tiene derecho a la francesa. Yo lo tengo porque mi  abuelo era corso y una rama de mi familia siempre ha sido muy afrancesada. Me  lo dijo el c\u00f3nsul de Francia cuando renunci\u00e9 a la ciudadan\u00eda. Cuando le  pregunt\u00e9 si me pod\u00eda conseguir una visa para ir a C\u00f3rcega a ver la casa de mis  abuelos, me dijo que no porque los americanos se opon\u00edan a que se le diera una  visa a un puertorrique\u00f1o si no tiene la ciudadan\u00eda americana, pero que s\u00ed pod\u00eda  solicitar para m\u00ed la ciudadan\u00eda francesa. Como yo renunci\u00e9 a la ciudadan\u00eda de  los Estados Unidos en protesta por la situaci\u00f3n colonial de Puerto Rico, no iba  a tomar la de Francia, que tiene a C\u00f3rcega en la misma condici\u00f3n. Ser\u00eda  contradictorio. <br \/>&#13;<br \/>\n    <br \/>&#13;<br \/>\n    <strong>\u00bfPuede usted viajar y volver a Puerto Rico sin problema?<\/strong><br \/>&#13;<br \/>\n    <br \/>&#13;<br \/>\n    Voy a los sitios adonde me acogen con mi certificado de nacimiento y del  Departamento de Estado. En cuanto a volver, la ley americana es muy clara: a  los indocumentados hay que devolverlos a su lugar de origen. Y mi lugar de  origen es Mayag\u00fcez.<br \/>&#13;<br \/>\n    <br \/>&#13;<br \/>\n    <strong>Otro problema son las bases econ\u00f3micas de una posible independencia.<\/strong><br \/>&#13;<br \/>\n    <br \/>&#13;<br \/>\n    Creo que est\u00e1 trazado el camino, pero hay que difundirlo y esclarecerlo. La  gente cree, por ejemplo, que el Seguro Social se pierde. Eso no es una regal\u00eda;  nosotros cotizamos al Seguro Social dos veces m\u00e1s de lo que se recibe en  pensiones. Los veteranos tienen derechos adquiridos y no se los pueden negar  porque Puerto Rico cambie de status. Y est\u00e1n las leyes de cabotaje. Los  economistas podr\u00edan hacer un plan econ\u00f3mico espectacular, pero la \u00fanica  preocupaci\u00f3n del PIP es quedar inscrito.<br \/>&#13;<br \/>\n    <br \/>&#13;<br \/>\n    <strong>Aun otra circunstancia que conspira contra la independencia son los  lazos -familiares, educativos, sociales- con los Estados Unidos.<\/strong><br \/>&#13;<br \/>\n    <br \/>&#13;<br \/>\n    Recientemente ofrec\u00ed una conferencia en el Hostos Community College del  Bronx: \u201cLos puertorrique\u00f1os de los Estados Unidos bajo la percepci\u00f3n hostosiana  de la naci\u00f3n\u201d. Arranqu\u00e9 aplausos cuando dije: \u201cEstoy hablando en el barrio  puertorrique\u00f1o m\u00e1s grande del mundo: el Bronx\u201d. <br \/>&#13;<br \/>\n    <br \/>&#13;<br \/>\n  Estaban Jos\u00e9 Rivera, miembro de  la asamblea estatal en Albany, y Dennis Rivera, l\u00edder de la uni\u00f3n m\u00e1s grande de  trabajadores de salud: son independentistas. Luis Guti\u00e9rrez, el congresista de  Chicago, me dijo: \u201cYo soy independentista, pero \u00bfc\u00f3mo voy a predicar la  independencia si soy congresista de los Estados Unidos?\u201d. Le contest\u00e9: \u201cEn la C\u00e1mara hay unos cuantos  congresistas de origen mexicano. \u00bfAlgunos de ellos est\u00e1 en contra de la  independencia de M\u00e9xico?\u201d.<br \/>&#13;<br \/>\n  <br \/>&#13;<br \/>\n    <strong>La uni\u00f3n de las Antillas, que quer\u00eda Hostos y que hoy parecer\u00eda  l\u00f3gica de cara a uniones como la europea, se ve cada vez m\u00e1s distante.<\/strong><br \/>&#13;<br \/>\n    <br \/>&#13;<br \/>\n    Es cierto si lo pones en t\u00e9rminos del planteamiento original de Hostos,  Mart\u00ed, Betances y Luper\u00f3n: la uni\u00f3n de las tres Antillas hispanoparlantes. A  eso habr\u00eda que cambiarle el contexto. Lo que se puede y debe buscar es una  uni\u00f3n caribe\u00f1a al estilo, en su desarrollo, de la Uni\u00f3n Europea,  compuesta por gente de distintas nacionalidades y culturas. Los archipi\u00e9lagos de  las Antillas Mayores y las Menores convergen en Puerto Rico. Pertenecemos a  ambos, porque Vieques y Culebra son de las Antillas Menores y la \u201cisla grande\u201d,  que es Puerto Rico, es de las Mayores. (En Vieques nos dicen \u201cla isla grande\u201d,  el \u00fanico sitio del mundo donde nos dicen grande). Que empiece un experimento  como el de la Uni\u00f3n   Europea, que empez\u00f3 con un mercado de acero, sigui\u00f3 con un  mercado com\u00fan y con moneda com\u00fan, y luego con un Parlamento. <br \/>&#13;<br \/>\n    <br \/>&#13;<br \/>\n    <strong>Es el gran experimento de nuestra \u00e9poca.<\/strong><br \/>&#13;<br \/>\n    <br \/>&#13;<br \/>\n    Yo estuve unos 10 a\u00f1os bebiendo Heineken y, como soy de Mayag\u00fcez, me dec\u00edan  que era un delito de lesa patria. La beb\u00eda porque un tal Heineken, heredero de  la cerveza, escribi\u00f3 hace quince a\u00f1os un libro donde plantea que para que  progrese la Uni\u00f3n   Europea necesita descomponerse no en los 15 pa\u00edses que la  formaban entonces, sino en 51 naciones naturales. Entonces los catalanes no  necesitar\u00edan a Madrid para comunicarse con Bruselas. Cada una de las naciones  naturales que converjan en esos estados, con autonom\u00eda suficiente, podr\u00eda  comunicarse directamente con un poder regional, que sale de Bruselas. En  Yugoeslavia empezaron con eso, pero a un costo grav\u00edsimo. <br \/>&#13;<br \/>\n    <br \/>&#13;<br \/>\n    <strong>\u00bfC\u00f3mo fue su paso del independentismo al socialismo doctrinario y al  marxismo?<\/strong><br \/>&#13;<br \/>\n    <br \/>&#13;<br \/>\n    Yo soy marxista cristiano. Nunca he sido nacionalista; eso lo hago claro,  aunque admiro a los h\u00e9roes nacionalistas y a Albizu Campos. Creo que el  socialismo necesitaba el tremendo colapso que tuvo para poder reformularse de  una manera m\u00e1s humana y m\u00e1s a tono con los ideales de verdadera justicia  social.<br \/>&#13;<br \/>\n    <br \/>&#13;<br \/>\n    <strong>Usted habla contra los caudillos. \u00bfY los del Caribe?<\/strong><br \/>&#13;<br \/>\n    <br \/>&#13;<br \/>\n    El caudillismo es un rezago de las monarqu\u00edas en la pol\u00edtica de muchos  lugares del mundo que no han superado esa etapa de la historia. En t\u00e9rminos de  las grandes revoluciones, hasta ahora, en la Am\u00e9rica Latina,  todos los l\u00edderes han sido caudillistas. Estoy en contra del caudillismo; no  har\u00eda nada que promoviera a un caudillo, ni en la rep\u00fablica ni en la autonom\u00eda  mayor, pero no dejo de admirar a mi amigo, Fidel Castro.<br \/>&#13;<br \/>\n    <br \/>&#13;<br \/>\n    <strong>\u00bfFidel Castro es su amigo?<\/strong><br \/>&#13;<br \/>\n    <br \/>&#13;<br \/>\n    Lo conoc\u00ed en 1947. Yo presid\u00eda la Sociedad Independentista  Universitaria en R\u00edo Piedras y \u00e9l la Comisi\u00f3n pro Independencia de Puerto Rico de la Federaci\u00f3n Estudiantil  Universitaria (FEU) de Cuba. <br \/>&#13;<br \/>\n    <br \/>&#13;<br \/>\n  Una delegaci\u00f3n de la UPR fue a La Habana a una conferencia  preparatoria para un congreso de estudiantes a celebrarse en M\u00e9xico en el 48.  Don Pepe Ferrer Canales mand\u00f3 a hacer una placa para la FEU, en agradecimiento por la  solidaridad que siempre demostraron con la independencia de Puerto Rico. Fui  portador de esa placa que se entreg\u00f3 en una ceremonia en las escalinatas de la Universidad de La Habana. All\u00ed conoc\u00ed a  Fidel. Cuando subi\u00f3 a la   Sierra Maestra, mand\u00f3 a Puerto Rico un delegado -Jacinto  V\u00e1zquez- para conseguir un grupo de apoyo al Movimiento del 26 de julio y le  dijo: \u2018Vete a ver a Juan Mari Br\u00e1s\u2019. Yo trabajaba entonces -era el a\u00f1o 57- en  el Capitolio como asesor de la minor\u00eda independentista. Fuimos a Mayag\u00fcez y el  alcalde nos prest\u00f3 el Comit\u00e9 Popular para organizar el Primer Comit\u00e9 de Apoyo  al 26 de julio que hubo en Puerto Rico. Renunci\u00e9 poco despu\u00e9s a mi trabajo y ya  no militaba ni en el PIP ni en el nacionalismo, los \u00fanicos movimientos  independentistas. Me utilizaban los del 26 de julio y tambi\u00e9n los  antitrujillistas para hacer m\u00edtines en contra de Trujillo. Cuando triunf\u00f3 la Revoluci\u00f3n, hace 47  a\u00f1os, nosotros, que ten\u00edamos los grupos del 26 organizados, fuimos y tomamos el  consulado de Cuba, que estaba al frente de La Mallorquina, el 1 de  enero de 1959. <br \/>&#13;<br \/>\n  <br \/>&#13;<br \/>\n    <strong>\u00bfFue a Cuba entonces?<\/strong><br \/>&#13;<br \/>\n    <br \/>&#13;<br \/>\n    Fui en 1959 a  un congreso de juventudes. Sali\u00f3 una notita en el peri\u00f3dico Revoluci\u00f3n de que  yo estaba en Cuba (era entonces secretario general del Movimiento Pro  Independencia o MPI). Me llam\u00f3 un amigo -Aracelio Azcu\u00ed- que estaba con lo de  la independencia de Puerto Rico y me dijo. \u201cOye, Juan Mari: dime cu\u00e1l es tu  f\u00f3rmula, que te mantienes joven todav\u00eda, porque he le\u00eddo que vienes para un  Congreso de Juventud y yo ya estoy viejo\u201d. (Yo no era tan viejo como \u00e9l -ten\u00eda  30 a\u00f1os- y no iba como miembro de la delegaci\u00f3n, sino como invitado especial).  Conoc\u00ed al Che en la apertura del Congreso, en el Teatro Blanquita (hoy Marx).  Hizo una referencia elogiosa a Albizu Campos y al nacionalismo puertorrique\u00f1o.  De ah\u00ed en adelante trabamos relaciones hasta que se formaliz\u00f3 un acuerdo de  solidaridad rec\u00edproca entre el MPI de Puerto Rico y las Organizaciones  Revolucionarias Integradas de Cuba (las ORI, que un\u00edan al Directorio  Revolucionario, que era de estudiantes; el Partido Socialista Popular, que eran  los comunistas, y el movimiento 26 de julio). Cuando los americanos le meten a  Cuba la ofensiva tremenda, los sovi\u00e9ticos aprovechan. A Khruschev, que era  primer ministro, le preguntaron en la   ONU si cre\u00eda que Fidel era comunista. Dijo que no sab\u00eda, pero  que \u201cles puedo asegurar que yo soy fidelista\u201d. Ah\u00ed empieza la alianza m\u00e1s  estrecha de ellos. Los cubanos cometen la exageraci\u00f3n caribe\u00f1a de poner en su  constituci\u00f3n -yo lo he dicho en algunos escritos- que la hermandad con la Uni\u00f3n Sovi\u00e9tica es  un principio irrenunciable. Es una extravagancia tan grande como la de decir  que la uni\u00f3n de Puerto Rico con Estados Unidos es permanente. Ellos lo tuvieron  que quitar cuando colaps\u00f3 aquello.<br \/>&#13;<br \/>\n    <br \/>&#13;<br \/>\n    <strong>\u00bfSigui\u00f3 luego en contacto con Fidel Castro? <\/strong><br \/>&#13;<br \/>\n    <br \/>&#13;<br \/>\n    Cuando hicieron el Partido Comunista de Cuba, me invitaron al primer  congreso en el a\u00f1o 75. Ya ten\u00edamos el Partido Socialista Puertorrique\u00f1o; \u00edbamos  siguiendo el curso de radicalizaci\u00f3n, pero con m\u00e1s cuidado. Nunca fuimos  Partido Comunista y no tuvimos relaciones con la URSS de partido a partido. En  La Habana  convergieron partidos socialistas y comunistas y de liberaci\u00f3n de todo el  mundo. En un momento dado vino Fidel, me ech\u00f3 el brazo y me dijo: \u201cAcaban de  decirle a Carlos Rafael Rodr\u00edguez, en una reuni\u00f3n en M\u00e9xico con Kissinger, que  el presidente Ford est\u00e1 dispuesto a abrir un di\u00e1logo tendiente a normalizar las  relaciones entre Cuba y Estados Unidos, pero la primera condici\u00f3n es que  dejemos de respaldar la independencia de Puerto Rico\u201d. Yo me qued\u00e9 esperando lo  que me iba a decir, y dijo: \u201cPero t\u00fa comprender\u00e1s que no aceptamos eso\u201d. Entonces  vino la clausura del congreso. En el acto hab\u00eda un mill\u00f3n de personas en la Plaza de la Revoluci\u00f3n. Cuando  llegu\u00e9, me dijeron que ten\u00eda una silla al lado del Comandante. \u201cAnda pa\u2019l  car\u00e1\u2026\u201d, pens\u00e9, \u201c\u00bfqu\u00e9 ser\u00e1 lo que se traen aqu\u00ed?\u201d. En eso Fidel empieza su  perorata: \u00e9l habla y habla y habla\u2026 y al final dice: \u201cY ahora se han acercado a  nosotros pidi\u00e9ndonos que abandonemos la solidaridad con la lucha por la  independencia de Puerto Rico; que traicionemos la memoria de Jos\u00e9 Mart\u00ed, quien  puso en el primer art\u00edculo de los estatutos del Partido Revolucionario Cubano  que ese partido se creaba para hacer la independencia de Cuba y fomentar y  auxiliar la de Puerto Rico. Y yo les pregunto, \u00bfqu\u00e9 creen ustedes de esa  petici\u00f3n de los Estados Unidos?\u201d. Y empieza todo el mundo -claro, todo eso  estaba preparado- \u201c\u00a1No! \u00a1No! \u00a1No!\u201d. Y la gente ondeaba banderitas de Cuba y  Puerto Rico\u2026 me tuvieron que llevar para un hospital, porque yo soy cardiaco y  me dio una emoci\u00f3n tan grande que me puse mal. Te cuento todo esto, porque  indica por qu\u00e9 esa amistad tan estrecha con Fidel.<br \/>&#13;<br \/>\n    <br \/>&#13;<br \/>\n    <strong>\u00bfFue el PIP el primer Partido Independentista?<\/strong><br \/>&#13;<br \/>\n    <br \/>&#13;<br \/>\n    Gilberto [Concepci\u00f3n de Gracia] presid\u00eda la Asociaci\u00f3n pro  Independencia de Puerto Rico en Nueva York. Hab\u00eda sido abogado defensor de  Albizu y de los presos nacionalistas del 36; cerr\u00f3 su bufete en San Juan y se  llev\u00f3 su familia a Estados Unidos para seguir el caso. Los nacionalistas lo  acusaron de que se hab\u00eda rajado porque, en busca de amplitud, organiz\u00f3 all\u00e1 esa  asociaci\u00f3n que acog\u00eda tanto a nacionalistas como a no nacionalistas. Pasados  unos a\u00f1os, \u00e9l vino a presidir el Congreso pro Independencia. Entonces hubo una  primera escisi\u00f3n. El Dr. Juan Augusto Perea -jurista, historiador, muy  cat\u00f3lico- que era de Mayag\u00fcez y hab\u00eda presidido el primer Congreso pro Independencia,  era muy impetuoso. En una reuni\u00f3n de los directores del Congreso que hubo en el  Ateneo, dijo: \u201cYo renuncio a la presidencia de esta organizaci\u00f3n que se ha  convertido en una sucursal del Partido Popular. Los que quieran seguirme que  bajen al primer piso a organizar el Partido Independentista de Puerto Rico\u201d. <br \/>&#13;<br \/>\n    <br \/>&#13;<br \/>\n  Yo  era un muchacho, estaba en primer a\u00f1o de universidad. El viejo m\u00edo, que era el  l\u00edder del Congreso en Mayag\u00fcez, se qued\u00f3 arriba, y yo baj\u00e9 con el Dr. Perea y  otros cuatro gatos. Ah\u00ed se fund\u00f3 el Partido Independentista que fue a las  elecciones de Hormigueros y sac\u00f3 tres votos. Su nombre era Partido  Independentista de Puerto Rico. Cuando se cre\u00f3 el PIP tuvimos que conseguir la  firma del Dr. Perea para que autorizara el uso del nombre. <br \/>&#13;<br \/>\n  <br \/>&#13;<br \/>\n    <strong>\u00bfPor qu\u00e9 rompi\u00f3 usted con el liderato del PIP?<\/strong><br \/>&#13;<br \/>\n    <br \/>&#13;<br \/>\n    En las elecciones del 48, cuando me botaron de la UPR, dirig\u00ed en Mayag\u00fcez la  campa\u00f1a local del Partido Independentista. Sacamos m\u00e1s de cuatro mil votos, en  aquella \u00e9poca era much\u00edsimo. En el 52, yo estaba en Washington estudiando y no  particip\u00e9 directamente, pero en el 56 hab\u00eda regresado, ya abogado, y hab\u00eda  puesto mi bufete en Mayag\u00fcez. Me hicieron director de la campa\u00f1a. Fue el a\u00f1o en  que el partido perdi\u00f3 cuarenta mil votos; baj\u00f3 de 126,000 en el 52 a unos 80,000, una tercera  parte. <br \/>&#13;<br \/>\n    <br \/>&#13;<br \/>\n  Pero en Mayag\u00fcez mantuvimos los 4 mil votos. En reconocimiento a ese  hecho, nombraron una comisi\u00f3n para estudiar las causas del baj\u00f3n y se  presentaron Gilberto Concepci\u00f3n y Paquito Susoni en mi casa para proponerme que  viniera a San Juan a trabajar como asesor de la minor\u00eda independentista y que  aceptara ser vicepresidente ejecutivo de la comisi\u00f3n esa. Mi viejo me dijo que  no aceptara. \u00c9l hab\u00eda visto los chanchullos del Capitolio: \u201cTodos son iguales\u201d,  me dijo. Pero entonces yo cre\u00eda que me pod\u00eda llevar al mundo de frente. Cerr\u00e9  mi bufetito, vine a San Juan y, efectivamente, empezaron los chismes. Me  pusieron a dirigir el personal. El primer lunes por la ma\u00f1ana, hab\u00eda no s\u00e9  cu\u00e1ntos empleados y no llegaron a trabajar m\u00e1s que dos o tres. Pregunt\u00e9 y me  dijeron que la gente no ven\u00eda sino a buscar cheques. Me caus\u00f3 un impacto tan  terrible que empezamos a atacar todo eso. <br \/>&#13;<br \/>\n  <br \/>&#13;<br \/>\n  Cuando sometimos el informe de la Comisi\u00f3n a una asamblea  del partido en Arecibo, se aprob\u00f3 por unanimidad, porque Gilberto no se iba a  oponer en p\u00fablico. All\u00ed mismo, cuando vino la elecci\u00f3n de la directiva, todos  los candidatos de Gilberto fueron derrotados y los nuestros -los que hab\u00edamos  propuesto la renovaci\u00f3n- resultaron electos. Eran Manrique Cabrera, do\u00f1a Carmen  Rivera de Alvarado, Gabriel Vicente Maura, Feli\u00fa Pesquera, gente as\u00ed. A m\u00ed me  eligieron secretario de prensa y propaganda. Por la noche, en una fiesta, me di  cuenta de que Gilberto estaba entorunado conmigo. \u00c9l ten\u00eda otro candidato para  ese puesto. Al otro d\u00eda le pregunt\u00e9 a mi esposa, Paca, \u201c\u00bfcu\u00e1nto hay en la  cuenta de banco?\u201d. \u201cComo 18 pesos\u201d, me contest\u00f3. Y le dije: \u201cAmarra el  cintur\u00f3n, que voy a renunciar\u201d. <br \/>&#13;<br \/>\n  <br \/>&#13;<br \/>\n    <strong>\u00bfSe lleg\u00f3 a reconciliar con Concepci\u00f3n de Gracia?<\/strong><br \/>&#13;<br \/>\n    <br \/>&#13;<br \/>\n    Nos reconcili\u00f3 Nilita Vient\u00f3s Gast\u00f3n. Ambos fuimos invitados a una  conferencia en Caracas pro Democracia y Libertad. En el vuelo de Iberia de aqu\u00ed  a Caracas hab\u00eda un peque\u00f1o \u2018cocktail lounge\u2019 en el avi\u00f3n. Nilita vio que  Gilberto y yo no nos habl\u00e1bamos y dijo, con aquella voz que ten\u00eda: \u201cOigan,  \u00bfustedes est\u00e1n enojados? No puede ser que dos patriotas puertorrique\u00f1os no se  hablen. Dense la mano\u201d. Y nos reconcili\u00f3.<\/p>\n<p>&#13;<\/p>\n<h6> 2008-01-15 04:24:51 <\/h6>\n<p><!--\n<link rel=\"stylesheet\" href=\"css\/bootstrap.min.css\">\n\n\n<ul class=\"pagination\">\n\t    \n\t\n\n<li >\n\t<a href='?page_no=22851'>Previous<\/a>\n\t<\/li>\n\n\n       \n    \n\n<li><a href='?page_no=1'>1<\/a><\/li>\n\n\n\n<li><a href='?page_no=2'>2<\/a><\/li>\n\n\n\n<li><a>...<\/a><\/li>\n\n\n\n<li><a href='?page_no=22850'>22850<\/a><\/li>\n\n\n\n<li><a href='?page_no=22851'>22851<\/a><\/li>\n\n\n\n<li class='active'><a>22852<\/a><\/li>\n\n\n\n<li><a href='?page_no=22853'>22853<\/a><\/li>\n\n\n\n<li><a href='?page_no=22854'>22854<\/a><\/li>\n\n\n\n<li><a>...<\/a><\/li>\n\n\n\n<li><a href='?page_no=22911'>22911<\/a><\/li>\n\n\n\n<li><a href='?page_no=22912'>22912<\/a><\/li>\n\n    \n\t\n\n<li >\n\t<a href='?page_no=22853'>Next<\/a>\n\t<\/li>\n\n\n    \n\n<li><a href='?page_no=22912'>Last &rsaquo;&rsaquo;<\/a><\/li>\n\n<\/ul>\n\n\n--><br \/>\n<\/body><\/p>\n","protected":false},"excerpt":{"rendered":"<p>El legado de Hostos &#13; Para Juan Mari Br\u00e1s, el sue\u00f1o de Hostos, Mart\u00ed, Betances y Luper\u00f3n sigue vivo: una Uni\u00f3n caribe\u00f1a, que agrupe a las tres Antillas hispanoparlantes. La unidad de nacionalidades y culturas es posible, dice, si se sigue el modelo europeo.&#13; &#13; Lcdo. Juan Mari Br\u00e1s&#13; Por Carmen Dolores Hern\u00e1ndez \/ cdh@caribe.net [&hellip;]<\/p>\n","protected":false},"author":3,"featured_media":0,"comment_status":"open","ping_status":"open","sticky":false,"template":"","format":"standard","meta":{"footnotes":""},"categories":[21],"tags":[],"class_list":["post-71174","post","type-post","status-publish","format-standard","hentry","category-cultura"],"_links":{"self":[{"href":"https:\/\/diariodominicano.com\/index.php?rest_route=\/wp\/v2\/posts\/71174","targetHints":{"allow":["GET"]}}],"collection":[{"href":"https:\/\/diariodominicano.com\/index.php?rest_route=\/wp\/v2\/posts"}],"about":[{"href":"https:\/\/diariodominicano.com\/index.php?rest_route=\/wp\/v2\/types\/post"}],"author":[{"embeddable":true,"href":"https:\/\/diariodominicano.com\/index.php?rest_route=\/wp\/v2\/users\/3"}],"replies":[{"embeddable":true,"href":"https:\/\/diariodominicano.com\/index.php?rest_route=%2Fwp%2Fv2%2Fcomments&post=71174"}],"version-history":[{"count":0,"href":"https:\/\/diariodominicano.com\/index.php?rest_route=\/wp\/v2\/posts\/71174\/revisions"}],"wp:attachment":[{"href":"https:\/\/diariodominicano.com\/index.php?rest_route=%2Fwp%2Fv2%2Fmedia&parent=71174"}],"wp:term":[{"taxonomy":"category","embeddable":true,"href":"https:\/\/diariodominicano.com\/index.php?rest_route=%2Fwp%2Fv2%2Fcategories&post=71174"},{"taxonomy":"post_tag","embeddable":true,"href":"https:\/\/diariodominicano.com\/index.php?rest_route=%2Fwp%2Fv2%2Ftags&post=71174"}],"curies":[{"name":"wp","href":"https:\/\/api.w.org\/{rel}","templated":true}]}}