{"id":71173,"date":"2008-01-15T04:27:44","date_gmt":"2008-01-15T04:27:44","guid":{"rendered":"http:\/\/diariodominicano.ddns.net\/?p=71173"},"modified":"2008-01-15T04:27:44","modified_gmt":"2008-01-15T04:27:44","slug":"salud-de-mario-benedetti-preocupa-a-medicos","status":"publish","type":"post","link":"https:\/\/diariodominicano.com\/?p=71173","title":{"rendered":"Salud de Mario Benedetti preocupa a m\u00e9dicos"},"content":{"rendered":"<p><body><\/p>\n<h1 class=\"titulogrande1\">Salud de Mario Benedetti preocupa a m\u00e9dicos <\/h1>\n<p>&#13;<\/p>\n<p align=\"justify\"><strong>La infecci\u00f3n gastrointestinal que tiene al escritor desde hace una semana en  una unidad de cuidados intensivos, no ha tenido una buena evoluci\u00f3n. <\/strong><\/p>\n<p>&#13;<\/p>\n<p align=\"justify\" class=\"text1noticias\"><img loading=\"lazy\" decoding=\"async\" src=\"http:\/\/localhost:8080\/pictures\/mario benedetti pic.jpg\" width=\"269\" height=\"195\" hspace=\"4\" align=\"left\" \/>La falta de evoluci\u00f3n en el estado de salud del escritor uruguayo <strong>Mario  Benedetti<\/strong>, tras sufrir una deshidrataci\u00f3n debido a una infecci\u00f3n  gastrointestinal, \u00abpreocupa\u00bb a los m\u00e9dicos que le atienden,  informaron hoy fuentes sanitarias.<br \/>&#13;<br \/>\n  <br \/>&#13;<br \/>\n  \u00abLamentablemente no ha habido una mejor\u00eda r\u00e1pida y la evoluci\u00f3n no ha  sido como se esperaba\u00bb, dijo la doctora <strong>Mar\u00eda Brotos<\/strong>,  directora t\u00e9cnica del sanatorio Impasa de Montevideo, donde se encuentra  ingresado Benedetti desde hace diez d\u00edas.<br \/>&#13;<br \/>\n  <br \/>&#13;<br \/>\n  El escritor, de 87 a\u00f1os, lleva ya una semana en una unidad de cuidados  intensivos.<br \/>&#13;<br \/>\n  <br \/>&#13;<br \/>\n  \u00abEstamos un poco preocupados porque a esta altura esper\u00e1bamos una  mejor\u00eda mas notable\u00bb, agreg\u00f3 la m\u00e9dica.<br \/>&#13;<br \/>\n  <br \/>&#13;<br \/>\n  Los problemas derivados de la deshidrataci\u00f3n \u00abya fueron controlados\u00bb  pero \u00abnos preocupan otros\u00bb, agreg\u00f3.<br \/>&#13;<br \/>\n  <br \/>&#13;<br \/>\n  Benedetti \u00abtiene d\u00e9ficit en los valores de sodio, potasio y cloro en la  sangre, que se le nivelan mediante el suministro de suero, pero su organismo no  los genera de manera natural y por ello no se le puede retirar por ahora el  aporte de suero\u00bb, se\u00f1al\u00f3 Brotos.<br \/>&#13;<br \/>\n  <br \/>&#13;<br \/>\n  El poeta se alimenta por sus propios medios, est\u00e1 l\u00facido y no ha sido  necesario conectarlo a equipos sofisticados, pero \u00abpermanecer\u00e1 varios d\u00edas  en la unidad de terapia intensiva en la que se encuentra\u00bb, agreg\u00f3.<br \/>&#13;<br \/>\n  <br \/>&#13;<br \/>\n  Benedetti, autor de decenas de libros, ha obtenido innumerables reconocimientos  a su obra, entre los que destacan el Premio Reina Sof\u00eda de Poes\u00eda  Iberoamericana (1999), el Premio Iberoamericano Jos\u00e9 Mart\u00ed (2001) y el Premio  Internacional Men\u00e9ndez Pelayo (2005).<br \/>&#13;<br \/>\n  <br \/>&#13;<br \/>\n  Su obra \u00abLa Tregua\u00bb,  ha sido llevada al cine y a algunos de sus poemas le han puesto m\u00fasica artistas  como Joan Manuel Serrat y el uruguayo Daniel Viglietti.<br \/>&#13;<br \/>\n  <br \/>&#13;<br \/>\n  El pasado 18 de diciembre Benedetti fue condecorado con la Orden Francisco de  Miranda en grado de \u00abgeneral\u00edsimo\u00bb por el presidente de Venezuela,  Hugo Ch\u00e1vez, en una ceremonia que se realiz\u00f3 en la Universidad de la Rep\u00fablica, en Montevideo  y fue el \u00faltimo acto p\u00fablico en el que particip\u00f3.<br \/>&#13;<br \/>\n  <br \/>&#13;<br \/>\n  La capital uruguaya soporta por estos d\u00edas un t\u00f3rrido verano austral con  temperaturas que rondan los 40 grados, motivo por el cual se han multiplicados  los casos de deshidrataciones como la que afect\u00f3 al escritor.<br \/>&#13;<br \/>\n  <br \/>&#13;<br \/>\n  <em>EFE<\/em><\/p>\n<p>&#13;<\/p>\n<h6> 2008-01-15 04:27:44 <\/h6>\n<p><!--\n<link rel=\"stylesheet\" href=\"css\/bootstrap.min.css\">\n\n\n<ul class=\"pagination\">\n\t    \n\t\n\n<li >\n\t<a href='?page_no=22850'>Previous<\/a>\n\t<\/li>\n\n\n       \n    \n\n<li><a href='?page_no=1'>1<\/a><\/li>\n\n\n\n<li><a href='?page_no=2'>2<\/a><\/li>\n\n\n\n<li><a>...<\/a><\/li>\n\n\n\n<li><a href='?page_no=22849'>22849<\/a><\/li>\n\n\n\n<li><a href='?page_no=22850'>22850<\/a><\/li>\n\n\n\n<li class='active'><a>22851<\/a><\/li>\n\n\n\n<li><a href='?page_no=22852'>22852<\/a><\/li>\n\n\n\n<li><a href='?page_no=22853'>22853<\/a><\/li>\n\n\n\n<li><a>...<\/a><\/li>\n\n\n\n<li><a href='?page_no=22911'>22911<\/a><\/li>\n\n\n\n<li><a href='?page_no=22912'>22912<\/a><\/li>\n\n    \n\t\n\n<li >\n\t<a href='?page_no=22852'>Next<\/a>\n\t<\/li>\n\n\n    \n\n<li><a href='?page_no=22912'>Last &rsaquo;&rsaquo;<\/a><\/li>\n\n<\/ul>\n\n\n--><br \/>\n<\/body><\/p>\n","protected":false},"excerpt":{"rendered":"<p>Salud de Mario Benedetti preocupa a m\u00e9dicos &#13; La infecci\u00f3n gastrointestinal que tiene al escritor desde hace una semana en una unidad de cuidados intensivos, no ha tenido una buena evoluci\u00f3n. &#13; La falta de evoluci\u00f3n en el estado de salud del escritor uruguayo Mario Benedetti, tras sufrir una deshidrataci\u00f3n debido a una infecci\u00f3n gastrointestinal, [&hellip;]<\/p>\n","protected":false},"author":3,"featured_media":0,"comment_status":"open","ping_status":"open","sticky":false,"template":"","format":"standard","meta":{"footnotes":""},"categories":[21],"tags":[],"class_list":["post-71173","post","type-post","status-publish","format-standard","hentry","category-cultura"],"_links":{"self":[{"href":"https:\/\/diariodominicano.com\/index.php?rest_route=\/wp\/v2\/posts\/71173","targetHints":{"allow":["GET"]}}],"collection":[{"href":"https:\/\/diariodominicano.com\/index.php?rest_route=\/wp\/v2\/posts"}],"about":[{"href":"https:\/\/diariodominicano.com\/index.php?rest_route=\/wp\/v2\/types\/post"}],"author":[{"embeddable":true,"href":"https:\/\/diariodominicano.com\/index.php?rest_route=\/wp\/v2\/users\/3"}],"replies":[{"embeddable":true,"href":"https:\/\/diariodominicano.com\/index.php?rest_route=%2Fwp%2Fv2%2Fcomments&post=71173"}],"version-history":[{"count":0,"href":"https:\/\/diariodominicano.com\/index.php?rest_route=\/wp\/v2\/posts\/71173\/revisions"}],"wp:attachment":[{"href":"https:\/\/diariodominicano.com\/index.php?rest_route=%2Fwp%2Fv2%2Fmedia&parent=71173"}],"wp:term":[{"taxonomy":"category","embeddable":true,"href":"https:\/\/diariodominicano.com\/index.php?rest_route=%2Fwp%2Fv2%2Fcategories&post=71173"},{"taxonomy":"post_tag","embeddable":true,"href":"https:\/\/diariodominicano.com\/index.php?rest_route=%2Fwp%2Fv2%2Ftags&post=71173"}],"curies":[{"name":"wp","href":"https:\/\/api.w.org\/{rel}","templated":true}]}}