{"id":71167,"date":"2008-01-18T03:32:40","date_gmt":"2008-01-18T03:32:40","guid":{"rendered":"http:\/\/diariodominicano.ddns.net\/?p=71167"},"modified":"2008-01-18T03:32:40","modified_gmt":"2008-01-18T03:32:40","slug":"sundance-arranca-con-comedia-accion-y-riesgo","status":"publish","type":"post","link":"https:\/\/diariodominicano.com\/?p=71167","title":{"rendered":"Sundance arranca con comedia, acci\u00f3n y riesgo"},"content":{"rendered":"<p><body><\/p>\n<p align=\"justify\"><strong class=\"titulogrande1\">Sundance  arranca con comedia, acci\u00f3n y riesgo<\/strong><br \/>&#13;<br \/>\n  <br \/>&#13;<br \/>\n    <strong>Nacho Vigalondo y &#8216;Los  cronocr\u00edmenes&#8217;, la \u00fanica presencia espa\u00f1ola en esta edici\u00f3n del festival de  cine independiente <\/strong><\/p>\n<p>&#13;<\/p>\n<p align=\"justify\" class=\"text1noticias\"><strong><img loading=\"lazy\" decoding=\"async\" src=\"http:\/\/localhost:8080\/pictures\/sundance.jpg\" width=\"269\" height=\"269\" hspace=\"4\" align=\"left\" \/>WASHINGTON.- <\/strong>El Festival de Sundance comienza esta  noche en el estado de Utah (Estados Unidos) con la proyecci\u00f3n en estreno de m\u00e1s  de 120 pel\u00edculas, muchas de las cuales podr\u00edan llenar el vac\u00edo causado por la  huelga de guionistas del cine y la televisi\u00f3n de EE UU, seg\u00fan afirmaron ayer  sus organizadores. La huelga, iniciada a comienzos de diciembre por  reivindicaciones econ\u00f3micas, ha alterado el desarrollo normal de la industria  cinematogr\u00e1fica de EEUU al impedir el rodaje de varias pel\u00edculas y series de  televisi\u00f3n. La apertura del festival se celebrar\u00e1 esta noche con la proyecci\u00f3n  de <em>In Bruges<\/em>, debut de Martin MacDonagh, y que la protagonizan Ralph  Fiennes y Colin Farrell.<br \/>&#13;<br \/>\n  <br \/>&#13;<br \/>\n  El festival est\u00e1 organizado por el \u00abSundance  Institute\u00bb, un organismo creado por el actor, director y ecologista Robert  Redford, enemigo declarado de la pompa y circunstancia de Hollywood. Su  objetivo es dar una oportunidad para destacarse a los productores y artistas  independientes que carecen de los medios para realizar las grandes producciones  de Hollywood.<br \/>&#13;<br \/>\n  <br \/>&#13;<br \/>\n  Muchas de las pel\u00edculas independientes, que tendr\u00e1n su primera  proyecci\u00f3n en el festival que se prolonga hasta el 27 de este mes, han sido  realizadas con un bajo presupuesto. Sin embargo, algunas cuentan con actores de  gran atracci\u00f3n taquillera como Robert de Niro, Tom Hanks, Bruce Willis, Marcia  Gay Harden y Sir Ben Kingsley. Los ejecutivos de las cadenas de distribuci\u00f3n ya  se est\u00e1n preparando para comprar las mejores y las que tengan mayores  posibilidades comerciales, seg\u00fan la revista especializada <em>Hollywood Reporter<\/em>.  \u00abNo es imposible imaginar un escenario en el que si hay un t\u00edtulo de  \u00e9xito, \u00e9ste podr\u00eda ser mayor\u00bb si cuenta con el apoyo de una distribuidora,  se\u00f1al\u00f3 Daniel Battsek, presidente de Miramax, quien espera comprar los derechos  de una o dos pel\u00edculas este a\u00f1o.<br \/>&#13;<br \/>\n  <br \/>&#13;<br \/>\n  Entre las que podr\u00edan tener ese \u00e9xito figuran <em>Sunshine  Clearing<\/em>, un drama con Emily Blunt y Amy Adams; <em>The Whackness<\/em>, con  Kingsley y Mary-Kate Olsen, y <em>The Merry Gentleman<\/em>, una f\u00e1bula rom\u00e1ntica  del actor y director Michael Keaton. Esas cintas tendr\u00e1n su presentaci\u00f3n el  viernes, seguidas por <em>Pretty Bird<\/em>, un drama dirigido por Paul Schneider,  adem\u00e1s de las extranjeras <em>Sleep Dealer<\/em> (M\u00e9xico), <em>Just Another Store<\/em> (Dinamarca) y <em>Mermaid<\/em> (Rusia). Ese mismo d\u00eda tambi\u00e9n se estrenar\u00e1 en  Salt Lake City, la capital del estado, <em>The Great Buck Howard<\/em>, con Tom Hanks  y John Malkovich en papeles estelares.<br \/>&#13;<br \/>\n  <br \/>&#13;<br \/>\n  Para el s\u00e1bado, est\u00e1 prevista la exhibici\u00f3n de <em>What Just  Happened<\/em>, una comedia con De Niro y Willis rodada por un coste de 30  millones de d\u00f3lares y considerada la m\u00e1s cara del festival. <br \/>&#13;<br \/>\n  <br \/>&#13;<br \/>\n  Instalado en la  peque\u00f1a localidad de Park City, con tan s\u00f3lo 7.500 habitantes, la cantidad de  pel\u00edculas ha obligado a los organizadores a exhibir algunas de ellas a las tres  de la tarde, adem\u00e1s de los tradicionales horarios de seis y nueve de la noche.  Adem\u00e1s, se ha aumentado el n\u00famero de selecciones que ahora ser\u00e1 de 25 y no de  17 como ocurr\u00eda hasta el a\u00f1o pasado.<br \/>&#13;<br \/>\n  <br \/>&#13;<br \/>\n  En una entrevista ofrecida al diario <em>Desert Morning News<\/em> de Utah, Redford se quej\u00f3 esta semana del hecho de que en los \u00faltimos a\u00f1os el  festival ha perdido su car\u00e1cter de promoci\u00f3n para el que fue creado. \u00abPara  peor o mejor, el cine independiente ha sido absorbido por Hollywood\u00bb,  se\u00f1al\u00f3. <br \/>&#13;<br \/>\n  <br \/>&#13;<br \/>\n  Redford explic\u00f3 que es cada vez mayor el n\u00famero de estrellas de gran  nombre que interviene en pel\u00edculas producidas de manera independiente.  \u00abEso les da mayor legitimidad, pero tambi\u00e9n tiene sus aspectos  negativos\u00bb, agreg\u00f3. Y para ser fiel a sus conceptos, el actor indic\u00f3 que  estar\u00e1 presente en el festival, pero que no har\u00e1 gran gala de su presencia.  \u00abSer\u00eda hip\u00f3crita si me quejara de la locura por las celebridades y  terminara convirti\u00e9ndome en parte de ella\u00bb, se\u00f1al\u00f3.<br \/>&#13;<br \/>\n  <br \/>&#13;<br \/>\n  El c\u00e1ntabro Nacho Vigalondo, candidato hace dos a\u00f1os al Oscar  por su corto <em>7:35 de la ma\u00f1ana<\/em> ser\u00e1 el \u00fanico director de cine espa\u00f1ol  presente en el Festival de Sundance (Estados Unidos).<br \/>&#13;<br \/>\n  <br \/>&#13;<br \/>\n  Vigalondo va a participar fuera de competici\u00f3n con su primer  largometraje, <em>Los cronocr\u00edmenes<\/em>, en la secci\u00f3n Park City and Midnight,  que acoge el cine especializado en el g\u00e9nero fant\u00e1stico y de terror.<br \/>&#13;<br \/>\n  <br \/>&#13;<br \/>\n  <em>Los cronocr\u00edmenes<\/em>, pel\u00edcula protagonizada por los  actores Karra Elejalde y B\u00e1rbara Goenaga, cuenta la historia de un hombre que  viaja accidentalmente unas horas al pasado y all\u00ed se encuentra consigo mismo,  con consecuencias tan imprevisibles como catastr\u00f3ficas. Se trata de un thriller  fant\u00e1stico y su estreno est\u00e1 previsto para la noche del s\u00e1bado.<br \/>&#13;<br \/>\n  <br \/>&#13;<br \/>\n  <strong>EFE<\/strong> &#8211; Washington &#8211; 17\/01\/2008 <\/p>\n<p>&#13;<\/p>\n<h6> 2008-01-18 03:32:40 <\/h6>\n<p><!--\n<link rel=\"stylesheet\" href=\"css\/bootstrap.min.css\">\n\n\n<ul class=\"pagination\">\n\t    \n\t\n\n<li >\n\t<a href='?page_no=22844'>Previous<\/a>\n\t<\/li>\n\n\n       \n    \n\n<li><a href='?page_no=1'>1<\/a><\/li>\n\n\n\n<li><a href='?page_no=2'>2<\/a><\/li>\n\n\n\n<li><a>...<\/a><\/li>\n\n\n\n<li><a href='?page_no=22843'>22843<\/a><\/li>\n\n\n\n<li><a href='?page_no=22844'>22844<\/a><\/li>\n\n\n\n<li class='active'><a>22845<\/a><\/li>\n\n\n\n<li><a href='?page_no=22846'>22846<\/a><\/li>\n\n\n\n<li><a href='?page_no=22847'>22847<\/a><\/li>\n\n\n\n<li><a>...<\/a><\/li>\n\n\n\n<li><a href='?page_no=22911'>22911<\/a><\/li>\n\n\n\n<li><a href='?page_no=22912'>22912<\/a><\/li>\n\n    \n\t\n\n<li >\n\t<a href='?page_no=22846'>Next<\/a>\n\t<\/li>\n\n\n    \n\n<li><a href='?page_no=22912'>Last &rsaquo;&rsaquo;<\/a><\/li>\n\n<\/ul>\n\n\n--><br \/>\n<\/body><\/p>\n","protected":false},"excerpt":{"rendered":"<p>Sundance arranca con comedia, acci\u00f3n y riesgo&#13; &#13; Nacho Vigalondo y &#8216;Los cronocr\u00edmenes&#8217;, la \u00fanica presencia espa\u00f1ola en esta edici\u00f3n del festival de cine independiente &#13; WASHINGTON.- El Festival de Sundance comienza esta noche en el estado de Utah (Estados Unidos) con la proyecci\u00f3n en estreno de m\u00e1s de 120 pel\u00edculas, muchas de las cuales [&hellip;]<\/p>\n","protected":false},"author":3,"featured_media":0,"comment_status":"open","ping_status":"open","sticky":false,"template":"","format":"standard","meta":{"footnotes":""},"categories":[21],"tags":[],"class_list":["post-71167","post","type-post","status-publish","format-standard","hentry","category-cultura"],"_links":{"self":[{"href":"https:\/\/diariodominicano.com\/index.php?rest_route=\/wp\/v2\/posts\/71167","targetHints":{"allow":["GET"]}}],"collection":[{"href":"https:\/\/diariodominicano.com\/index.php?rest_route=\/wp\/v2\/posts"}],"about":[{"href":"https:\/\/diariodominicano.com\/index.php?rest_route=\/wp\/v2\/types\/post"}],"author":[{"embeddable":true,"href":"https:\/\/diariodominicano.com\/index.php?rest_route=\/wp\/v2\/users\/3"}],"replies":[{"embeddable":true,"href":"https:\/\/diariodominicano.com\/index.php?rest_route=%2Fwp%2Fv2%2Fcomments&post=71167"}],"version-history":[{"count":0,"href":"https:\/\/diariodominicano.com\/index.php?rest_route=\/wp\/v2\/posts\/71167\/revisions"}],"wp:attachment":[{"href":"https:\/\/diariodominicano.com\/index.php?rest_route=%2Fwp%2Fv2%2Fmedia&parent=71167"}],"wp:term":[{"taxonomy":"category","embeddable":true,"href":"https:\/\/diariodominicano.com\/index.php?rest_route=%2Fwp%2Fv2%2Fcategories&post=71167"},{"taxonomy":"post_tag","embeddable":true,"href":"https:\/\/diariodominicano.com\/index.php?rest_route=%2Fwp%2Fv2%2Ftags&post=71167"}],"curies":[{"name":"wp","href":"https:\/\/api.w.org\/{rel}","templated":true}]}}