{"id":71165,"date":"2008-01-18T18:41:43","date_gmt":"2008-01-18T18:41:43","guid":{"rendered":"http:\/\/diariodominicano.ddns.net\/?p=71165"},"modified":"2008-01-18T18:41:43","modified_gmt":"2008-01-18T18:41:43","slug":"ccn-pondra-circular-cuarta-edicion-libro-la-ciudad-del-ozama","status":"publish","type":"post","link":"https:\/\/diariodominicano.com\/?p=71165","title":{"rendered":"CCN pondr\u00e1 circular cuarta edici\u00f3n libro \u201cLa Ciudad del Ozama\u201d"},"content":{"rendered":"<p><body><\/p>\n<p><span class=\"titulogrande1\"><strong>CCN pondr\u00e1 circular cuarta edici\u00f3n<\/strong> <strong>libro \u201cLa Ciudad del Ozama\u201d<\/strong><\/span> <\/p>\n<p>&#13;<\/p>\n<p align=\"justify\"><span class=\"text1noticias\"><strong><img loading=\"lazy\" decoding=\"async\" src=\"http:\/\/localhost:8080\/pictures\/ciudad ozama.jpg\" width=\"269\" height=\"386\" hspace=\"4\" align=\"left\" \/>Santo Domingo.-<\/strong> Con intervenciones  del Cardenal Nicol\u00e1s de Jes\u00fas L\u00f3pez Rodr\u00edguez y del presidente de Centro Cuesta  Nacional (CCN), Jos\u00e9 Manuel Gonz\u00e1lez Corripio, ser\u00e1 puesta en circulaci\u00f3n el  pr\u00f3ximo jueves 24 de este mes la cuarta edici\u00f3n del libro \u201cLa Ciudad del Ozama\u201d, del  arquitecto Eugenio P\u00e9rez Mont\u00e1s. <\/span><\/p>\n<p>&#13;<\/p>\n<p align=\"justify\" class=\"text1noticias\"> El  acto de presentaci\u00f3n de la nueva publicaci\u00f3n, auspiciada por Librer\u00eda Cuesta,  se llevar\u00e1 a cabo en el Foro Pedro Mir de su sede de la avenida 27 de febrero  esquina Abraham Lincoln, a partir de las 6 de la tarde, con la asistencia de  ejecutivos del grupo CCN, intelectuales, escritores, autoridades de la Secretaria de Cultura,  familiares y amigos del autor de la obra. <\/p>\n<p>&#13;<\/p>\n<p align=\"justify\" class=\"text1noticias\"> El  programa de la actividad se iniciar\u00e1 con la bienvenida de Gonz\u00e1lez Corripio, e  incluir\u00e1 la presentaci\u00f3n del libro a cargo del doctor Jorge Tena Reyes, asesor  de la Fundaci\u00f3n   Corripio; las palabras del Cardenal L\u00f3pez Rodr\u00edguez y  concluir\u00e1 con las palabras del arquitecto P\u00e9rez Mont\u00e1s. <\/p>\n<p>&#13;<\/p>\n<p align=\"justify\" class=\"text1noticias\"> La  obra recoge la historia urbana y cuestiones de car\u00e1cter social que est\u00e1n  presentes en la actual geograf\u00eda de Santo Domingo y que comprometen su futuro. <\/p>\n<p>&#13;<\/p>\n<p align=\"justify\" class=\"text1noticias\"> Esta  nueva edici\u00f3n \u201cLa Ciudad  del Ozama\u201d consta de 602 p\u00e1ginas, con un amplio contenido en sus cap\u00edtulos \u201cLa  ciudad antigua 1498-1800\u201d,  \u201cLa ciudad republicana 1801-1961-1998\u201d,  \u201cLa Ciudad  contempor\u00e1nea 1065\u201d  y \u201cEp\u00edlogo de la primera edici\u00f3n, a\u00f1o 1998\u201d. <\/p>\n<p>&#13;<\/p>\n<p align=\"justify\" class=\"text1noticias\"> Asimismo,  \u201cMensaje con motivo del V Centenario de Santo Domingo 1998\u201d, \u201cEp\u00edlogo de la tercera  edici\u00f3n\u201d, \u201cAp\u00e9ndices de la primera y segunda edici\u00f3n\u201d y \u201cAp\u00e9ndice a la tercera  edici\u00f3n\u201d. <\/p>\n<p>&#13;<\/p>\n<p align=\"justify\" class=\"text1noticias\"> El  arquitecto P\u00e9rez Mont\u00e1s indica en la obra que los aspectos de car\u00e1cter social  que presenta la ciudad se expresa en la pobreza o la migraci\u00f3n poblacional y  que desde las primeras horas del d\u00eda se escuchan arpegios de creole, confundi\u00e9ndose  con los ruidos habituales, arbitrarios y abruptos de motores del transporte,  plantas el\u00e9ctricas, bocinas, sirenas, golpes de martillo de los carpinteros y  de alba\u00f1iles. <\/p>\n<p>&#13;<\/p>\n<p align=\"justify\" class=\"text1noticias\"> Adem\u00e1s,  explica que est\u00e1 presente la delincuencia, la cual asume perfiles preocupantes  y se extiende a toda la comunidad a lo largo y ancho de sectores de todos los  estratos sociales. <\/p>\n<p>&#13;<\/p>\n<p align=\"justify\" class=\"text1noticias\"> Considera  que el Gran Santo Domingo y su sistema territorial est\u00e1 generando una metamorfosis  especial, n\u00facleo din\u00e1mico que busca una imagen propia y semiolog\u00eda urbana del  Siglo XXI. <\/p>\n<p>&#13;<\/p>\n<p align=\"justify\" class=\"text1noticias\"> Por su  parte, el cardenal L\u00f3pez Rodr\u00edguez, en la presentaci\u00f3n de la obra plantea que  la estructura territorial ha sido subdividida en segmentos pol\u00edticos-administrativos  en donde intervienen, por lo menos diez municipalidades que conforman lo que se  ha denominado el Gran Santo Domingo. <\/p>\n<p>&#13;<\/p>\n<p align=\"justify\" class=\"text1noticias\"> Se  refiere que la metr\u00f3polis, casi una megametr\u00f3polis, configura un horizonte con  gobiernos locales con autonom\u00edas estrictas y que la legislaci\u00f3n no ha creado  a\u00fan l\u00edneas maestras que obligan a una coordinaci\u00f3n, de manera que el producto  final resulte arm\u00f3nico entre las partes. <br \/>&#13;<br \/>\n  <br \/>&#13;<br \/>\nSostiene  que del puerto de Haina y San Crist\u00f3bal al puerto Multimodal Caucedo pueden  contabilizarse porciones de territorializaci\u00f3n habitadas por grandes  comunidades identificables. <\/p>\n<p>&#13;<\/p>\n<p align=\"justify\" class=\"text1noticias\"> Manifiesta  que el n\u00facleo urbano germinal, denominado Ciudad Colonial, entre el levante y  el poniente, estren\u00f3 ambas riberas del r\u00edo madre, el Ozama y que desde finales del  Siglo XV hasta el incipiente Siglo XXI, ha sido la imagen identificadora de la  urbe creada como capital del Nuevo Mundo, fundada para servir de sede al  gobierno del continente descubierto. <\/p>\n<p>&#13;<\/p>\n<h6> 2008-01-18 18:41:43 <\/h6>\n<p><!--\n<link rel=\"stylesheet\" href=\"css\/bootstrap.min.css\">\n\n\n<ul class=\"pagination\">\n\t    \n\t\n\n<li >\n\t<a href='?page_no=22842'>Previous<\/a>\n\t<\/li>\n\n\n       \n    \n\n<li><a href='?page_no=1'>1<\/a><\/li>\n\n\n\n<li><a href='?page_no=2'>2<\/a><\/li>\n\n\n\n<li><a>...<\/a><\/li>\n\n\n\n<li><a href='?page_no=22841'>22841<\/a><\/li>\n\n\n\n<li><a href='?page_no=22842'>22842<\/a><\/li>\n\n\n\n<li class='active'><a>22843<\/a><\/li>\n\n\n\n<li><a href='?page_no=22844'>22844<\/a><\/li>\n\n\n\n<li><a href='?page_no=22845'>22845<\/a><\/li>\n\n\n\n<li><a>...<\/a><\/li>\n\n\n\n<li><a href='?page_no=22911'>22911<\/a><\/li>\n\n\n\n<li><a href='?page_no=22912'>22912<\/a><\/li>\n\n    \n\t\n\n<li >\n\t<a href='?page_no=22844'>Next<\/a>\n\t<\/li>\n\n\n    \n\n<li><a href='?page_no=22912'>Last &rsaquo;&rsaquo;<\/a><\/li>\n\n<\/ul>\n\n\n--><br \/>\n<\/body><\/p>\n","protected":false},"excerpt":{"rendered":"<p>CCN pondr\u00e1 circular cuarta edici\u00f3n libro \u201cLa Ciudad del Ozama\u201d &#13; Santo Domingo.- Con intervenciones del Cardenal Nicol\u00e1s de Jes\u00fas L\u00f3pez Rodr\u00edguez y del presidente de Centro Cuesta Nacional (CCN), Jos\u00e9 Manuel Gonz\u00e1lez Corripio, ser\u00e1 puesta en circulaci\u00f3n el pr\u00f3ximo jueves 24 de este mes la cuarta edici\u00f3n del libro \u201cLa Ciudad del Ozama\u201d, del [&hellip;]<\/p>\n","protected":false},"author":3,"featured_media":0,"comment_status":"open","ping_status":"open","sticky":false,"template":"","format":"standard","meta":{"footnotes":""},"categories":[21],"tags":[],"class_list":["post-71165","post","type-post","status-publish","format-standard","hentry","category-cultura"],"_links":{"self":[{"href":"https:\/\/diariodominicano.com\/index.php?rest_route=\/wp\/v2\/posts\/71165","targetHints":{"allow":["GET"]}}],"collection":[{"href":"https:\/\/diariodominicano.com\/index.php?rest_route=\/wp\/v2\/posts"}],"about":[{"href":"https:\/\/diariodominicano.com\/index.php?rest_route=\/wp\/v2\/types\/post"}],"author":[{"embeddable":true,"href":"https:\/\/diariodominicano.com\/index.php?rest_route=\/wp\/v2\/users\/3"}],"replies":[{"embeddable":true,"href":"https:\/\/diariodominicano.com\/index.php?rest_route=%2Fwp%2Fv2%2Fcomments&post=71165"}],"version-history":[{"count":0,"href":"https:\/\/diariodominicano.com\/index.php?rest_route=\/wp\/v2\/posts\/71165\/revisions"}],"wp:attachment":[{"href":"https:\/\/diariodominicano.com\/index.php?rest_route=%2Fwp%2Fv2%2Fmedia&parent=71165"}],"wp:term":[{"taxonomy":"category","embeddable":true,"href":"https:\/\/diariodominicano.com\/index.php?rest_route=%2Fwp%2Fv2%2Fcategories&post=71165"},{"taxonomy":"post_tag","embeddable":true,"href":"https:\/\/diariodominicano.com\/index.php?rest_route=%2Fwp%2Fv2%2Ftags&post=71165"}],"curies":[{"name":"wp","href":"https:\/\/api.w.org\/{rel}","templated":true}]}}