{"id":71163,"date":"2008-01-24T14:25:00","date_gmt":"2008-01-24T14:25:00","guid":{"rendered":"http:\/\/diariodominicano.ddns.net\/?p=71163"},"modified":"2008-01-24T14:25:00","modified_gmt":"2008-01-24T14:25:00","slug":"arrivederci-maestro-valentino","status":"publish","type":"post","link":"https:\/\/diariodominicano.com\/?p=71163","title":{"rendered":"&#8216;Arrivederci&#8217;, maestro Valentino"},"content":{"rendered":"<p><body><\/p>\n<p><strong>REPORTAJE<\/strong><\/p>\n<p>&#13;<\/p>\n<p class=\"titulogrande1\">&#8216;Arrivederci&#8217;, maestro Valentino<\/p>\n<p>&#13;<\/p>\n<p><strong>El dise\u00f1ador italiano ti\u00f1e Par\u00eds de su rojo en un espectacular adi\u00f3s a la moda <\/strong><\/p>\n<p>&#13;<\/p>\n<p class=\"text1noticias\"><strong>EUGENIA DE LA TORRIENTE<\/strong> <em>&#8211; Par\u00eds &#8211; <\/em>24\/01\/2008 <\/p>\n<p>&#13;<\/p>\n<p align=\"justify\" class=\"text1noticias\"><img loading=\"lazy\" decoding=\"async\" src=\"http:\/\/localhost:8080\/pictures\/valentino.jpg\" width=\"269\" height=\"198\" hspace=\"4\" align=\"left\" \/>Sobre la pasarela, rodeado de vestales de rojo, Valentino Garavani sal\u00eda a   saludar por \u00faltima vez. <br \/>&#13;<br \/>\n  <br \/>&#13;<br \/>\nTras el escenario, sus costureras lloraban   desconsoladas. \u00abEstoy contenta por \u00e9l, pero muy triste por m\u00ed\u00bb, explicaba Maria   Reza, que lleva 25 a\u00f1os en su taller. Junto a ella, Rosario Nadal se esforzaba   por mantener el tipo. \u00abSe cierra un cap\u00edtulo fundamental de la historia de la   alta costura\u00bb. Corr\u00eda el champ\u00e1n y las l\u00e1grimas en la carpa montada en los   jardines del Museo Rodin, pero el dise\u00f1ador de 75 a\u00f1os se manten\u00eda sereno.   Rodeado de un impenetrable muro de c\u00e1maras, posaba con una sonrisa a la altura   de su bronceado.<\/p>\n<p>&#13;<\/p>\n<p align=\"justify\">&#13;<br \/>\n  <span class=\"text1noticias\">&#13;<br \/>\n  <!-- google_ad_section_end() -->&#13;<br \/>\n  <!-- ***** Fin de Entradilla ***** -->&#13;<br \/>\n  <!-- ***** Info complementaria ***** -->&#13;<br \/>\nNi siquiera Giancarlo Giammetti, la mitad empresarial de un t\u00e1ndem   profesional y vital, pod\u00eda acercarse a Valentino. \u00ab\u00bfC\u00f3mo me siento? Confundido.   Ahora mismo lo \u00fanico que quiero es abrazarle. Pero \u00e9l est\u00e1 contento porque se ha   ido cuando ha querido, a su manera, estando todav\u00eda en lo m\u00e1s alto\u00bb,   confesaba.<\/span><\/p>\n<p>&#13;<\/p>\n<p align=\"justify\" class=\"text1noticias\">\u00ab\u00c9ste es uno de los momentos m\u00e1s incre\u00edbles que he presenciado\u00bb, apuntaba la   modelo rusa Natalia Vodianova, que abri\u00f3 y cerr\u00f3 el desfile. Porque, en efecto,   adem\u00e1s de alta tensi\u00f3n emocional, tambi\u00e9n hubo ropa. Y no poca. Valentino hab\u00eda   advertido que se iba a tomar su tiempo, ya que quer\u00eda dejar a sus amigos algo   que recordar. Fueron 75 luminosas salidas, paradigm\u00e1ticas del estilo de un gran   rom\u00e1ntico, que durante 45 a\u00f1os se ha empe\u00f1ando en una b\u00fasqueda de lo hermoso y   arm\u00f3nico. No hab\u00eda nostalgia ni voluntad retrospectiva, era un alegato de la   vitalidad de su legado. Toda la historia de Valentino estaba presente en la   prodigiosa proporci\u00f3n de un sencillo abrigo blanco con cuello de sat\u00e9n, en el   ondulante movimiento de un vestido de noche malva, en el comedido estallido de   los estampados florales.<\/p>\n<p>&#13;<\/p>\n<p align=\"justify\" class=\"text1noticias\">Aparecieron todos los s\u00edmbolos, pero Il Maestro los us\u00f3 con frescura,   neg\u00e1ndose a encerrarlos en las vitrinas del pasado. Los lazos, que representan   su obsequioso ideal de la belleza, se suger\u00edan, sin rematarse siquiera, y   serv\u00edan para descubrir una espalda cubierta de brillantes bordados. Y el rojo.   Valentino dise\u00f1\u00f3 un \u00fanico y \u00faltimo vestido en su color m\u00e1s emblem\u00e1tico.<\/p>\n<p>&#13;<\/p>\n<p align=\"justify\" class=\"text1noticias\">Primero lo mostr\u00f3 en un v\u00eddeo, con una misma modelo repetida hasta el   infinito. Despu\u00e9s, sac\u00f3 a las maniqu\u00edes reales, una tras otra, con una pieza que   encara con ligereza su lugar para el recuerdo. Y despu\u00e9s, te\u00f1ido ya todo de rojo   por vestales de carne y p\u00edxels, sali\u00f3 \u00e9l y levant\u00f3, de golpe, a los 900   invitados. Incluidos, Miuccia Prada, Christian Lacroix o Alber Elbaz. El   dise\u00f1ador de Lanvin admit\u00eda que \u00absu legado seguir\u00e1 siendo una influencia para   muchos de nosotros durante mucho tiempo\u00bb.<\/p>\n<p>&#13;<\/p>\n<p align=\"justify\" class=\"text1noticias\">\u00abSalir ha sido verdaderamente emocionante: ver a mis amigos, a mi gente\u00bb,   explicaba Valentino media hora despu\u00e9s, a la carrera, entre los tirones de la   seguridad. \u00abPero estoy contento y muy orgulloso del \u00faltimo trabajo que les he   ofrecido\u00bb. Lo cierto es que para entender anoche qu\u00e9 ha hecho tan grande a   Valentino, no s\u00f3lo hab\u00eda que mirar a la pasarela. Tambi\u00e9n hab\u00eda que fijarse en   lo que \u00e9l ve desde ella. En el p\u00fablico, estaban las claves del mito. Algunas de   las mujeres m\u00e1s famosas del mundo. Uma Thurman, Lucy Liu y Claudia Schiffer   representaban a todas esas celebridades que, desde que Jackie Kennedy lo   eligiera como modista de cabecera, le profesan una devoci\u00f3n casi religiosa.<\/p>\n<p>&#13;<\/p>\n<p align=\"justify\" class=\"text1noticias\">Y entre bambalinas, no estaban s\u00f3lo las costureras. Hasta 100 trabajadores   figuraban entre los asistentes, muchos como Maria Reza llevan toda su vida   profesional junto a Il Maestro. \u00c9l y Giammetti, con su extravagante forma de   vida, han sido el v\u00e9rtice de un grupo que tiene tanto de empresarial como de   humano y familiar. Y, finalmente, un tercer grupo de fieles. Otro centenar, esta   vez, de clientes de alta costura que han mantenido ocupado el taller romano   estos a\u00f1os. <br \/>&#13;<br \/>\n  <br \/>&#13;<br \/>\nSobre todo, europeas y de Oriente Pr\u00f3ximo, pero \u00faltimamente tambi\u00e9n   asi\u00e1ticas y rusas, que han bajado en casi 10 a\u00f1os la media de edad y que tienen   mucho que ver con que las ventas hayan aumentado un 10% al a\u00f1o desde 2005.<\/p>\n<p>&#13;<\/p>\n<p align=\"justify\" class=\"text1noticias\">\u00bfQu\u00e9 va a hacer despu\u00e9s de este desfile? Los propietarios de la compa\u00f1\u00eda, que   dej\u00f3 de ser suya en 1998, han elegido a Alessandra Facchinetti como su sucesora,   pero \u00e9l, desde luego, no se plantea jubilarse. Anoche dio una de sus fabulosas   fiestas en el castillo del siglo XVII que posee a las afueras de la ciudad. Hoy   recibir\u00e1 del alcalde la medalla de la Villa de Par\u00eds, que sella su idilio con la   ciudad en la que se form\u00f3 como aprendiz de Jean Dess\u00e8s y Guy Laroche. Y uno de   los pocos honores que a los franceses les quedan por concederle, pues recibi\u00f3 la   Legi\u00f3n de Honor en 2005.<\/p>\n<p>&#13;<\/p>\n<p align=\"justify\" class=\"text1noticias\">Sus planes inmediatos pasan por viajar, con un s\u00e9quito de 20 personas, al   carnaval de R\u00edo de Janeiro para celebrar el cumplea\u00f1os de Giammetti y luego a   Mosc\u00fa para subastar el \u00faltimo vestido que se vio ayer. En mayo se le espera en   el Festival de Cannes, donde se presentar\u00e1 un documental sobre su vida y obra   que el periodista Matt Tyrnauer ha elaborado a partir de 250 horas de grabaci\u00f3n   a lo largo de dos a\u00f1os. Y el 19 de junio tiene otra sonada apertura: la de la   exposici\u00f3n <em>Valentino: th\u00e8mes et variations.<\/em> Ser\u00e1 la primera que el Museo   de las Artes Decorativas de Par\u00eds dedica a un dise\u00f1ador italiano. Y lo que   vendr\u00e1: \u00abMe encantar\u00eda hacer <em>La Traviata<\/em> o algo fabuloso para el ballet\u00bb,   declaraba el lunes. Por si a alguien le quedaba alguna duda, aclaraba: \u00abNo soy   el tipo de persona que se queda en casa viendo la televisi\u00f3n todo el d\u00eda.   Encontrar\u00e9 algo que hacer\u00bb.<\/p>\n<p>&#13;<\/p>\n<p align=\"justify\">\u00a0 <\/p>\n<p>&#13;<\/p>\n<h6> 2008-01-24 14:25:00 <\/h6>\n<p><!--\n<link rel=\"stylesheet\" href=\"css\/bootstrap.min.css\">\n\n\n<ul class=\"pagination\">\n\t    \n\t\n\n<li >\n\t<a href='?page_no=22840'>Previous<\/a>\n\t<\/li>\n\n\n       \n    \n\n<li><a href='?page_no=1'>1<\/a><\/li>\n\n\n\n<li><a href='?page_no=2'>2<\/a><\/li>\n\n\n\n<li><a>...<\/a><\/li>\n\n\n\n<li><a href='?page_no=22839'>22839<\/a><\/li>\n\n\n\n<li><a href='?page_no=22840'>22840<\/a><\/li>\n\n\n\n<li class='active'><a>22841<\/a><\/li>\n\n\n\n<li><a href='?page_no=22842'>22842<\/a><\/li>\n\n\n\n<li><a href='?page_no=22843'>22843<\/a><\/li>\n\n\n\n<li><a>...<\/a><\/li>\n\n\n\n<li><a href='?page_no=22911'>22911<\/a><\/li>\n\n\n\n<li><a href='?page_no=22912'>22912<\/a><\/li>\n\n    \n\t\n\n<li >\n\t<a href='?page_no=22842'>Next<\/a>\n\t<\/li>\n\n\n    \n\n<li><a href='?page_no=22912'>Last &rsaquo;&rsaquo;<\/a><\/li>\n\n<\/ul>\n\n\n--><br \/>\n<\/body><\/p>\n","protected":false},"excerpt":{"rendered":"<p>REPORTAJE &#13; &#8216;Arrivederci&#8217;, maestro Valentino &#13; El dise\u00f1ador italiano ti\u00f1e Par\u00eds de su rojo en un espectacular adi\u00f3s a la moda &#13; EUGENIA DE LA TORRIENTE &#8211; Par\u00eds &#8211; 24\/01\/2008 &#13; Sobre la pasarela, rodeado de vestales de rojo, Valentino Garavani sal\u00eda a saludar por \u00faltima vez. &#13; &#13; Tras el escenario, sus costureras lloraban [&hellip;]<\/p>\n","protected":false},"author":3,"featured_media":0,"comment_status":"open","ping_status":"open","sticky":false,"template":"","format":"standard","meta":{"footnotes":""},"categories":[21],"tags":[],"class_list":["post-71163","post","type-post","status-publish","format-standard","hentry","category-cultura"],"_links":{"self":[{"href":"https:\/\/diariodominicano.com\/index.php?rest_route=\/wp\/v2\/posts\/71163","targetHints":{"allow":["GET"]}}],"collection":[{"href":"https:\/\/diariodominicano.com\/index.php?rest_route=\/wp\/v2\/posts"}],"about":[{"href":"https:\/\/diariodominicano.com\/index.php?rest_route=\/wp\/v2\/types\/post"}],"author":[{"embeddable":true,"href":"https:\/\/diariodominicano.com\/index.php?rest_route=\/wp\/v2\/users\/3"}],"replies":[{"embeddable":true,"href":"https:\/\/diariodominicano.com\/index.php?rest_route=%2Fwp%2Fv2%2Fcomments&post=71163"}],"version-history":[{"count":0,"href":"https:\/\/diariodominicano.com\/index.php?rest_route=\/wp\/v2\/posts\/71163\/revisions"}],"wp:attachment":[{"href":"https:\/\/diariodominicano.com\/index.php?rest_route=%2Fwp%2Fv2%2Fmedia&parent=71163"}],"wp:term":[{"taxonomy":"category","embeddable":true,"href":"https:\/\/diariodominicano.com\/index.php?rest_route=%2Fwp%2Fv2%2Fcategories&post=71163"},{"taxonomy":"post_tag","embeddable":true,"href":"https:\/\/diariodominicano.com\/index.php?rest_route=%2Fwp%2Fv2%2Ftags&post=71163"}],"curies":[{"name":"wp","href":"https:\/\/api.w.org\/{rel}","templated":true}]}}