{"id":71162,"date":"2008-01-25T02:09:13","date_gmt":"2008-01-25T02:09:13","guid":{"rendered":"http:\/\/diariodominicano.ddns.net\/?p=71162"},"modified":"2008-01-25T02:09:13","modified_gmt":"2008-01-25T02:09:13","slug":"legado-fotografico-de-gabriela-mistral-disponible-en-internet","status":"publish","type":"post","link":"https:\/\/diariodominicano.com\/?p=71162","title":{"rendered":"Legado fotogr\u00e1fico de Gabriela Mistral disponible en internet"},"content":{"rendered":"<p><body><\/p>\n<h1 class=\"titulogrande1\">Legado fotogr\u00e1fico de Gabriela Mistral disponible en internet<\/h1>\n<p>&#13;<\/p>\n<p><strong>Son m\u00e1s de cien im\u00e1genes de la poetisa que recorren los aspectos m\u00e1s \u00edntimos  de su vida.<\/strong><\/p>\n<p>&#13;<\/p>\n<p align=\"justify\" class=\"text1noticias\"><img loading=\"lazy\" decoding=\"async\" src=\"http:\/\/localhost:8080\/pictures\/gabriela mistral.jpg\" width=\"269\" height=\"195\" hspace=\"4\" align=\"left\" \/>Manuscritos, borradores, cartas, cuadernos, im\u00e1genes. <br \/>&#13;<br \/>\n  <br \/>&#13;<br \/>\n  La lista de objetos  que conforman el legado material y personal de la Premio Nobel, <strong>Gabriel  Mistral<\/strong>, y que llegaron a Chile desde Estados Unidos en diciembre  pasado, a\u00fan no acaba de descifrarse por completo.<br \/>&#13;<br \/>\n  <br \/>&#13;<br \/>\n  Entre ellos se encuentran las fotograf\u00edas, que exploran el lado m\u00e1s \u00edntimo de  la poetisa y que desde ahora pueden ser vistos en la p\u00e1gina web de la  Biblioteca Nacional, www.memoriachilena.cl.<br \/>&#13;<br \/>\n  <br \/>&#13;<br \/>\n  Son cuatro selecciones de fotos que suman en total 152 im\u00e1genes de la autora  de Desolaci\u00f3n, las que adem\u00e1s van a acompa\u00f1adas por 90 minutos de grabaciones y  un archivo audiovisual.<br \/>&#13;<br \/>\n  <br \/>&#13;<br \/>\n  A trav\u00e9s de estos registros es posible apreciar los viajes que llenaron por  a\u00f1os la vida de la escritora, las reuniones oficiales que sostuvo con  intelectuales y pol\u00edticos y tambi\u00e9n la relaci\u00f3n m\u00e1s cercana que por a\u00f1os  cultiv\u00f3 con su amiga Doris Dana.<br \/>&#13;<br \/>\n  <br \/>&#13;<br \/>\n  Sobre esta cercan\u00eda siempre se ha especulado y es ese uno de los aspecto que  m\u00e1s ha llamado la atenci\u00f3n del trailer de la cinta La Pasajera, de Francisco  Casas y Yura Labarca, protagonizado por Claudia Celed\u00f3n en el papel de la  poetisa -disponible actualmente en el sitio youtube.com-, donde ambas mujeres  se muestran en una relaci\u00f3n de pareja que incluye la escena de un beso que ya  est\u00e1 dando que hablar.\u00a0\u00a0<\/p>\n<p>&#13;<\/p>\n<h6> 2008-01-25 02:09:13 <\/h6>\n<p><!--\n<link rel=\"stylesheet\" href=\"css\/bootstrap.min.css\">\n\n\n<ul class=\"pagination\">\n\t    \n\t\n\n<li >\n\t<a href='?page_no=22839'>Previous<\/a>\n\t<\/li>\n\n\n       \n    \n\n<li><a href='?page_no=1'>1<\/a><\/li>\n\n\n\n<li><a href='?page_no=2'>2<\/a><\/li>\n\n\n\n<li><a>...<\/a><\/li>\n\n\n\n<li><a href='?page_no=22838'>22838<\/a><\/li>\n\n\n\n<li><a href='?page_no=22839'>22839<\/a><\/li>\n\n\n\n<li class='active'><a>22840<\/a><\/li>\n\n\n\n<li><a href='?page_no=22841'>22841<\/a><\/li>\n\n\n\n<li><a href='?page_no=22842'>22842<\/a><\/li>\n\n\n\n<li><a>...<\/a><\/li>\n\n\n\n<li><a href='?page_no=22911'>22911<\/a><\/li>\n\n\n\n<li><a href='?page_no=22912'>22912<\/a><\/li>\n\n    \n\t\n\n<li >\n\t<a href='?page_no=22841'>Next<\/a>\n\t<\/li>\n\n\n    \n\n<li><a href='?page_no=22912'>Last &rsaquo;&rsaquo;<\/a><\/li>\n\n<\/ul>\n\n\n--><br \/>\n<\/body><\/p>\n","protected":false},"excerpt":{"rendered":"<p>Legado fotogr\u00e1fico de Gabriela Mistral disponible en internet &#13; Son m\u00e1s de cien im\u00e1genes de la poetisa que recorren los aspectos m\u00e1s \u00edntimos de su vida. &#13; Manuscritos, borradores, cartas, cuadernos, im\u00e1genes. &#13; &#13; La lista de objetos que conforman el legado material y personal de la Premio Nobel, Gabriel Mistral, y que llegaron a [&hellip;]<\/p>\n","protected":false},"author":3,"featured_media":0,"comment_status":"open","ping_status":"open","sticky":false,"template":"","format":"standard","meta":{"footnotes":""},"categories":[21],"tags":[],"class_list":["post-71162","post","type-post","status-publish","format-standard","hentry","category-cultura"],"_links":{"self":[{"href":"https:\/\/diariodominicano.com\/index.php?rest_route=\/wp\/v2\/posts\/71162","targetHints":{"allow":["GET"]}}],"collection":[{"href":"https:\/\/diariodominicano.com\/index.php?rest_route=\/wp\/v2\/posts"}],"about":[{"href":"https:\/\/diariodominicano.com\/index.php?rest_route=\/wp\/v2\/types\/post"}],"author":[{"embeddable":true,"href":"https:\/\/diariodominicano.com\/index.php?rest_route=\/wp\/v2\/users\/3"}],"replies":[{"embeddable":true,"href":"https:\/\/diariodominicano.com\/index.php?rest_route=%2Fwp%2Fv2%2Fcomments&post=71162"}],"version-history":[{"count":0,"href":"https:\/\/diariodominicano.com\/index.php?rest_route=\/wp\/v2\/posts\/71162\/revisions"}],"wp:attachment":[{"href":"https:\/\/diariodominicano.com\/index.php?rest_route=%2Fwp%2Fv2%2Fmedia&parent=71162"}],"wp:term":[{"taxonomy":"category","embeddable":true,"href":"https:\/\/diariodominicano.com\/index.php?rest_route=%2Fwp%2Fv2%2Fcategories&post=71162"},{"taxonomy":"post_tag","embeddable":true,"href":"https:\/\/diariodominicano.com\/index.php?rest_route=%2Fwp%2Fv2%2Ftags&post=71162"}],"curies":[{"name":"wp","href":"https:\/\/api.w.org\/{rel}","templated":true}]}}