{"id":71161,"date":"2008-01-26T05:13:00","date_gmt":"2008-01-26T05:13:00","guid":{"rendered":"http:\/\/diariodominicano.ddns.net\/?p=71161"},"modified":"2008-01-26T05:13:00","modified_gmt":"2008-01-26T05:13:00","slug":"barranquilla-trae-su-alegria-a-miami","status":"publish","type":"post","link":"https:\/\/diariodominicano.com\/?p=71161","title":{"rendered":"Barranquilla trae su alegr\u00eda a Miami"},"content":{"rendered":"<p><body><\/p>\n<h1 class=\"titulogrande1\">Barranquilla  trae su alegr\u00eda a Miami<\/h1>\n<p>&#13;<\/p>\n<p align=\"justify\" class=\"text1noticias\">O\/E Arts &amp; Culture <br \/>&#13;<br \/>\n  <br \/>&#13;<br \/>\nCarnaval de Barranquilla en Miami.<\/p>\n<p>&#13;<\/p>\n<p align=\"justify\" class=\"text1noticias\"><img loading=\"lazy\" decoding=\"async\" src=\"http:\/\/localhost:8080\/pictures\/carnaval pic.jpg\" width=\"269\" height=\"179\" hspace=\"4\" align=\"left\" \/>Por segundo a\u00f1o consecutivo, la  alegr\u00eda y el colorido del Carnaval de Barranquilla, una de las fiestas m\u00e1s  tradicionales de Colombia, se traslada a Miami para contagiar sus calles con la  cumbia, las comparsas y flores, y una serie de actividades que comenzar\u00e1n el 26  de enero al 9 de febrero.<br \/>&#13;<br \/>\n  <br \/>&#13;<br \/>\n  Para  los barranquilleros el carnaval es la fiesta del mestizaje, son los d\u00edas m\u00e1s  alegres del a\u00f1o y es el lugar donde convergen la cultura, las expresiones  art\u00edsticas y la historia. Desde el a\u00f1o pasado los colombianos residentes en  Miami tienen la oportunidad de disfrutar de las fiestas, desfiles y comparsas  en vivo y en directo, y de invitar a amigos de diferentes nacionalidades a que  se unan a una celebraci\u00f3n que no tiene fronteras.<br \/>&#13;<br \/>\n  <br \/>&#13;<br \/>\n  La  primera fiesta se trata del precarnaval, el s\u00e1bado 26 en el Ponce Circle Park  de Coral Gables, en el que se coronar\u00e1 a su reina Daniela Jaramillo, una de las  figuras m\u00e1s importantes del evento. Luego se pasar\u00e1 a leer un decreto con el  que quedar\u00e1 inaugurado oficialmente el festival. <br \/>&#13;<br \/>\n  <br \/>&#13;<br \/>\n  La fiesta arrancar\u00e1 a las 4  p.m. y contar\u00e1 con las presentaciones de Wilfrido Vargas, Iv\u00e1n Ovalle y Juan  Pi\u00f1a.<br \/>&#13;<br \/>\n  <br \/>&#13;<br \/>\n  \u00bbEl  carnaval es una pasi\u00f3n, es algo que nos caracteriza a los barranquilleros ya  que se trata de una tradici\u00f3n centenaria\u00bb, asegura Daniela, su reina. \u00abEn  esos d\u00edas todo el mundo se quita la cara triste, se olvida de las  preocupaciones y se entrega por completo a la alegr\u00eda; nos encanta poder  traerlo a Miami pues la nostalgia de un colombiano lejos de su tierra nos  conmueve mucho y es muy bonito mostrarle a gente de diferentes partes del mundo  nuestra cara linda\u00bb.<br \/>&#13;<br \/>\n  <br \/>&#13;<br \/>\n  Al  igual que en Colombia, en Miami se podr\u00e1 disfrutar de la t\u00edpica Batalla de  Flores, la serenata a Barranquilla y el desfile de comparsas durante los d\u00edas  7, 8 y 9. El jueves 7 la m\u00fasica tradicional de la costa Atl\u00e1ntica, como la  cumbia y el mapal\u00e9, ser\u00e1 la homenajeada durante un concierto privado en el  Carnival Center con la participaci\u00f3n de Chelito de Castro y Sof\u00eda Daccarett  Char.<br \/>&#13;<br \/>\n  <br \/>&#13;<br \/>\n  El  viernes 8 se realizar\u00e1 la Toma  de Lincoln Road, en donde su reina, el rey Momo, otro de los personajes t\u00edpicos  de la fiesta y las diferentes comitivas se pasear\u00e1n por sus calles bailando y  compartiendo el jolgorio con los observadores. Es una caminata a la que se va  uniendo gente a medida que va avanzando.<br \/>&#13;<br \/>\n  <br \/>&#13;<br \/>\n  Y  el s\u00e1bado 9, desde la 1 p.m. las calles de Biscayne Blvd. ser\u00e1n testigos de una  versi\u00f3n a peque\u00f1a escala de la   Batalla de Flores, con el desfile de carrozas y grupos  folcl\u00f3ricos que partir\u00e1n desde el Bayside.<br \/>&#13;<br \/>\n  <br \/>&#13;<br \/>\n  &#8216;La  idea es no s\u00f3lo convocar a los colombianos en Miami, sino tambi\u00e9n invitar a  gente de todo el mundo para que se una al carnaval y tal vez se animen a ir a  Barranquilla, porque como reza nuestro lema `Quien lo vive es quien lo goza&#8217;.  Nada mejor que estar all\u00ed para entender por qu\u00e9 el de Barranquilla es uno de  los carnavales m\u00e1s importantes del mundo\u00bb, concluye la reina.<br \/>&#13;<br \/>\n  <br \/>&#13;<br \/>\n  Desde  el a\u00f1o pasado, la fundaci\u00f3n O\/E Arts &amp; Culture ha sido la promotora del  festival; su objetivo fundamental es difundir las tradiciones latinoamericanas  en Estados Unidos.<\/p>\n<p>&#13;<\/p>\n<h3 align=\"justify\" class=\"text1noticias\">SANDRA  PALACIOS<\/h3>\n<p>&#13;<\/p>\n<h3 align=\"justify\" class=\"text1noticias\">Especial\/El  Nuevo Herald<\/h3>\n<p>&#13;<\/p>\n<h6> 2008-01-26 05:13:00 <\/h6>\n<p><!--\n<link rel=\"stylesheet\" href=\"css\/bootstrap.min.css\">\n\n\n<ul class=\"pagination\">\n\t    \n\t\n\n<li >\n\t<a href='?page_no=22838'>Previous<\/a>\n\t<\/li>\n\n\n       \n    \n\n<li><a href='?page_no=1'>1<\/a><\/li>\n\n\n\n<li><a href='?page_no=2'>2<\/a><\/li>\n\n\n\n<li><a>...<\/a><\/li>\n\n\n\n<li><a href='?page_no=22837'>22837<\/a><\/li>\n\n\n\n<li><a href='?page_no=22838'>22838<\/a><\/li>\n\n\n\n<li class='active'><a>22839<\/a><\/li>\n\n\n\n<li><a href='?page_no=22840'>22840<\/a><\/li>\n\n\n\n<li><a href='?page_no=22841'>22841<\/a><\/li>\n\n\n\n<li><a>...<\/a><\/li>\n\n\n\n<li><a href='?page_no=22911'>22911<\/a><\/li>\n\n\n\n<li><a href='?page_no=22912'>22912<\/a><\/li>\n\n    \n\t\n\n<li >\n\t<a href='?page_no=22840'>Next<\/a>\n\t<\/li>\n\n\n    \n\n<li><a href='?page_no=22912'>Last &rsaquo;&rsaquo;<\/a><\/li>\n\n<\/ul>\n\n\n--><br \/>\n<\/body><\/p>\n","protected":false},"excerpt":{"rendered":"<p>Barranquilla trae su alegr\u00eda a Miami &#13; O\/E Arts &amp; Culture &#13; &#13; Carnaval de Barranquilla en Miami. &#13; Por segundo a\u00f1o consecutivo, la alegr\u00eda y el colorido del Carnaval de Barranquilla, una de las fiestas m\u00e1s tradicionales de Colombia, se traslada a Miami para contagiar sus calles con la cumbia, las comparsas y flores, [&hellip;]<\/p>\n","protected":false},"author":3,"featured_media":0,"comment_status":"open","ping_status":"open","sticky":false,"template":"","format":"standard","meta":{"footnotes":""},"categories":[21],"tags":[],"class_list":["post-71161","post","type-post","status-publish","format-standard","hentry","category-cultura"],"_links":{"self":[{"href":"https:\/\/diariodominicano.com\/index.php?rest_route=\/wp\/v2\/posts\/71161","targetHints":{"allow":["GET"]}}],"collection":[{"href":"https:\/\/diariodominicano.com\/index.php?rest_route=\/wp\/v2\/posts"}],"about":[{"href":"https:\/\/diariodominicano.com\/index.php?rest_route=\/wp\/v2\/types\/post"}],"author":[{"embeddable":true,"href":"https:\/\/diariodominicano.com\/index.php?rest_route=\/wp\/v2\/users\/3"}],"replies":[{"embeddable":true,"href":"https:\/\/diariodominicano.com\/index.php?rest_route=%2Fwp%2Fv2%2Fcomments&post=71161"}],"version-history":[{"count":0,"href":"https:\/\/diariodominicano.com\/index.php?rest_route=\/wp\/v2\/posts\/71161\/revisions"}],"wp:attachment":[{"href":"https:\/\/diariodominicano.com\/index.php?rest_route=%2Fwp%2Fv2%2Fmedia&parent=71161"}],"wp:term":[{"taxonomy":"category","embeddable":true,"href":"https:\/\/diariodominicano.com\/index.php?rest_route=%2Fwp%2Fv2%2Fcategories&post=71161"},{"taxonomy":"post_tag","embeddable":true,"href":"https:\/\/diariodominicano.com\/index.php?rest_route=%2Fwp%2Fv2%2Ftags&post=71161"}],"curies":[{"name":"wp","href":"https:\/\/api.w.org\/{rel}","templated":true}]}}