{"id":71159,"date":"2008-01-26T05:19:37","date_gmt":"2008-01-26T05:19:37","guid":{"rendered":"http:\/\/diariodominicano.ddns.net\/?p=71159"},"modified":"2008-01-26T05:19:37","modified_gmt":"2008-01-26T05:19:37","slug":"el-triple-centenario-de-oscar-niemeyer","status":"publish","type":"post","link":"https:\/\/diariodominicano.com\/?p=71159","title":{"rendered":"El triple centenario de Oscar Niemeyer"},"content":{"rendered":"<p><body><\/p>\n<p align=\"justify\"><strong class=\"titulogrande1\">El triple  centenario de Oscar Niemeyer<\/strong><br \/>&#13;<br \/>\n  <br \/>&#13;<br \/>\n    <strong>Una muestra en Lisboa  recoge un centenar de obras del arquitecto, que acaba de cumplir un siglo de  vida, a trav\u00e9s de 100 fotograf\u00edas de Leonardo Finotti <\/strong><\/p>\n<p>&#13;<\/p>\n<p align=\"justify\" class=\"text1noticias\"><strong><img loading=\"lazy\" decoding=\"async\" src=\"http:\/\/localhost:8080\/pictures\/de nemeyer.jpg\" width=\"269\" height=\"198\" hspace=\"4\" align=\"left\" \/>LISBOA.-<\/strong> Las autoridades lusas han inaugurado hoy una exposici\u00f3n  de 100 fotos de la obra del arquitecto Oscar Niemeyer, uno de los padres de  Brasilia, captadas por el fot\u00f3grafo Leonardo Finotti a lo largo de la carrera  del creador brasile\u00f1o.<br \/>&#13;<br \/>\n  <br \/>&#13;<br \/>\n  La exposici\u00f3n, que tiene como comisario a Michelle de Castro,  lleva como t\u00edtulo <em>100 fotos, obras, a\u00f1os de Oscar Niemeyer<\/em>, en alusi\u00f3n  al reciente cumplea\u00f1os del arquitecto, nacido el 15 de diciembre de 1907.<br \/>&#13;<br \/>\n  <br \/>&#13;<br \/>\n  Los organizadores de la muestra, que se exhibe en el Museo de  Electricidad en Lisboa, destacaron que Niemeyer ha sido uno de los mayores  arquitectos del siglo XX: se form\u00f3 en Brasil y trabaj\u00f3 con una de las grandes  figuras de la arquitectura, el suizo Le Corbusier.<br \/>&#13;<br \/>\n  <br \/>&#13;<br \/>\n  Entre los trabajos que son expuestos se encuentran fotos de la  catedral y los palacios concebidos por Niemeyer para Brasilia, as\u00ed como el  edificio de la editorial Mondadori, en Mil\u00e1n, y el de las Naciones Unidas, en  Nueva York.<br \/>&#13;<br \/>\n  <br \/>&#13;<br \/>\n  <strong>EFE<\/strong> &#8211; Lisboa &#8211; 25\/01\/2008 <\/p>\n<p>&#13;<\/p>\n<h6> 2008-01-26 05:19:37 <\/h6>\n<p><!--\n<link rel=\"stylesheet\" href=\"css\/bootstrap.min.css\">\n\n\n<ul class=\"pagination\">\n\t    \n\t\n\n<li >\n\t<a href='?page_no=22836'>Previous<\/a>\n\t<\/li>\n\n\n       \n    \n\n<li><a href='?page_no=1'>1<\/a><\/li>\n\n\n\n<li><a href='?page_no=2'>2<\/a><\/li>\n\n\n\n<li><a>...<\/a><\/li>\n\n\n\n<li><a href='?page_no=22835'>22835<\/a><\/li>\n\n\n\n<li><a href='?page_no=22836'>22836<\/a><\/li>\n\n\n\n<li class='active'><a>22837<\/a><\/li>\n\n\n\n<li><a href='?page_no=22838'>22838<\/a><\/li>\n\n\n\n<li><a href='?page_no=22839'>22839<\/a><\/li>\n\n\n\n<li><a>...<\/a><\/li>\n\n\n\n<li><a href='?page_no=22911'>22911<\/a><\/li>\n\n\n\n<li><a href='?page_no=22912'>22912<\/a><\/li>\n\n    \n\t\n\n<li >\n\t<a href='?page_no=22838'>Next<\/a>\n\t<\/li>\n\n\n    \n\n<li><a href='?page_no=22912'>Last &rsaquo;&rsaquo;<\/a><\/li>\n\n<\/ul>\n\n\n--><br \/>\n<\/body><\/p>\n","protected":false},"excerpt":{"rendered":"<p>El triple centenario de Oscar Niemeyer&#13; &#13; Una muestra en Lisboa recoge un centenar de obras del arquitecto, que acaba de cumplir un siglo de vida, a trav\u00e9s de 100 fotograf\u00edas de Leonardo Finotti &#13; LISBOA.- Las autoridades lusas han inaugurado hoy una exposici\u00f3n de 100 fotos de la obra del arquitecto Oscar Niemeyer, uno [&hellip;]<\/p>\n","protected":false},"author":3,"featured_media":0,"comment_status":"open","ping_status":"open","sticky":false,"template":"","format":"standard","meta":{"footnotes":""},"categories":[21],"tags":[],"class_list":["post-71159","post","type-post","status-publish","format-standard","hentry","category-cultura"],"_links":{"self":[{"href":"https:\/\/diariodominicano.com\/index.php?rest_route=\/wp\/v2\/posts\/71159","targetHints":{"allow":["GET"]}}],"collection":[{"href":"https:\/\/diariodominicano.com\/index.php?rest_route=\/wp\/v2\/posts"}],"about":[{"href":"https:\/\/diariodominicano.com\/index.php?rest_route=\/wp\/v2\/types\/post"}],"author":[{"embeddable":true,"href":"https:\/\/diariodominicano.com\/index.php?rest_route=\/wp\/v2\/users\/3"}],"replies":[{"embeddable":true,"href":"https:\/\/diariodominicano.com\/index.php?rest_route=%2Fwp%2Fv2%2Fcomments&post=71159"}],"version-history":[{"count":0,"href":"https:\/\/diariodominicano.com\/index.php?rest_route=\/wp\/v2\/posts\/71159\/revisions"}],"wp:attachment":[{"href":"https:\/\/diariodominicano.com\/index.php?rest_route=%2Fwp%2Fv2%2Fmedia&parent=71159"}],"wp:term":[{"taxonomy":"category","embeddable":true,"href":"https:\/\/diariodominicano.com\/index.php?rest_route=%2Fwp%2Fv2%2Fcategories&post=71159"},{"taxonomy":"post_tag","embeddable":true,"href":"https:\/\/diariodominicano.com\/index.php?rest_route=%2Fwp%2Fv2%2Ftags&post=71159"}],"curies":[{"name":"wp","href":"https:\/\/api.w.org\/{rel}","templated":true}]}}