{"id":71153,"date":"2008-01-28T04:02:56","date_gmt":"2008-01-28T04:02:56","guid":{"rendered":"http:\/\/diariodominicano.ddns.net\/?p=71153"},"modified":"2008-01-28T04:02:56","modified_gmt":"2008-01-28T04:02:56","slug":"bruno-rosario-candelier-premio-nacional-de-literatura","status":"publish","type":"post","link":"https:\/\/diariodominicano.com\/?p=71153","title":{"rendered":"Bruno Rosario Candelier premio Nacional de Literatura"},"content":{"rendered":"<p><body><\/p>\n<p align=\"justify\" class=\"text1noticias\"><strong><img loading=\"lazy\" decoding=\"async\" src=\"http:\/\/localhost:8080\/pictures\/bruno candelier.jpg\" width=\"269\" height=\"423\" hspace=\"4\" align=\"left\" \/>SANTO DOMINGO.- <\/strong>El director de la Academia Dominicana  de la Lengua,  el ensayista y cr\u00edtico literario Bruno Rosario Candelier, fue galardonado ayer  con el Premio Nacional de Literatura 2008, m\u00e1ximo galard\u00f3n de las letras  nacionales que auspicia la Fundaci\u00f3n Corripio.<br \/>&#13;<br \/>\n  <br \/>&#13;<br \/>\n  El anuncio fue hecho por Jos\u00e9 Rafael Lantigua, secretario de  Cultura y presidente del jurado, y el presidente de la Fundaci\u00f3n Corripio,  Jos\u00e9 Luis Corripio Estrada. Tiene una dotaci\u00f3n de un mill\u00f3n de pesos.<br \/>&#13;<br \/>\n  <br \/>&#13;<br \/>\n  Despu\u00e9s que Lantigua hizo el anuncio y ponder\u00f3 sus aportes a la  cr\u00edtica literaria, Corripio Estrada llam\u00f3 por\u00a0 tel\u00e9fono a Rosario  Candelier, quien se encontraba en Constanza, para darle la noticia y felicitarlo. <br \/>&#13;<br \/>\n  <br \/>&#13;<br \/>\n  Rosario Candelier es, adem\u00e1s,\u00a0 fil\u00f3logo,\u00a0 narrador,  educador y promotor cultural.<br \/>&#13;<br \/>\n  <br \/>&#13;<br \/>\n  El jurado estuvo conformado, adem\u00e1s de Lantigua, por los  rectores de las universidades Aut\u00f3noma de Santo Domingo (UASD), Roberto Reyna;  Cat\u00f3lica Santo Domingo (UCSD), Ram\u00f3n Alonso; Instituto Tecnol\u00f3gico de Santo  Domingo (INTEC), Miguel Escala; Central del Este (UCE), Jos\u00e9 Hazim Frappier;  Nacional Pedro Henr\u00edquez Ure\u00f1a (UNPHU), Miguel Fiallo, y el director ejecutivo  de la Fundaci\u00f3n   Corripio, Jacinto Gimbernard. Por la Pontificia Universidad  Cat\u00f3lica Madre y Maestra (PUCMM) estuvo presente la\u00a0 historiadora Mukien  San Ben, vicerrectora acad\u00e9mica. Cada integrante tiene derecho a un voto.<br \/>&#13;<br \/>\n  <br \/>&#13;<br \/>\n  Para conceder el premio, el jurado tom\u00f3 en cuenta las cualidades  y aportes a la literatura dominicana y\u00a0 especial la contribuci\u00f3n a una  nueva valoraci\u00f3n del ejercicio de la cr\u00edtica literaria desde que en 1977  publicara \u201cLo popular y lo culto en la poes\u00eda dominicana\u201d,\u00a0 su tesis de  grado de su doctorado en Filolog\u00eda Hisp\u00e1nica por la Universidad Complutense  de Madrid, Espa\u00f1a.<br \/>&#13;<br \/>\n  <br \/>&#13;<br \/>\n  Estuvieron presentes por la Fundaci\u00f3n Corripio,  adem\u00e1s, Pilar Albiac, administradora, as\u00ed como los asesores Jos\u00e9 Alc\u00e1ntara  Alm\u00e1nzar y Jorge Tena Reyes. El presidente de la Junta Central  Electoral (JCE), Julio C\u00e9sar Casta\u00f1os Guzm\u00e1n, fungi\u00f3 como abogado notario.<br \/>&#13;<br \/>\n  <br \/>&#13;<br \/>\n  Rosario Candelier es miembro correspondiente de la Real Academia  Espa\u00f1ola, creador del Movimiento Interiorista y presidente de Ateneo Insular.<br \/>&#13;<br \/>\n  <br \/>&#13;<br \/>\n  Ha ganado el Premio Internacional del Instituto de Cultura  Hisp\u00e1nica, de Madrid; Premio Siboney de Ensayo, 1983 y 1985,\u00a0 y Premio  Nacional de Ensayo.\u00a0 <br \/>&#13;<br \/>\n  <br \/>&#13;<br \/>\n  <strong>Zoom<\/strong> <br \/>&#13;<br \/>\n  <br \/>&#13;<br \/>\n  <strong>Algunos libros<\/strong> <br \/>&#13;<br \/>\n  <br \/>&#13;<br \/>\n  Lo popular y lo culto en la poes\u00eda dominicana\u00a0 (1977).<br \/>&#13;<br \/>\n  Un texto, un an\u00e1lisis y una entrevista (1979).<br \/>&#13;<br \/>\n  Ensayos cr\u00edticos (1982).<br \/>&#13;<br \/>\n  La imaginaci\u00f3n insular (1985).<br \/>&#13;<br \/>\n  Ensayos literarios (1986).<br \/>&#13;<br \/>\n  La creaci\u00f3n mitopo\u00e9tica (1987).<br \/>&#13;<br \/>\n  Tendencias de la novela dominicana (1988).<br \/>&#13;<br \/>\n  La narrativa de Juan Bosch (1989).<br \/>&#13;<br \/>\n  Las garras del estr\u00e9s\u00a0\u00a0 (2006).<br \/>&#13;<br \/>\n  Poes\u00eda m\u00edstica del interiorismo (2008).\u00a0\u00a0\u00a0\u00a0<\/p>\n<p>&#13;<\/p>\n<h6> 2008-01-28 04:02:56 <\/h6>\n<p><!--\n<link rel=\"stylesheet\" href=\"css\/bootstrap.min.css\">\n\n\n<ul class=\"pagination\">\n\t    \n\t\n\n<li >\n\t<a href='?page_no=22830'>Previous<\/a>\n\t<\/li>\n\n\n       \n    \n\n<li><a href='?page_no=1'>1<\/a><\/li>\n\n\n\n<li><a href='?page_no=2'>2<\/a><\/li>\n\n\n\n<li><a>...<\/a><\/li>\n\n\n\n<li><a href='?page_no=22829'>22829<\/a><\/li>\n\n\n\n<li><a href='?page_no=22830'>22830<\/a><\/li>\n\n\n\n<li class='active'><a>22831<\/a><\/li>\n\n\n\n<li><a href='?page_no=22832'>22832<\/a><\/li>\n\n\n\n<li><a href='?page_no=22833'>22833<\/a><\/li>\n\n\n\n<li><a>...<\/a><\/li>\n\n\n\n<li><a href='?page_no=22911'>22911<\/a><\/li>\n\n\n\n<li><a href='?page_no=22912'>22912<\/a><\/li>\n\n    \n\t\n\n<li >\n\t<a href='?page_no=22832'>Next<\/a>\n\t<\/li>\n\n\n    \n\n<li><a href='?page_no=22912'>Last &rsaquo;&rsaquo;<\/a><\/li>\n\n<\/ul>\n\n\n--><br \/>\n<\/body><\/p>\n","protected":false},"excerpt":{"rendered":"<p>SANTO DOMINGO.- El director de la Academia Dominicana de la Lengua, el ensayista y cr\u00edtico literario Bruno Rosario Candelier, fue galardonado ayer con el Premio Nacional de Literatura 2008, m\u00e1ximo galard\u00f3n de las letras nacionales que auspicia la Fundaci\u00f3n Corripio.&#13; &#13; El anuncio fue hecho por Jos\u00e9 Rafael Lantigua, secretario de Cultura y presidente del [&hellip;]<\/p>\n","protected":false},"author":3,"featured_media":0,"comment_status":"open","ping_status":"open","sticky":false,"template":"","format":"standard","meta":{"footnotes":""},"categories":[21],"tags":[],"class_list":["post-71153","post","type-post","status-publish","format-standard","hentry","category-cultura"],"_links":{"self":[{"href":"https:\/\/diariodominicano.com\/index.php?rest_route=\/wp\/v2\/posts\/71153","targetHints":{"allow":["GET"]}}],"collection":[{"href":"https:\/\/diariodominicano.com\/index.php?rest_route=\/wp\/v2\/posts"}],"about":[{"href":"https:\/\/diariodominicano.com\/index.php?rest_route=\/wp\/v2\/types\/post"}],"author":[{"embeddable":true,"href":"https:\/\/diariodominicano.com\/index.php?rest_route=\/wp\/v2\/users\/3"}],"replies":[{"embeddable":true,"href":"https:\/\/diariodominicano.com\/index.php?rest_route=%2Fwp%2Fv2%2Fcomments&post=71153"}],"version-history":[{"count":0,"href":"https:\/\/diariodominicano.com\/index.php?rest_route=\/wp\/v2\/posts\/71153\/revisions"}],"wp:attachment":[{"href":"https:\/\/diariodominicano.com\/index.php?rest_route=%2Fwp%2Fv2%2Fmedia&parent=71153"}],"wp:term":[{"taxonomy":"category","embeddable":true,"href":"https:\/\/diariodominicano.com\/index.php?rest_route=%2Fwp%2Fv2%2Fcategories&post=71153"},{"taxonomy":"post_tag","embeddable":true,"href":"https:\/\/diariodominicano.com\/index.php?rest_route=%2Fwp%2Fv2%2Ftags&post=71153"}],"curies":[{"name":"wp","href":"https:\/\/api.w.org\/{rel}","templated":true}]}}