{"id":71149,"date":"2008-03-25T05:05:26","date_gmt":"2008-03-25T05:05:26","guid":{"rendered":"http:\/\/diariodominicano.ddns.net\/?p=71149"},"modified":"2008-03-25T05:05:26","modified_gmt":"2008-03-25T05:05:26","slug":"religiosos-holandeses-se-desmarcan-de-la-ultima-pelicula-critica-con-el-islam","status":"publish","type":"post","link":"https:\/\/diariodominicano.com\/?p=71149","title":{"rendered":"Religiosos holandeses se desmarcan de la \u00faltima pel\u00edcula cr\u00edtica con el Islam"},"content":{"rendered":"<p><body><\/p>\n<p align=\"justify\"><strong class=\"titulogrande1\">Religiosos holandeses se desmarcan de la \u00faltima pel\u00edcula cr\u00edtica con el  Islam<\/strong><br \/>&#13;<br \/>\n  <br \/>&#13;<br \/>\n    <span class=\"text1noticias\">&#8216;Fitna&#8217;, obra del ultraderechista neerland\u00e9s Geert Wilders, levanta  ampollas en el mundo isl\u00e1mico <\/span><\/p>\n<p>&#13;<\/p>\n<p align=\"justify\" class=\"text1noticias\"><img loading=\"lazy\" decoding=\"async\" src=\"http:\/\/localhost:8080\/img\/holanda.jpg\" width=\"375\" height=\"196\" hspace=\"4\" align=\"left\" \/>A\u00fan no ha sido estrenado y el  cortometraje elaborado por el pol\u00edtico neerland\u00e9s de extrema derecha Geert  Wilders ya es el centro de una gran pol\u00e9mica en los Pa\u00edses Bajos. La cinta  critica duramente las escrituras del Islam e intenta mostrar c\u00f3mo algunos versos  del Cor\u00e1n incitan a los musulmanes modernos a actuar violentamente y de forma  antidemocr\u00e1tica. <br \/>&#13;<br \/>\n    <br \/>&#13;<br \/>\n  <em>Fitna<\/em>, como ha sido bautizada la pel\u00edcula, hace honor  al significado de su nombre en \u00e1rabe: divisi\u00f3n y guerra.<br \/>&#13;<br \/>\n  <br \/>&#13;<br \/>\n  El contenido del cortometraje, de  15 minutos de duraci\u00f3n, ha caldeado tanto los \u00e1nimos del mundo musulm\u00e1n que una  delegaci\u00f3n de los Pa\u00edses Bajos, formada por representantes de la Iglesia  protestante, el \u00d3rgano de Contacto entre Musulmanes y el Estado, y el Grupo de  Contacto \u00abIslam\u00bb, viajar\u00e1 a Egipto para explicar que la \u00f3ptica del  Islam reflejada por Wilders no es compartida por la sociedad holandesa.<br \/>&#13;<br \/>\n  <br \/>&#13;<br \/>\n\u00abConsideramos nuestra  responsabilidad como cristianos y musulmanes de Holanda el ir a explicar a  Egipto, uno de los principales centros del Islam, cu\u00e1l es exactamente la  situaci\u00f3n en Holanda, qu\u00e9 opinamos de la cuesti\u00f3n, y a la vez dejar ver las  buenas relaciones entre religiosos cristianos y musulmanes holandeses\u00bb, ha  explicado Bas Plaisier, cabeza de la Iglesia protestante neerlandesa y uno de  los l\u00edderes de la delegaci\u00f3n, seg\u00fan publica en su web la emisora exterior de  los Pa\u00edses Bajos, Radio Nerderland.<br \/>&#13;<br \/>\n<br \/>&#13;<br \/>\nLa delegaci\u00f3n que viajar\u00e1 a Egipto  considera su misi\u00f3n de suma importancia, ya que entre los holandeses residentes  fuera de los Pa\u00edses Bajos, especialmente en Sud\u00e1n, Indonesia y Oriente Medio,  ha surgido el miedo a posibles represalias a ra\u00edz de la pel\u00edcula del pol\u00edtico  del Partido de la Libertad.<br \/>&#13;<br \/>\n<br \/>&#13;<br \/>\nHace unos d\u00edas el servidor de la  p\u00e1gina donde iba a ser emitido el corto decidi\u00f3 censurar el sitio. Geert Wilders  est\u00e1 bajo protecci\u00f3n policial desde 2004, fecha en que un islamista radical  asesin\u00f3 al director holand\u00e9s Theo van Gogh, autor del cortometraje Submission,  centrado en el tema de la violencia contra las mujeres en las sociedades  isl\u00e1micas.<\/p>\n<p>&#13;<\/p>\n<h6> 2008-03-25 05:05:26 <\/h6>\n<p><!--\n<link rel=\"stylesheet\" href=\"css\/bootstrap.min.css\">\n\n\n<ul class=\"pagination\">\n\t    \n\t\n\n<li >\n\t<a href='?page_no=22826'>Previous<\/a>\n\t<\/li>\n\n\n       \n    \n\n<li><a href='?page_no=1'>1<\/a><\/li>\n\n\n\n<li><a href='?page_no=2'>2<\/a><\/li>\n\n\n\n<li><a>...<\/a><\/li>\n\n\n\n<li><a href='?page_no=22825'>22825<\/a><\/li>\n\n\n\n<li><a href='?page_no=22826'>22826<\/a><\/li>\n\n\n\n<li class='active'><a>22827<\/a><\/li>\n\n\n\n<li><a href='?page_no=22828'>22828<\/a><\/li>\n\n\n\n<li><a href='?page_no=22829'>22829<\/a><\/li>\n\n\n\n<li><a>...<\/a><\/li>\n\n\n\n<li><a href='?page_no=22911'>22911<\/a><\/li>\n\n\n\n<li><a href='?page_no=22912'>22912<\/a><\/li>\n\n    \n\t\n\n<li >\n\t<a href='?page_no=22828'>Next<\/a>\n\t<\/li>\n\n\n    \n\n<li><a href='?page_no=22912'>Last &rsaquo;&rsaquo;<\/a><\/li>\n\n<\/ul>\n\n\n--><br \/>\n<\/body><\/p>\n","protected":false},"excerpt":{"rendered":"<p>Religiosos holandeses se desmarcan de la \u00faltima pel\u00edcula cr\u00edtica con el Islam&#13; &#13; &#8216;Fitna&#8217;, obra del ultraderechista neerland\u00e9s Geert Wilders, levanta ampollas en el mundo isl\u00e1mico &#13; A\u00fan no ha sido estrenado y el cortometraje elaborado por el pol\u00edtico neerland\u00e9s de extrema derecha Geert Wilders ya es el centro de una gran pol\u00e9mica en los [&hellip;]<\/p>\n","protected":false},"author":3,"featured_media":0,"comment_status":"open","ping_status":"open","sticky":false,"template":"","format":"standard","meta":{"footnotes":""},"categories":[21],"tags":[],"class_list":["post-71149","post","type-post","status-publish","format-standard","hentry","category-cultura"],"_links":{"self":[{"href":"https:\/\/diariodominicano.com\/index.php?rest_route=\/wp\/v2\/posts\/71149","targetHints":{"allow":["GET"]}}],"collection":[{"href":"https:\/\/diariodominicano.com\/index.php?rest_route=\/wp\/v2\/posts"}],"about":[{"href":"https:\/\/diariodominicano.com\/index.php?rest_route=\/wp\/v2\/types\/post"}],"author":[{"embeddable":true,"href":"https:\/\/diariodominicano.com\/index.php?rest_route=\/wp\/v2\/users\/3"}],"replies":[{"embeddable":true,"href":"https:\/\/diariodominicano.com\/index.php?rest_route=%2Fwp%2Fv2%2Fcomments&post=71149"}],"version-history":[{"count":0,"href":"https:\/\/diariodominicano.com\/index.php?rest_route=\/wp\/v2\/posts\/71149\/revisions"}],"wp:attachment":[{"href":"https:\/\/diariodominicano.com\/index.php?rest_route=%2Fwp%2Fv2%2Fmedia&parent=71149"}],"wp:term":[{"taxonomy":"category","embeddable":true,"href":"https:\/\/diariodominicano.com\/index.php?rest_route=%2Fwp%2Fv2%2Fcategories&post=71149"},{"taxonomy":"post_tag","embeddable":true,"href":"https:\/\/diariodominicano.com\/index.php?rest_route=%2Fwp%2Fv2%2Ftags&post=71149"}],"curies":[{"name":"wp","href":"https:\/\/api.w.org\/{rel}","templated":true}]}}