{"id":71148,"date":"2008-03-25T05:08:34","date_gmt":"2008-03-25T05:08:34","guid":{"rendered":"http:\/\/diariodominicano.ddns.net\/?p=71148"},"modified":"2008-03-25T05:08:34","modified_gmt":"2008-03-25T05:08:34","slug":"estetica-manga-contra-el-odio-religioso","status":"publish","type":"post","link":"https:\/\/diariodominicano.com\/?p=71148","title":{"rendered":"Est\u00e9tica manga contra el odio religioso"},"content":{"rendered":"<p><body><\/p>\n<p align=\"justify\"><strong class=\"titulogrande1\">Est\u00e9tica manga contra el odio religioso<\/strong><br \/>&#13;<br \/>\n  <br \/>&#13;<br \/>\n    <span class=\"text1noticias\">El Gobierno alem\u00e1n lanza un c\u00f3mic dirigido a  adolescentes<br \/>&#13;<br \/>\n    <br \/>&#13;<br \/>\n    <strong><img loading=\"lazy\" decoding=\"async\" src=\"http:\/\/localhost:8080\/img\/comic.jpg\" width=\"375\" height=\"173\" hspace=\"4\" align=\"left\" \/>LONDRES.- <\/strong>El Gobierno alem\u00e1n ha  lanzado una campa\u00f1a dirida a adolescentes de entre 12 y 16 a\u00f1os con el objetivo  de prevenir la proliferaci\u00f3n de ideas xen\u00f3fobas contra las comunidades  musulmanas y alertar a estas mismas comunidades de la presencia de grupos  radicales que captan a miembros cada vez m\u00e1s j\u00f3venes . La novedad de la idea es  que en vez esl\u00f3ganes o charlas en escuelas, los promotores de la campa\u00f1a han  ideado un c\u00f3mic en el que el personaje principal, un chico de 15 a\u00f1os llamado  Andi, se da cuenta de que el hermano de su novia musulmana ha ca\u00eddo bajo la  influencia de un im\u00e1n de ideas radicales.<br \/>&#13;<br \/>\n    <br \/>&#13;<br \/>\n    Las historias de Andi ya hab\u00edan  sido utilizadas en 2004 en una campa\u00f1a contra las ideas de extrema derecha en  el Estado germano de Renania del Norte Westfalia donde tuvo gran \u00e9xito y por  eso ahora el Gobierno alem\u00e1n ha decidido extender la iniciativa con un nuevo  enfoque a las escuelas de los principales Estado del pa\u00eds.<br \/>&#13;<br \/>\n    <br \/>&#13;<br \/>\n    El c\u00f3mic de est\u00e9tica manga, del  que se han distribu\u00eddo m\u00e1s de 100.000 copias, trata de ense\u00f1ar a los  adolescentes, a trav\u00e9s de las aventuras de Andi y sus amigos, el peligro de las  ideas fundamentalistas y fomenta la convivencia pac\u00edfica entre las distintas  comunidades religiosas de pa\u00eds.<br \/>&#13;<br \/>\n    <br \/>&#13;<br \/>\nAgencias<\/span><\/p>\n<p>&#13;<\/p>\n<h6> 2008-03-25 05:08:34 <\/h6>\n<p><!--\n<link rel=\"stylesheet\" href=\"css\/bootstrap.min.css\">\n\n\n<ul class=\"pagination\">\n\t    \n\t\n\n<li >\n\t<a href='?page_no=22825'>Previous<\/a>\n\t<\/li>\n\n\n       \n    \n\n<li><a href='?page_no=1'>1<\/a><\/li>\n\n\n\n<li><a href='?page_no=2'>2<\/a><\/li>\n\n\n\n<li><a>...<\/a><\/li>\n\n\n\n<li><a href='?page_no=22824'>22824<\/a><\/li>\n\n\n\n<li><a href='?page_no=22825'>22825<\/a><\/li>\n\n\n\n<li class='active'><a>22826<\/a><\/li>\n\n\n\n<li><a href='?page_no=22827'>22827<\/a><\/li>\n\n\n\n<li><a href='?page_no=22828'>22828<\/a><\/li>\n\n\n\n<li><a>...<\/a><\/li>\n\n\n\n<li><a href='?page_no=22911'>22911<\/a><\/li>\n\n\n\n<li><a href='?page_no=22912'>22912<\/a><\/li>\n\n    \n\t\n\n<li >\n\t<a href='?page_no=22827'>Next<\/a>\n\t<\/li>\n\n\n    \n\n<li><a href='?page_no=22912'>Last &rsaquo;&rsaquo;<\/a><\/li>\n\n<\/ul>\n\n\n--><br \/>\n<\/body><\/p>\n","protected":false},"excerpt":{"rendered":"<p>Est\u00e9tica manga contra el odio religioso&#13; &#13; El Gobierno alem\u00e1n lanza un c\u00f3mic dirigido a adolescentes&#13; &#13; LONDRES.- El Gobierno alem\u00e1n ha lanzado una campa\u00f1a dirida a adolescentes de entre 12 y 16 a\u00f1os con el objetivo de prevenir la proliferaci\u00f3n de ideas xen\u00f3fobas contra las comunidades musulmanas y alertar a estas mismas comunidades de [&hellip;]<\/p>\n","protected":false},"author":3,"featured_media":0,"comment_status":"open","ping_status":"open","sticky":false,"template":"","format":"standard","meta":{"footnotes":""},"categories":[21],"tags":[],"class_list":["post-71148","post","type-post","status-publish","format-standard","hentry","category-cultura"],"_links":{"self":[{"href":"https:\/\/diariodominicano.com\/index.php?rest_route=\/wp\/v2\/posts\/71148","targetHints":{"allow":["GET"]}}],"collection":[{"href":"https:\/\/diariodominicano.com\/index.php?rest_route=\/wp\/v2\/posts"}],"about":[{"href":"https:\/\/diariodominicano.com\/index.php?rest_route=\/wp\/v2\/types\/post"}],"author":[{"embeddable":true,"href":"https:\/\/diariodominicano.com\/index.php?rest_route=\/wp\/v2\/users\/3"}],"replies":[{"embeddable":true,"href":"https:\/\/diariodominicano.com\/index.php?rest_route=%2Fwp%2Fv2%2Fcomments&post=71148"}],"version-history":[{"count":0,"href":"https:\/\/diariodominicano.com\/index.php?rest_route=\/wp\/v2\/posts\/71148\/revisions"}],"wp:attachment":[{"href":"https:\/\/diariodominicano.com\/index.php?rest_route=%2Fwp%2Fv2%2Fmedia&parent=71148"}],"wp:term":[{"taxonomy":"category","embeddable":true,"href":"https:\/\/diariodominicano.com\/index.php?rest_route=%2Fwp%2Fv2%2Fcategories&post=71148"},{"taxonomy":"post_tag","embeddable":true,"href":"https:\/\/diariodominicano.com\/index.php?rest_route=%2Fwp%2Fv2%2Ftags&post=71148"}],"curies":[{"name":"wp","href":"https:\/\/api.w.org\/{rel}","templated":true}]}}