{"id":71147,"date":"2008-03-25T22:21:41","date_gmt":"2008-03-25T22:21:41","guid":{"rendered":"http:\/\/diariodominicano.ddns.net\/?p=71147"},"modified":"2008-03-25T22:21:41","modified_gmt":"2008-03-25T22:21:41","slug":"lantigua-anuncia-la-restauracion-del-centro-cultural-athene-de-azua","status":"publish","type":"post","link":"https:\/\/diariodominicano.com\/?p=71147","title":{"rendered":"Lantigua anuncia la restauraci\u00f3n del Centro Cultural Athene de Azua"},"content":{"rendered":"<p><body><\/p>\n<p class=\"titulogrande1\"><strong>Lantigua anuncia la restauraci\u00f3n del Centro Cultural  Athene de Azua <\/strong><\/p>\n<p>&#13;<\/p>\n<p align=\"justify\" class=\"text1noticias\"><strong><img loading=\"lazy\" decoding=\"async\" src=\"http:\/\/localhost:8080\/img\/lantigua.jpg\" width=\"375\" height=\"189\" hspace=\"4\" align=\"left\" \/>AZUA.-<\/strong>  El Secretario de Estado de Cultura, Jos\u00e9 Rafael Lantigua, anunci\u00f3 en esta  ciudad la restauraci\u00f3n de la sede de la Sociedad Literaria  y Cultural Athene, edificio que alberga a la biblioteca Jimena Fern\u00e1ndez viuda  Guzm\u00e1n y al Museo Arqueol\u00f3gico e Hist\u00f3rico Ar\u00edstides Estrada Torres.<\/p>\n<p>&#13;<\/p>\n<p align=\"justify\" class=\"text1noticias\">El  deterioro de la edificaci\u00f3n construida durante el gobierno de Antonio Guzm\u00e1n  Fern\u00e1ndez se hab\u00eda acrecentado con el paso de los a\u00f1os y su restauraci\u00f3n se  hab\u00eda convertido en el clamor de los activistas culturales azuanos, lo que  motiv\u00f3 al Gobierno a iniciar la recuperaci\u00f3n f\u00edsica del centro cultural.<\/p>\n<p>&#13;<\/p>\n<p align=\"justify\" class=\"text1noticias\">Lantigua  explic\u00f3 que la obra incluir\u00e1 una sala teatral como respuesta al arrojo cultural  que existe en esta provincia, la \u00fanica del pa\u00eds que realiza un Festival  Internacional de Teatro.<\/p>\n<p>&#13;<\/p>\n<p align=\"justify\" class=\"text1noticias\">Agreg\u00f3  que la mencionada sala servir\u00e1 \u201cpara que todo el movimiento teatral que existe  aqu\u00ed, que es un ejemplo para todo el pa\u00eds, pueda trabajar en mejores  condiciones, al igual que la biblioteca y la parte museogr\u00e1fica\u201d.<\/p>\n<p>&#13;<\/p>\n<p align=\"justify\" class=\"text1noticias\">Dijo  que la recuperaci\u00f3n del Centro Cultural Athene contempla la formaci\u00f3n de una  Escuela Libre y un Centro de Bellas Artes a fin de que el movimiento literario  de esta ciudad encuentre un ambiente propicio para desarrollar sus aptitudes y  ampliar su trayectoria, tal como lo ha venido haciendo la Sociedad Literaria  y Cultural Athene desde su fundaci\u00f3n en 1925.<\/p>\n<p>&#13;<\/p>\n<p align=\"justify\" class=\"text1noticias\">Destac\u00f3  la singularidad de la comunidad azuana, que a su entender re\u00fane distintos  aspectos y acciones de la vida cultural que la han llevado a ser art\u00edfice de  una din\u00e1mica ejemplar.<\/p>\n<p>&#13;<\/p>\n<p align=\"justify\" class=\"text1noticias\">Dijo  que \u201cuno de los tres n\u00facleos fundadores de todo el equipo que tiene a su cargo  desde hace m\u00e1s de tres a\u00f1os la gesti\u00f3n cultural del Presidente Leonel Fern\u00e1ndez  es Azua; los hombres y mujeres de Azua que se asociaron al movimiento cultural  del Presidente Leonel Fern\u00e1ndez han sido realmente ejemplares en las posiciones  y en la responsabilidades que han tenido  que asumir en la presente gesti\u00f3n\u201d.<\/p>\n<p>&#13;<\/p>\n<p align=\"justify\" class=\"text1noticias\">En  la rueda de prensa en Azua acompa\u00f1aron a Lantigua el Subsecretario de  Creatividad y Participaci\u00f3n Popular, Avelino Stanley; el Secretario Ejecutivo  del Consejo Nacional de\u00a0 Cultura, Mateo  Morrison, y el Director Nacional de Provincias, Domingo Guerrero.<\/p>\n<p>&#13;<\/p>\n<p align=\"justify\" class=\"text1noticias\">Adem\u00e1s,  el Director del Plan Quinquenal de Lectura, Juan Freddy Armando; el Director  del Centro Cultural de Villa Juana, Ram\u00f3n Lachapel, el presidente de la Sociedad Literaria  y Cultural Athene, Rafael D\u00edaz Valenzuela, y Ronnel B\u00e1ez, Director Regional de  Cultura, quien condujo el acto.<\/p>\n<p>&#13;<\/p>\n<p align=\"justify\" class=\"text1noticias\">En  el acto estuvo presente tambi\u00e9n la   Se\u00f1orita 19 de Marzo, Francisca M\u00e9ndez, y Luis Vargas,  presidente del Comit\u00e9 de las Fiestas Patronales de Azua, quien agradeci\u00f3 al  Secretario de Cultura por su importante aporte a la comunidad, as\u00ed como a j\u00f3venes  colaboradores de colegios privados. Ranel B\u00e1ez, fungi\u00f3 como maestros de  ceremonia.<\/p>\n<p>&#13;<\/p>\n<p align=\"justify\" class=\"text1noticias\">Luego  del anuncio, los asistentes al acto se trasladaron al Teatro Efra\u00edn Ortiz donde  el grupo de baile \u201cAreitabal\u201d present\u00f3 un espect\u00e1culo. M\u00e1s tarde, Lantigua se  reuni\u00f3 con todo los promotores de Cultura en la regi\u00f3n Sur, quienes le  informaron acerca de los trabajos que realizan en sus zonas.<\/p>\n<p>&#13;<\/p>\n<h6> 2008-03-25 22:21:41 <\/h6>\n<p><!--\n<link rel=\"stylesheet\" href=\"css\/bootstrap.min.css\">\n\n\n<ul class=\"pagination\">\n\t    \n\t\n\n<li >\n\t<a href='?page_no=22824'>Previous<\/a>\n\t<\/li>\n\n\n       \n    \n\n<li><a href='?page_no=1'>1<\/a><\/li>\n\n\n\n<li><a href='?page_no=2'>2<\/a><\/li>\n\n\n\n<li><a>...<\/a><\/li>\n\n\n\n<li><a href='?page_no=22823'>22823<\/a><\/li>\n\n\n\n<li><a href='?page_no=22824'>22824<\/a><\/li>\n\n\n\n<li class='active'><a>22825<\/a><\/li>\n\n\n\n<li><a href='?page_no=22826'>22826<\/a><\/li>\n\n\n\n<li><a href='?page_no=22827'>22827<\/a><\/li>\n\n\n\n<li><a>...<\/a><\/li>\n\n\n\n<li><a href='?page_no=22911'>22911<\/a><\/li>\n\n\n\n<li><a href='?page_no=22912'>22912<\/a><\/li>\n\n    \n\t\n\n<li >\n\t<a href='?page_no=22826'>Next<\/a>\n\t<\/li>\n\n\n    \n\n<li><a href='?page_no=22912'>Last &rsaquo;&rsaquo;<\/a><\/li>\n\n<\/ul>\n\n\n--><br \/>\n<\/body><\/p>\n","protected":false},"excerpt":{"rendered":"<p>Lantigua anuncia la restauraci\u00f3n del Centro Cultural Athene de Azua &#13; AZUA.- El Secretario de Estado de Cultura, Jos\u00e9 Rafael Lantigua, anunci\u00f3 en esta ciudad la restauraci\u00f3n de la sede de la Sociedad Literaria y Cultural Athene, edificio que alberga a la biblioteca Jimena Fern\u00e1ndez viuda Guzm\u00e1n y al Museo Arqueol\u00f3gico e Hist\u00f3rico Ar\u00edstides Estrada [&hellip;]<\/p>\n","protected":false},"author":3,"featured_media":0,"comment_status":"open","ping_status":"open","sticky":false,"template":"","format":"standard","meta":{"footnotes":""},"categories":[21],"tags":[],"class_list":["post-71147","post","type-post","status-publish","format-standard","hentry","category-cultura"],"_links":{"self":[{"href":"https:\/\/diariodominicano.com\/index.php?rest_route=\/wp\/v2\/posts\/71147","targetHints":{"allow":["GET"]}}],"collection":[{"href":"https:\/\/diariodominicano.com\/index.php?rest_route=\/wp\/v2\/posts"}],"about":[{"href":"https:\/\/diariodominicano.com\/index.php?rest_route=\/wp\/v2\/types\/post"}],"author":[{"embeddable":true,"href":"https:\/\/diariodominicano.com\/index.php?rest_route=\/wp\/v2\/users\/3"}],"replies":[{"embeddable":true,"href":"https:\/\/diariodominicano.com\/index.php?rest_route=%2Fwp%2Fv2%2Fcomments&post=71147"}],"version-history":[{"count":0,"href":"https:\/\/diariodominicano.com\/index.php?rest_route=\/wp\/v2\/posts\/71147\/revisions"}],"wp:attachment":[{"href":"https:\/\/diariodominicano.com\/index.php?rest_route=%2Fwp%2Fv2%2Fmedia&parent=71147"}],"wp:term":[{"taxonomy":"category","embeddable":true,"href":"https:\/\/diariodominicano.com\/index.php?rest_route=%2Fwp%2Fv2%2Fcategories&post=71147"},{"taxonomy":"post_tag","embeddable":true,"href":"https:\/\/diariodominicano.com\/index.php?rest_route=%2Fwp%2Fv2%2Ftags&post=71147"}],"curies":[{"name":"wp","href":"https:\/\/api.w.org\/{rel}","templated":true}]}}