{"id":71146,"date":"2008-03-25T22:28:22","date_gmt":"2008-03-25T22:28:22","guid":{"rendered":"http:\/\/diariodominicano.ddns.net\/?p=71146"},"modified":"2008-03-25T22:28:22","modified_gmt":"2008-03-25T22:28:22","slug":"cultura-presentara-a-grupo-de-acrobacia-y-musica-de-la-republica-popular-china","status":"publish","type":"post","link":"https:\/\/diariodominicano.com\/?p=71146","title":{"rendered":"Cultura presentar\u00e1 a grupo de Acrobacia y M\u00fasica de la Rep\u00fablica Popular China"},"content":{"rendered":"<p><body><\/p>\n<p align=\"center\" class=\"titulogrande1\"><strong>Cultura presentar\u00e1 a grupo de Acrobacia  y M\u00fasica de la Rep\u00fablica Popular  China<\/strong><\/p>\n<p>&#13;<\/p>\n<p align=\"justify\" class=\"text1noticias\"><strong><img loading=\"lazy\" decoding=\"async\" src=\"http:\/\/localhost:8080\/img\/china1.jpg\" width=\"375\" height=\"170\" hspace=\"4\" align=\"left\" \/>Santo  Domingo.-<\/strong> La Secretar\u00eda  de Estado de Cultura presentar\u00e1 en el pa\u00eds al Grupo de Acrobacia y M\u00fasica de la Rep\u00fablica Popular  China, cuyo espect\u00e1culo podr\u00e1 ser visto desde el lunes de 31 de este mes hasta  el pr\u00f3ximo jueves 3 de abril.<\/p>\n<p>&#13;<\/p>\n<p align=\"justify\" class=\"text1noticias\">El  conjunto chino fue invitado por la cartera cultural en el marco de las  relaciones internacionales que la entidad mantiene con la Oficina Comercial  de la Rep\u00fablica   Popular China establecida en Rep\u00fablica Dominicana.<\/p>\n<p>&#13;<\/p>\n<p align=\"justify\" class=\"text1noticias\">El  programa art\u00edstico incluye la puesta en escena de piezas como \u201cSolo de Erhu,  carrera de caballos\u201d, que representa la fiesta jubilosa y la atm\u00f3sfera de la  carrera de caballos en la pradera; y \u201cAcrobacia\u201d, un acto en el que la artista  principal hace malabares con los pies haciendo hermosas y equilibradas  formaciones.<\/p>\n<p>&#13;<\/p>\n<p align=\"justify\" class=\"text1noticias\">El  Grupo de Acrobacia y M\u00fasica tambi\u00e9n presentar\u00e1 \u201cSolo de flauta: p\u00e1jaros en el  bosque\u201d, pieza musical que describe los sonidos agradables de diferentes  p\u00e1jaros en el bosque, adem\u00e1s de otras representaciones como \u201cImitaci\u00f3n oral\u201d,  \u201cMundo m\u00e1gico\u201d, \u201cFlor de Jazm\u00edn\u201d, \u201cJuegos con candelabros\u201d y \u201cCartas  misteriosas\u201d, entre otros n\u00fameros art\u00edsticos-acrob\u00e1ticos.<\/p>\n<p>&#13;<\/p>\n<p align=\"justify\" class=\"text1noticias\">La  presentaci\u00f3n de gala se llevar\u00e1 a cabo el 31 de marzo en la    Sala Manuel Rueda del Edificio de Escuelas  de Bellas Artes, a las 8:00 de la noche. El 1 de abril estar\u00e1 present\u00e1ndose a  las 5:00 de la tarde, en ese mismo lugar, en una funci\u00f3n s\u00f3lo para estudiantes.<\/p>\n<p>&#13;<\/p>\n<p align=\"justify\" class=\"text1noticias\">El  2 de abril la agrupaci\u00f3n viajar\u00e1 a Santiago para presentarse en el Gran Teatro  del Cibao, y el 3 de abril, tambi\u00e9n a las 8:00 de la noche, ofrecer\u00e1 una  funci\u00f3n en la Plaza Espa\u00f1a,  en una presentaci\u00f3n patrocinada por la Secretar\u00eda de Estado de Turismo.<\/p>\n<p>&#13;<\/p>\n<p align=\"justify\" class=\"text1noticias\">El  ensamble de Acrobacia y M\u00fasica de China est\u00e1 integrado por acr\u00f3batas, magos y  m\u00fasicos pertenecientes al conjunto art\u00edsticos \u201cLos mineros de China\u201d.<\/p>\n<p>&#13;<\/p>\n<p align=\"justify\" class=\"text1noticias\">Fundado  en 1947, el conjunto es una de las instituciones art\u00edsticas m\u00e1s antiguas en ese  pa\u00eds oriental y cuenta con un excelente elenco que produce y presenta  espect\u00e1culos de arte esc\u00e9nico como m\u00fasica, danza\u00a0 y teatro. Ha ganado docena de premios en  festivales y competiciones como el Wenhua, premio nacional otorgado por el  Ministerio de Cultura chino.<\/p>\n<p>&#13;<\/p>\n<p align=\"justify\" class=\"text1noticias\">El  prestigio del conjunto no se limita a China ya que por m\u00e1s de 60 a\u00f1os sus  artistas se han presentado en m\u00e1s de 30 pa\u00edses de los cinco continentes, en  giras internacionales como embajadores de la cultura china.<\/p>\n<p>&#13;<\/p>\n<h6> 2008-03-25 22:28:22 <\/h6>\n<p><!--\n<link rel=\"stylesheet\" href=\"css\/bootstrap.min.css\">\n\n\n<ul class=\"pagination\">\n\t    \n\t\n\n<li >\n\t<a href='?page_no=22823'>Previous<\/a>\n\t<\/li>\n\n\n       \n    \n\n<li><a href='?page_no=1'>1<\/a><\/li>\n\n\n\n<li><a href='?page_no=2'>2<\/a><\/li>\n\n\n\n<li><a>...<\/a><\/li>\n\n\n\n<li><a href='?page_no=22822'>22822<\/a><\/li>\n\n\n\n<li><a href='?page_no=22823'>22823<\/a><\/li>\n\n\n\n<li class='active'><a>22824<\/a><\/li>\n\n\n\n<li><a href='?page_no=22825'>22825<\/a><\/li>\n\n\n\n<li><a href='?page_no=22826'>22826<\/a><\/li>\n\n\n\n<li><a>...<\/a><\/li>\n\n\n\n<li><a href='?page_no=22911'>22911<\/a><\/li>\n\n\n\n<li><a href='?page_no=22912'>22912<\/a><\/li>\n\n    \n\t\n\n<li >\n\t<a href='?page_no=22825'>Next<\/a>\n\t<\/li>\n\n\n    \n\n<li><a href='?page_no=22912'>Last &rsaquo;&rsaquo;<\/a><\/li>\n\n<\/ul>\n\n\n--><br \/>\n<\/body><\/p>\n","protected":false},"excerpt":{"rendered":"<p>Cultura presentar\u00e1 a grupo de Acrobacia y M\u00fasica de la Rep\u00fablica Popular China &#13; Santo Domingo.- La Secretar\u00eda de Estado de Cultura presentar\u00e1 en el pa\u00eds al Grupo de Acrobacia y M\u00fasica de la Rep\u00fablica Popular China, cuyo espect\u00e1culo podr\u00e1 ser visto desde el lunes de 31 de este mes hasta el pr\u00f3ximo jueves 3 [&hellip;]<\/p>\n","protected":false},"author":3,"featured_media":0,"comment_status":"open","ping_status":"open","sticky":false,"template":"","format":"standard","meta":{"footnotes":""},"categories":[21],"tags":[],"class_list":["post-71146","post","type-post","status-publish","format-standard","hentry","category-cultura"],"_links":{"self":[{"href":"https:\/\/diariodominicano.com\/index.php?rest_route=\/wp\/v2\/posts\/71146","targetHints":{"allow":["GET"]}}],"collection":[{"href":"https:\/\/diariodominicano.com\/index.php?rest_route=\/wp\/v2\/posts"}],"about":[{"href":"https:\/\/diariodominicano.com\/index.php?rest_route=\/wp\/v2\/types\/post"}],"author":[{"embeddable":true,"href":"https:\/\/diariodominicano.com\/index.php?rest_route=\/wp\/v2\/users\/3"}],"replies":[{"embeddable":true,"href":"https:\/\/diariodominicano.com\/index.php?rest_route=%2Fwp%2Fv2%2Fcomments&post=71146"}],"version-history":[{"count":0,"href":"https:\/\/diariodominicano.com\/index.php?rest_route=\/wp\/v2\/posts\/71146\/revisions"}],"wp:attachment":[{"href":"https:\/\/diariodominicano.com\/index.php?rest_route=%2Fwp%2Fv2%2Fmedia&parent=71146"}],"wp:term":[{"taxonomy":"category","embeddable":true,"href":"https:\/\/diariodominicano.com\/index.php?rest_route=%2Fwp%2Fv2%2Fcategories&post=71146"},{"taxonomy":"post_tag","embeddable":true,"href":"https:\/\/diariodominicano.com\/index.php?rest_route=%2Fwp%2Fv2%2Ftags&post=71146"}],"curies":[{"name":"wp","href":"https:\/\/api.w.org\/{rel}","templated":true}]}}