{"id":71145,"date":"2008-03-28T04:21:25","date_gmt":"2008-03-28T04:21:25","guid":{"rendered":"http:\/\/diariodominicano.ddns.net\/?p=71145"},"modified":"2008-03-28T04:21:25","modified_gmt":"2008-03-28T04:21:25","slug":"mario-benedetti-es-hospitalizado-nuevamente","status":"publish","type":"post","link":"https:\/\/diariodominicano.com\/?p=71145","title":{"rendered":"Mario Benedetti es hospitalizado nuevamente"},"content":{"rendered":"<p><body><\/p>\n<p align=\"justify\"><strong class=\"titulogrande1\">Mario Benedetti es  hospitalizado nuevamente<\/strong><br \/>&#13;<br \/>\n  <br \/>&#13;<br \/>\n    <span class=\"text1noticias\">El escritor  uruguayo estuvo internado casi un mes en enero pasado.<br \/>&#13;<br \/>\n    <br \/>&#13;<br \/>\n    <img loading=\"lazy\" decoding=\"async\" src=\"http:\/\/localhost:8080\/img\/benedetti.jpg\" width=\"375\" height=\"168\" hspace=\"4\" align=\"left\" \/>El  reconocido escritor uruguayo <strong>Mario Benedetti<\/strong>, afectado por un estado  febril, fue internado nuevamente para realizarle an\u00e1lisis de sangre y de orina,  , inform\u00f3 su secretario Ariel Silva.<br \/>&#13;<br \/>\n  <br \/>&#13;<br \/>\n\u00abFue  llevado a la emergencia\u00bb del centro asistencial \u00abpor recomendaci\u00f3n de  su m\u00e9dico, por precauci\u00f3n.<br \/>&#13;<br \/>\n<br \/> &#13;<br \/>\nNo tenemos un diagn\u00f3stico a\u00fan y no sabemos cu\u00e1nto  tiempo va a permanecer all\u00ed\u00bb, dijo Silva.<br \/>&#13;<br \/>\n<br \/>&#13;<br \/>\n Benedetti  fue sacado en camilla desde su apartamento c\u00e9ntrico y trasladado en una  ambulancia hacia un sanatorio, donde en enero estuvo internado casi un mes, en  esa oportunidad afectado por una enterocolitis e inflamaci\u00f3n de col\u00f3n.<br \/>&#13;<br \/>\n<br \/>&#13;<br \/>\nTras ser  dado de alta, Benedetti, de 87 a\u00f1os, estuvo virtualmente recluido en su  departamento al cual, incluso, le llevaban la comida, estrictamente controlada.<br \/>&#13;<br \/>\n<br \/>&#13;<br \/>\nAutor de  vasta trayectoria, entre otros, La tregua, que se convirti\u00f3 en uno de sus  \u00e9xitos literarios, estaba ahora abocado a terminar su nuevo libro de poemas,  Testigo de uno mismo, que ser\u00e1 lanzado pr\u00f3ximamente al p\u00fablico. <br \/>&#13;<br \/>\n<br \/>&#13;<br \/>\nVivir adrede,  fue el m\u00e1s reciente de sus \u00e9xitos y se trata de otro libro de poemas y  vivencias.<br \/>&#13;<br \/>\n<br \/>&#13;<br \/>\nBenedetti,  hab\u00eda recibido a comienzos de este mes el premio ALBA (por Alternativa  Bolivariana de las Am\u00e9ricas) de parte de los gobiernos de Venezuela y Cuba.  Para la entrega de ese premio viajo especialmente a Montevideo, el ministro  venezolano de Educaci\u00f3n, Francisco Sesto, entre otras autoridades, incluso la  embajadora de Cuba, Marielena Ruiz Capote.<br \/>&#13;<br \/>\n<br \/>&#13;<br \/>\nEl escritor  ha recibido numerosos galardones por su obra: el Premio Internacional Men\u00e9ndez  Pelayo en 2005, el Premio Reina Sof\u00eda de Poes\u00eda Iberoamericana en 1999 y el  Premio Iberoamericano, Jos\u00e9 Mart\u00ed en 2001, entre otros.<\/span><\/p>\n<p>&#13;<\/p>\n<h6> 2008-03-28 04:21:25 <\/h6>\n<p><!--\n<link rel=\"stylesheet\" href=\"css\/bootstrap.min.css\">\n\n\n<ul class=\"pagination\">\n\t    \n\t\n\n<li >\n\t<a href='?page_no=22822'>Previous<\/a>\n\t<\/li>\n\n\n       \n    \n\n<li><a href='?page_no=1'>1<\/a><\/li>\n\n\n\n<li><a href='?page_no=2'>2<\/a><\/li>\n\n\n\n<li><a>...<\/a><\/li>\n\n\n\n<li><a href='?page_no=22821'>22821<\/a><\/li>\n\n\n\n<li><a href='?page_no=22822'>22822<\/a><\/li>\n\n\n\n<li class='active'><a>22823<\/a><\/li>\n\n\n\n<li><a href='?page_no=22824'>22824<\/a><\/li>\n\n\n\n<li><a href='?page_no=22825'>22825<\/a><\/li>\n\n\n\n<li><a>...<\/a><\/li>\n\n\n\n<li><a href='?page_no=22911'>22911<\/a><\/li>\n\n\n\n<li><a href='?page_no=22912'>22912<\/a><\/li>\n\n    \n\t\n\n<li >\n\t<a href='?page_no=22824'>Next<\/a>\n\t<\/li>\n\n\n    \n\n<li><a href='?page_no=22912'>Last &rsaquo;&rsaquo;<\/a><\/li>\n\n<\/ul>\n\n\n--><br \/>\n<\/body><\/p>\n","protected":false},"excerpt":{"rendered":"<p>Mario Benedetti es hospitalizado nuevamente&#13; &#13; El escritor uruguayo estuvo internado casi un mes en enero pasado.&#13; &#13; El reconocido escritor uruguayo Mario Benedetti, afectado por un estado febril, fue internado nuevamente para realizarle an\u00e1lisis de sangre y de orina, , inform\u00f3 su secretario Ariel Silva.&#13; &#13; \u00abFue llevado a la emergencia\u00bb del centro asistencial [&hellip;]<\/p>\n","protected":false},"author":3,"featured_media":0,"comment_status":"open","ping_status":"open","sticky":false,"template":"","format":"standard","meta":{"footnotes":""},"categories":[21],"tags":[],"class_list":["post-71145","post","type-post","status-publish","format-standard","hentry","category-cultura"],"_links":{"self":[{"href":"https:\/\/diariodominicano.com\/index.php?rest_route=\/wp\/v2\/posts\/71145","targetHints":{"allow":["GET"]}}],"collection":[{"href":"https:\/\/diariodominicano.com\/index.php?rest_route=\/wp\/v2\/posts"}],"about":[{"href":"https:\/\/diariodominicano.com\/index.php?rest_route=\/wp\/v2\/types\/post"}],"author":[{"embeddable":true,"href":"https:\/\/diariodominicano.com\/index.php?rest_route=\/wp\/v2\/users\/3"}],"replies":[{"embeddable":true,"href":"https:\/\/diariodominicano.com\/index.php?rest_route=%2Fwp%2Fv2%2Fcomments&post=71145"}],"version-history":[{"count":0,"href":"https:\/\/diariodominicano.com\/index.php?rest_route=\/wp\/v2\/posts\/71145\/revisions"}],"wp:attachment":[{"href":"https:\/\/diariodominicano.com\/index.php?rest_route=%2Fwp%2Fv2%2Fmedia&parent=71145"}],"wp:term":[{"taxonomy":"category","embeddable":true,"href":"https:\/\/diariodominicano.com\/index.php?rest_route=%2Fwp%2Fv2%2Fcategories&post=71145"},{"taxonomy":"post_tag","embeddable":true,"href":"https:\/\/diariodominicano.com\/index.php?rest_route=%2Fwp%2Fv2%2Ftags&post=71145"}],"curies":[{"name":"wp","href":"https:\/\/api.w.org\/{rel}","templated":true}]}}