{"id":71143,"date":"2008-03-29T00:17:15","date_gmt":"2008-03-29T00:17:15","guid":{"rendered":"http:\/\/diariodominicano.ddns.net\/?p=71143"},"modified":"2008-03-29T00:17:15","modified_gmt":"2008-03-29T00:17:15","slug":"cultura-anuncia-entrega-de-pensiones-a-actores-y-actrices-dominicanos-en-el-dia-nacional-del-teatro","status":"publish","type":"post","link":"https:\/\/diariodominicano.com\/?p=71143","title":{"rendered":"Cultura anuncia entrega de pensiones a actores y actrices dominicanos en el D\u00eda Nacional del Teatro"},"content":{"rendered":"<p><body><\/p>\n<p align=\"justify\" class=\"titulogrande1\"><strong>Cultura anuncia entrega de pensiones a actores y  actrices dominicanos en el D\u00eda Nacional del Teatro<\/strong><\/p>\n<p>&#13;<\/p>\n<p align=\"justify\" class=\"text1noticias\"><strong><img loading=\"lazy\" decoding=\"async\" src=\"http:\/\/localhost:8080\/img\/teatro.jpg\" width=\"375\" height=\"163\" hspace=\"4\" align=\"left\" \/>Santo Domingo.- <\/strong>Al conmemorarse el D\u00eda Nacional e  Internacional del Teatro, la   Secretar\u00eda de Estado de Cultura, a trav\u00e9s de la Direcci\u00f3n de Drama,  anunci\u00f3 la entrega de pensiones a un numeroso grupo de actores y actrices  dominicanos en reconocimiento a su trayectoria dentro del quehacer teatral  nacional.<\/p>\n<p>&#13;<\/p>\n<p align=\"justify\" class=\"text1noticias\">El anuncio fue hecho por el Secretario de Estado de  Cultura, \u00a0Jos\u00e9 Rafael Lantigua, quien  destac\u00f3 que se trata de una iniciativa del presidente Leonel Fern\u00e1ndez mediante  la cual los beneficiarios recibir\u00e1n una pensi\u00f3n de 40 mil pesos a partir de  junio del presente a\u00f1o. <\/p>\n<p>&#13;<\/p>\n<p align=\"justify\" class=\"text1noticias\">Entre los actores y actrices considerados para recibir  la pensi\u00f3n se encuentran Danilo Taveras, Germana Quintana, Marino Hopellman,  Esperanza de \u00c1lvarez, Olga Feliz, Salvador P\u00e9rez Mart\u00ednez, Ruben Echevarria,  Lucia Castillo, Amarilis Rodr\u00edguez, Jos\u00e9 N\u00fa\u00f1ez, Josefina Gallart, Luis Jos\u00e9  \u2013Nin\u00ed- German, Freddy Nanita, Delta Soto y Teresa Ram\u00edrez.\u00a0 \u00a0\u00a0\u00a0<\/p>\n<p>&#13;<\/p>\n<p align=\"justify\" class=\"text1noticias\">Lantigua se refiri\u00f3 adem\u00e1s a la institucionalizaci\u00f3n  del Premio Anual especial para el quehacer teatral, y la apertura de mas de 12  salas de teatro en la capital y en pueblos del interior.<\/p>\n<p>&#13;<\/p>\n<p align=\"justify\" class=\"text1noticias\">Entre otros planes y logros de la gesti\u00f3n en el  aspecto teatral, Lantigua destac\u00f3 como un paso importante la integraci\u00f3n de la SEC al Programa denominado  Iberescena. Un proyecto internacional para beneficiar a los proyectos teatrales  independientes.<br \/>&#13;<br \/>\n  \u00a0 <br \/>&#13;<br \/>\n  Habl\u00f3 de la integraci\u00f3n de la SEC al Instituto Internacional  de Teatro, ITI- UNESCO, y como paso importante de car\u00e1cter simb\u00f3lico cit\u00f3 haber  designado con el nombre de Monina Sol\u00e1, la sala de teatro del Centro Cultural  Narciso Gonz\u00e1lez, en homenaje a sus 70 a\u00f1os en el teatro.<\/p>\n<p>&#13;<\/p>\n<p align=\"justify\" class=\"text1noticias\">Para el 2008 destac\u00f3 la celebraci\u00f3n del Festival de  Teatro a desarrollarse dentro de la programaci\u00f3n XI Feria Internacional del  Libro, y el Festival Internacional de Teatro.<\/p>\n<p>&#13;<\/p>\n<p align=\"justify\" class=\"text1noticias\"><strong>Entrega de los Premios VIII  Festival Emilio Aparicio.<\/strong><\/p>\n<p>&#13;<\/p>\n<p align=\"justify\" class=\"text1noticias\">En el acto, celebrado en ocasi\u00f3n del D\u00eda Mundial del  Teatro, tambi\u00e9n fueron entregados premios a los ganadores del VIII Festival de  Teatro Emilio Aparicio, Marzo Teatral.<\/p>\n<p>&#13;<\/p>\n<p align=\"justify\" class=\"text1noticias\">El primer lugar lo obtuvo el grupo de teatro Cosecha  Teatro, de Moca, por la puesta en escena de la obra \u201cHay Locos\u201d, dirigida por  Rosa A. Torres, quien recibi\u00f3 75 mil pesos.<\/p>\n<p>&#13;<\/p>\n<p align=\"justify\" class=\"text1noticias\">El segundo lugar fue para el grupo Ministerio Teatral  Sol y Luz, de Santo Domingo, por su obra \u201cMitesal\u201d, dirigida por Angela Mar\u00eda  Batista,quien recibi\u00f3 50 mil pesos.<\/p>\n<p>&#13;<\/p>\n<p align=\"justify\" class=\"text1noticias\">El tercer lugar fue divido entre los grupos Teatro  Expresiones, de Santo Domingo y Grupo Rotten Banana,\u00a0 de Santo Domingo, que recibieron 25 mil pesos  cada uno.<br \/>&#13;<br \/>\n  \u00a0<br \/>&#13;<br \/>\n  Fueron otorgadas placas de honor a varias  personalidades que han contribuido al desarrollo del teatro, entre ellos  Gregorio Capell\u00e1n Pe\u00f1a, del Centro de Cultura de Santiago y en el Gran Teatro  Regional del Cibao; y Mar\u00eda Ram\u00edrez, asistente de Relaciones P\u00fablicas del  Teatro Nacional.<\/p>\n<p>&#13;<\/p>\n<p align=\"justify\" class=\"text1noticias\">Tambi\u00e9n a Mar\u00eda Cristina Camilo, en reconocimiento a  sus a\u00f1os de dedicaci\u00f3n al teatro; Fausto V\u00e1squez, como tramoyista en las Salas  M\u00e1ximo Avil\u00e9s Blonda y Manuel Rueda; Lourdes Coiscou, como secretaria de la Direcci\u00f3n   Administrativa del Teatro Nacional; Saturnino Acosta, como  tramoya del Teatro Nacional; H\u00e9ctor Jos\u00e9 Arredondo, como electricista del  Teatro Nacional; y Ana Lissette Troncoso, como encargada de Relaciones P\u00fablicas  del Teatro Nacional; <\/p>\n<p>&#13;<\/p>\n<p align=\"justify\" class=\"text1noticias\">Adem\u00e1s, Fiordaliza Rodr\u00edguez Recio, como Secretar\u00eda de  la Direcci\u00f3n T\u00e9cnica  del Teatro Nacional; Rafael de Le\u00f3n, del Centro de la Cultura de Santiago;  V\u00edctor Pujols, por su a\u00f1os de dedicaci\u00f3n al teatro; Jos\u00e9 del Carmen Germ\u00e1n,  portero de la Sala M\u00e1ximo  Avil\u00e9s Blonda y la Sala   Manuel Rueda; y William Porfirio Rodr\u00edguez, asistente de la Direcci\u00f3n T\u00e9cnica  del Teatro Nacional. <\/p>\n<p>&#13;<\/p>\n<p align=\"justify\" class=\"text1noticias\">Las palabras de bienvenida estuvieron a cargo del  Director General de Drama, Basilio Nova, mientras que la actriz Amarilis  Rodr\u00edguez, expres\u00f3 las palabras de agradecimiento en representaci\u00f3n de la  concurrencia.<\/p>\n<p>&#13;<\/p>\n<h6> 2008-03-29 00:17:15 <\/h6>\n<p><!--\n<link rel=\"stylesheet\" href=\"css\/bootstrap.min.css\">\n\n\n<ul class=\"pagination\">\n\t    \n\t\n\n<li >\n\t<a href='?page_no=22820'>Previous<\/a>\n\t<\/li>\n\n\n       \n    \n\n<li><a href='?page_no=1'>1<\/a><\/li>\n\n\n\n<li><a href='?page_no=2'>2<\/a><\/li>\n\n\n\n<li><a>...<\/a><\/li>\n\n\n\n<li><a href='?page_no=22819'>22819<\/a><\/li>\n\n\n\n<li><a href='?page_no=22820'>22820<\/a><\/li>\n\n\n\n<li class='active'><a>22821<\/a><\/li>\n\n\n\n<li><a href='?page_no=22822'>22822<\/a><\/li>\n\n\n\n<li><a href='?page_no=22823'>22823<\/a><\/li>\n\n\n\n<li><a>...<\/a><\/li>\n\n\n\n<li><a href='?page_no=22911'>22911<\/a><\/li>\n\n\n\n<li><a href='?page_no=22912'>22912<\/a><\/li>\n\n    \n\t\n\n<li >\n\t<a href='?page_no=22822'>Next<\/a>\n\t<\/li>\n\n\n    \n\n<li><a href='?page_no=22912'>Last &rsaquo;&rsaquo;<\/a><\/li>\n\n<\/ul>\n\n\n--><br \/>\n<\/body><\/p>\n","protected":false},"excerpt":{"rendered":"<p>Cultura anuncia entrega de pensiones a actores y actrices dominicanos en el D\u00eda Nacional del Teatro &#13; Santo Domingo.- Al conmemorarse el D\u00eda Nacional e Internacional del Teatro, la Secretar\u00eda de Estado de Cultura, a trav\u00e9s de la Direcci\u00f3n de Drama, anunci\u00f3 la entrega de pensiones a un numeroso grupo de actores y actrices dominicanos [&hellip;]<\/p>\n","protected":false},"author":3,"featured_media":0,"comment_status":"open","ping_status":"open","sticky":false,"template":"","format":"standard","meta":{"footnotes":""},"categories":[21],"tags":[],"class_list":["post-71143","post","type-post","status-publish","format-standard","hentry","category-cultura"],"_links":{"self":[{"href":"https:\/\/diariodominicano.com\/index.php?rest_route=\/wp\/v2\/posts\/71143","targetHints":{"allow":["GET"]}}],"collection":[{"href":"https:\/\/diariodominicano.com\/index.php?rest_route=\/wp\/v2\/posts"}],"about":[{"href":"https:\/\/diariodominicano.com\/index.php?rest_route=\/wp\/v2\/types\/post"}],"author":[{"embeddable":true,"href":"https:\/\/diariodominicano.com\/index.php?rest_route=\/wp\/v2\/users\/3"}],"replies":[{"embeddable":true,"href":"https:\/\/diariodominicano.com\/index.php?rest_route=%2Fwp%2Fv2%2Fcomments&post=71143"}],"version-history":[{"count":0,"href":"https:\/\/diariodominicano.com\/index.php?rest_route=\/wp\/v2\/posts\/71143\/revisions"}],"wp:attachment":[{"href":"https:\/\/diariodominicano.com\/index.php?rest_route=%2Fwp%2Fv2%2Fmedia&parent=71143"}],"wp:term":[{"taxonomy":"category","embeddable":true,"href":"https:\/\/diariodominicano.com\/index.php?rest_route=%2Fwp%2Fv2%2Fcategories&post=71143"},{"taxonomy":"post_tag","embeddable":true,"href":"https:\/\/diariodominicano.com\/index.php?rest_route=%2Fwp%2Fv2%2Ftags&post=71143"}],"curies":[{"name":"wp","href":"https:\/\/api.w.org\/{rel}","templated":true}]}}