{"id":71142,"date":"2008-03-30T21:07:42","date_gmt":"2008-03-30T21:07:42","guid":{"rendered":"http:\/\/diariodominicano.ddns.net\/?p=71142"},"modified":"2008-03-30T21:07:42","modified_gmt":"2008-03-30T21:07:42","slug":"el-arquitecto-frances-jean-nouvel-gana-el-premio-pritzker-de-arquitectura","status":"publish","type":"post","link":"https:\/\/diariodominicano.com\/?p=71142","title":{"rendered":"El arquitecto franc\u00e9s Jean Nouvel gana el premio Pritzker de arquitectura"},"content":{"rendered":"<p><body><\/p>\n<h1 class=\"titulogrande1\">El arquitecto franc\u00e9s Jean Nouvel gana el premio Pritzker de   arquitectura<\/h1>\n<p>&#13;<\/p>\n<h3 align=\"justify\">El galardonado es autor de la Torre Agbar de Barcelona y de la ampliaci\u00f3n   del Museo Reina Sof\u00eda de Madrid <\/h3>\n<p>&#13;<\/p>\n<p align=\"justify\">&#13;<br \/>\n  <!-- google_ad_section_end() -->&#13;<br \/>\n  <span class=\"text1noticias\"><strong>REUTERS \/ EUROPA PRESS<\/strong> <em>&#8211; Washington &#8211; <\/em>30\/03\/2008 <\/span><\/p>\n<p>&#13;<\/p>\n<p align=\"justify\" class=\"text1noticias\"><img loading=\"lazy\" decoding=\"async\" src=\"http:\/\/localhost:8080\/img\/jean nouvel.jpg\" width=\"375\" height=\"151\" hspace=\"4\" align=\"left\" \/>El arquitecto franc\u00e9s Jean Nouvel, autor de obras tan representativas como la   Torre Agbar de Barcelona o la ampliaci\u00f3n del Museo Reina Sof\u00eda de Madrid, ha   sido galardonado con el premio Pritzker de arquitectura, considerado el   equivalente de los Nobel para esta disciplina.<\/p>\n<p>&#13;<\/p>\n<p align=\"justify\">&#13;<br \/>\n  <span class=\"text1noticias\">&#13;<br \/>\n  <!-- google_ad_section_end() -->&#13;<br \/>\n  <!-- ***** Fin de Entradilla ***** -->&#13;<br \/>\n  <!-- ***** Info complementaria ***** -->&#13;<br \/>\nEl jurado de la Fundaci\u00f3n Hyatt, responsable del premio, ha destacado la   experimentaci\u00f3n creativa de Nouvel, cuyos edificios \u00abhablan de su entorno\u00bb. En   casi cuatro d\u00e9cadas, Nouvel ha dise\u00f1ado m\u00e1s de 200 proyectos tanto en Europa   como en Asia y Estados Unidos en su cruzada contra lo que denomina \u00abarquitectura   gen\u00e9rica\u00bb. \u00abSu mente curiosa y \u00e1gil le impulsa a asumir riesgos en cada uno de   sus proyectos, que, a pesar de tener grados variables de \u00e9xito, han expandido   enormemente el vocabulario de la arquitectura contempor\u00e1nea\u00bb, explica el   jurado.<\/span><\/p>\n<p>&#13;<\/p>\n<p align=\"justify\" class=\"text1noticias\">Nouvel, de 62 a\u00f1os, ha mostrado su sorpresa por este galard\u00f3n, que tiene una   dotaci\u00f3n de 100.000 d\u00f3lares (unos 63.300 euros), porque no ha inaugurado ning\u00fan   proyecto de calado, aunque ha asegurado sentirse \u00abmuy honrado\u00bb por unirse a la   lista de los 32 ganadores del Pritzker.<\/p>\n<p>&#13;<\/p>\n<p align=\"justify\" class=\"text1noticias\">Se trata del segundo arquitecto franc\u00e9s que logra este prestigioso premio.   \u00abEstoy muy contento de estar en un club de buenos amigos como Frank Gehry, Renzo   Piano y Zaha Hadid,\u00bb ha declarado Nouvel a la agencia de noticias Reuters por   tel\u00e9fono desde Par\u00eds.<\/p>\n<p>&#13;<\/p>\n<p align=\"justify\" class=\"text1noticias\">Nouvel fue conocido internacionalmente por su Instituto del Mundo \u00c1rabe,   construido en Par\u00eds en 1987 y famoso por la utilizaci\u00f3n de lentes met\u00e1licas   m\u00f3viles sobre su fachada de cristal que sirven para controlar la luz interior en   una visi\u00f3n moderna de las tradicionales celos\u00edas \u00e1rabes. El juego de luces,   transparencias y opacidades es recurrente en los trabajos de Nouvel, como en la   Torre de Verre, un edificio de 75 plantas que ser\u00e1 construido en Nueva York, la   Torre Suncal, otro rascacielos que se levantar\u00e1 en Los \u00c1ngeles, o la propia   Torre Agbar de Barcelona.<\/p>\n<p>&#13;<\/p>\n<p align=\"justify\" class=\"text1noticias\"><strong>\u00abUna forma de resistencia\u00bb<\/strong><\/p>\n<p>&#13;<\/p>\n<p align=\"justify\" class=\"text1noticias\">El jurado ha elogiado a Nouvel por hacer diferente y relevante cada edificio   en el marco de su entorno y sus circunstancias. \u00abPara Nouvel, no existe un   &#8216;estilo&#8217; a priori en la arquitectura\u00bb, ha explicado el presidente del jurado,   Lord Palumbo. \u00abAl contrario, un contexto, interpretado en el sentido m\u00e1s amplio,   que incluye la cultura, la situaci\u00f3n, el programa y el cliente, le provoca el   desarrollo de una estrategia diferente para cada proyecto\u00bb, ha agregado.<\/p>\n<p>&#13;<\/p>\n<p align=\"justify\" class=\"text1noticias\">El jurado ha destacado especialmente el Teatro Guthrie, concluido en 2006, un   edificio de Minneapolis (EE UU) que crea \u00abun di\u00e1logo\u00bb con las aguas del r\u00edo   Misisipi y los hist\u00f3ricos molinos.<\/p>\n<p>&#13;<\/p>\n<p align=\"justify\" class=\"text1noticias\">\u00abToda mi vida he luchado contra la arquitectura gen\u00e9rica y en favor de una   arquitectura espec\u00edfica\u00bb, ha manifestado Nouvel, autor de otros edificios como   la Torre Dentsu de Tokio. \u00abCuando viajas por el mundo, en las grandes ciudades,   ves exactamente los mismos edificios. Pienso que es importante en este mundo   globalizado considerar esa arquitectura como una forma de resistencia a esta   uniformizaci\u00f3n del mundo\u00bb, ha aseverado.<\/p>\n<p>&#13;<\/p>\n<p align=\"justify\" class=\"text1noticias\">El Premio Pritzker fue creado por la familia Pritzker, due\u00f1a de la cadena   hotelera Hyatt. El premio ser\u00e1 entregado el pr\u00f3ximo 2 de junio en una ceremonia   en Washington. \u00abCuando tienes el Premio Pritzker tienes otra responsabilidad. Es   una raz\u00f3n m\u00e1s para hacer el mejor edificio del que seas capaz y, en algunas   ocasiones, probablemente para ayudar a la gente para que haga una mejor   arquitectura\u00bb, ha argumentado.<\/p>\n<p>&#13;<\/p>\n<p align=\"justify\">\u00a0 <\/p>\n<p>&#13;<\/p>\n<h6> 2008-03-30 21:07:42 <\/h6>\n<p><!--\n<link rel=\"stylesheet\" href=\"css\/bootstrap.min.css\">\n\n\n<ul class=\"pagination\">\n\t    \n\t\n\n<li >\n\t<a href='?page_no=22819'>Previous<\/a>\n\t<\/li>\n\n\n       \n    \n\n<li><a href='?page_no=1'>1<\/a><\/li>\n\n\n\n<li><a href='?page_no=2'>2<\/a><\/li>\n\n\n\n<li><a>...<\/a><\/li>\n\n\n\n<li><a href='?page_no=22818'>22818<\/a><\/li>\n\n\n\n<li><a href='?page_no=22819'>22819<\/a><\/li>\n\n\n\n<li class='active'><a>22820<\/a><\/li>\n\n\n\n<li><a href='?page_no=22821'>22821<\/a><\/li>\n\n\n\n<li><a href='?page_no=22822'>22822<\/a><\/li>\n\n\n\n<li><a>...<\/a><\/li>\n\n\n\n<li><a href='?page_no=22911'>22911<\/a><\/li>\n\n\n\n<li><a href='?page_no=22912'>22912<\/a><\/li>\n\n    \n\t\n\n<li >\n\t<a href='?page_no=22821'>Next<\/a>\n\t<\/li>\n\n\n    \n\n<li><a href='?page_no=22912'>Last &rsaquo;&rsaquo;<\/a><\/li>\n\n<\/ul>\n\n\n--><br \/>\n<\/body><\/p>\n","protected":false},"excerpt":{"rendered":"<p>El arquitecto franc\u00e9s Jean Nouvel gana el premio Pritzker de arquitectura &#13; El galardonado es autor de la Torre Agbar de Barcelona y de la ampliaci\u00f3n del Museo Reina Sof\u00eda de Madrid &#13; &#13; &#13; REUTERS \/ EUROPA PRESS &#8211; Washington &#8211; 30\/03\/2008 &#13; El arquitecto franc\u00e9s Jean Nouvel, autor de obras tan representativas como [&hellip;]<\/p>\n","protected":false},"author":3,"featured_media":0,"comment_status":"open","ping_status":"open","sticky":false,"template":"","format":"standard","meta":{"footnotes":""},"categories":[21],"tags":[],"class_list":["post-71142","post","type-post","status-publish","format-standard","hentry","category-cultura"],"_links":{"self":[{"href":"https:\/\/diariodominicano.com\/index.php?rest_route=\/wp\/v2\/posts\/71142","targetHints":{"allow":["GET"]}}],"collection":[{"href":"https:\/\/diariodominicano.com\/index.php?rest_route=\/wp\/v2\/posts"}],"about":[{"href":"https:\/\/diariodominicano.com\/index.php?rest_route=\/wp\/v2\/types\/post"}],"author":[{"embeddable":true,"href":"https:\/\/diariodominicano.com\/index.php?rest_route=\/wp\/v2\/users\/3"}],"replies":[{"embeddable":true,"href":"https:\/\/diariodominicano.com\/index.php?rest_route=%2Fwp%2Fv2%2Fcomments&post=71142"}],"version-history":[{"count":0,"href":"https:\/\/diariodominicano.com\/index.php?rest_route=\/wp\/v2\/posts\/71142\/revisions"}],"wp:attachment":[{"href":"https:\/\/diariodominicano.com\/index.php?rest_route=%2Fwp%2Fv2%2Fmedia&parent=71142"}],"wp:term":[{"taxonomy":"category","embeddable":true,"href":"https:\/\/diariodominicano.com\/index.php?rest_route=%2Fwp%2Fv2%2Fcategories&post=71142"},{"taxonomy":"post_tag","embeddable":true,"href":"https:\/\/diariodominicano.com\/index.php?rest_route=%2Fwp%2Fv2%2Ftags&post=71142"}],"curies":[{"name":"wp","href":"https:\/\/api.w.org\/{rel}","templated":true}]}}