{"id":71137,"date":"2008-04-08T20:47:51","date_gmt":"2008-04-08T20:47:51","guid":{"rendered":"http:\/\/diariodominicano.ddns.net\/?p=71137"},"modified":"2008-04-08T20:47:51","modified_gmt":"2008-04-08T20:47:51","slug":"los-iconos-de-la-fotografia-de-eeuu-se-exhiben-en-nueva-york","status":"publish","type":"post","link":"https:\/\/diariodominicano.com\/?p=71137","title":{"rendered":"Los \u00edconos de la fotograf\u00eda de EEUU se exhiben en Nueva York"},"content":{"rendered":"<p><body><\/p>\n<p align=\"justify\"><span class=\"titulogrande1\">Los \u00edconos de la fotograf\u00eda de EEUU se exhiben en Nueva York<\/span><br \/>&#13;<br \/>\n  <br \/>&#13;<br \/>\n    <span class=\"text1noticias\">Reflexiones desde 1960 es el nombre de la muestra.<\/span><\/p>\n<p>&#13;<\/p>\n<p align=\"justify\" class=\"text1noticias\"><img loading=\"lazy\" decoding=\"async\" src=\"http:\/\/localhost:8080\/img\/fotografia.jpg\" width=\"375\" height=\"272\" hspace=\"4\" align=\"left\" \/>La importancia de la fotograf\u00eda en Estados Unidos y la  manera en que profesionales de la c\u00e1mara como Vito Acconci, Hiroshi Sugimoto o Andy  Warhol cruzaron la frontera entre el arte y la vida diaria se expone desde hoy  hasta el 19 de octubre en el Museo Metropolitano de la Gran Manzana.<br \/>&#13;<br \/>\n  <br \/>&#13;<br \/>\n  Bajo el t\u00edtulo de Fotograf\u00eda sobre Fotograf\u00eda: Reflexiones  desde 1960, la prestigiosa instituci\u00f3n neoyorquina presenta cuatro d\u00e9cadas de  trabajos fotogr\u00e1ficos de profesionales que durante esos a\u00f1os han centrado en  ese medio de expresi\u00f3n art\u00edstica sus conceptos sobre la vida contempor\u00e1nea.<br \/>&#13;<br \/>\n  <br \/>&#13;<br \/>\n\u00abHemos querido presentar al p\u00fablico en general las  muchas caras que tiene la fotograf\u00eda contempor\u00e1nea\u00bb, se\u00f1al\u00f3 el responsable  del departamento de fotograf\u00eda del museo, Malcolm Daniel, que tambi\u00e9n indic\u00f3  que con esta exposici\u00f3n han querido ofrecer \u00abuna instant\u00e1nea de donde est\u00e1  en estos momentos la fotograf\u00eda\u00bb.<br \/>&#13;<br \/>\n<br \/>&#13;<br \/>\n  En la muestra se presentan trabajos de Vito Acconci, William  Anastasi, Lutz Bacher, Liz Deschenes, Roe Ethridge, Robert Heinecken, Sherrie  Levine, Robert Mapplethorpe, Richard Prince, Thomas Ruff, Allen Ruppersberg, Karin  Sander, Hiroshi Sugimoto y Andy Warhol, entre otros.<br \/>&#13;<br \/>\n  <br \/>&#13;<br \/>\n\u00abHacia 1960 la fotograf\u00eda hab\u00eda entrado ya en cada  rinc\u00f3n de la cultura estadounidense y los artistas empezaron a utilizar sus  c\u00e1maras para romper las fronteras entre el arte y la vida\u00bb, dijeron los  organizadores de la muestra.<br \/>&#13;<br \/>\n<br \/>&#13;<br \/>\nEntre esos ejemplos, agregaron, est\u00e1n algunos de los  trabajos de Andy Warhol y Vito Acconci que recurrieron a la c\u00e1mara \u00abpara  revelar c\u00f3mo sus ideas quedaban reflejadas en el acto de fotografiar\u00bb, o  el caso de William Anastasi, quien en 1967 recurri\u00f3 a la reci\u00e9n inventada c\u00e1mara  con impresi\u00f3n instant\u00e1nea, la popular y en v\u00edas de extinci\u00f3n polaroid, para  captar espejos refotografiados.<br \/>&#13;<br \/>\n<br \/>&#13;<br \/>\n\u00abEn esa alegor\u00eda del cambio de estatus de la imagen  fotogr\u00e1fica, desaparece la separaci\u00f3n percibida entre el objeto y la  fotograf\u00eda\u00bb, indicaron los expertos del Metropolitan.<br \/>&#13;<br \/>\n<br \/>&#13;<br \/>\nOtros artistas como Richard Prince o Sherrie Levine  comenzaron a utilizar en la d\u00e9cada de los setenta nuevas t\u00e9cnicas como la  \u00abrefotograf\u00eda\u00bb para \u00abapropiarse\u00bb de famosas instant\u00e1neas de  otros fot\u00f3grafos.<br \/>&#13;<br \/>\n<br \/>&#13;<br \/>\nAs\u00ed Prince, explicaron los expertos, recurri\u00f3 a t\u00e9cnicas  como la de manipular im\u00e1genes mediante su ampliaci\u00f3n o volver a fotografiar en  color anuncios publicitarios en blanco y negro para presentar sus innovadoras  im\u00e1genes.<br \/>&#13;<br \/>\n<br \/>&#13;<br \/>\nLevine se apropi\u00f3 de las famosas instant\u00e1neas de los a\u00f1os de  la Depresi\u00f3n en Estados Unidos hechas por Walker Evans, d\u00e1ndoles un valor  diferente y m\u00e1s conceptual.<br \/>&#13;<br \/>\n<br \/>&#13;<br \/>\nLos trabajos y las t\u00e9cnicas del japon\u00e9s Hiroshi Sugimoto  tambi\u00e9n aparecen en esta muestra, en concreto, una foto de la efigie en cera de  Fidel Castro, as\u00ed como la serie de instant\u00e1neas de grandes flores de James  Welling.<br \/>&#13;<br \/>\n<br \/>&#13;<br \/>\nEste artista recurri\u00f3 al uso de geles y filtros para  transformar negativos en blanco y negro en impresiones con colores brillantes  que, seg\u00fan los expertos, daban por resultado algo similar a las actuales  fotograf\u00edas digitales manipuladas.<br \/>&#13;<br \/>\n<br \/>&#13;<br \/>\nLa prestigiosa instituci\u00f3n de Nueva York ha querido  completar esta muestra de los grandes maestros de la fotograf\u00eda moderna con los  trabajos realizados por j\u00f3venes artistas \u00abpara quienes lo conceptual y el  arte de la fotograf\u00eda no son algo mutuamente exclusivos\u00bb, indic\u00f3 el museo.<br \/>&#13;<br \/>\n<br \/>&#13;<br \/>\nDe esos j\u00f3venes talentos se presentan algunos trabajos como  la reflexi\u00f3n sobre el tiempo y la edad que Josephine Pryde realiz\u00f3 para la  campa\u00f1a publicitaria de uno de los productos antiedad de la firma de cosm\u00e9tica  Elizabeth Arden.<br \/>&#13;<br \/>\n<br \/>&#13;<br \/>\n  EFE<\/p>\n<p>&#13;<\/p>\n<h6> 2008-04-08 20:47:51 <\/h6>\n<p><!--\n<link rel=\"stylesheet\" href=\"css\/bootstrap.min.css\">\n\n\n<ul class=\"pagination\">\n\t    \n\t\n\n<li >\n\t<a href='?page_no=22814'>Previous<\/a>\n\t<\/li>\n\n\n       \n    \n\n<li><a href='?page_no=1'>1<\/a><\/li>\n\n\n\n<li><a href='?page_no=2'>2<\/a><\/li>\n\n\n\n<li><a>...<\/a><\/li>\n\n\n\n<li><a href='?page_no=22813'>22813<\/a><\/li>\n\n\n\n<li><a href='?page_no=22814'>22814<\/a><\/li>\n\n\n\n<li class='active'><a>22815<\/a><\/li>\n\n\n\n<li><a href='?page_no=22816'>22816<\/a><\/li>\n\n\n\n<li><a href='?page_no=22817'>22817<\/a><\/li>\n\n\n\n<li><a>...<\/a><\/li>\n\n\n\n<li><a href='?page_no=22911'>22911<\/a><\/li>\n\n\n\n<li><a href='?page_no=22912'>22912<\/a><\/li>\n\n    \n\t\n\n<li >\n\t<a href='?page_no=22816'>Next<\/a>\n\t<\/li>\n\n\n    \n\n<li><a href='?page_no=22912'>Last &rsaquo;&rsaquo;<\/a><\/li>\n\n<\/ul>\n\n\n--><br \/>\n<\/body><\/p>\n","protected":false},"excerpt":{"rendered":"<p>Los \u00edconos de la fotograf\u00eda de EEUU se exhiben en Nueva York&#13; &#13; Reflexiones desde 1960 es el nombre de la muestra. &#13; La importancia de la fotograf\u00eda en Estados Unidos y la manera en que profesionales de la c\u00e1mara como Vito Acconci, Hiroshi Sugimoto o Andy Warhol cruzaron la frontera entre el arte y [&hellip;]<\/p>\n","protected":false},"author":3,"featured_media":0,"comment_status":"open","ping_status":"open","sticky":false,"template":"","format":"standard","meta":{"footnotes":""},"categories":[21],"tags":[],"class_list":["post-71137","post","type-post","status-publish","format-standard","hentry","category-cultura"],"_links":{"self":[{"href":"https:\/\/diariodominicano.com\/index.php?rest_route=\/wp\/v2\/posts\/71137","targetHints":{"allow":["GET"]}}],"collection":[{"href":"https:\/\/diariodominicano.com\/index.php?rest_route=\/wp\/v2\/posts"}],"about":[{"href":"https:\/\/diariodominicano.com\/index.php?rest_route=\/wp\/v2\/types\/post"}],"author":[{"embeddable":true,"href":"https:\/\/diariodominicano.com\/index.php?rest_route=\/wp\/v2\/users\/3"}],"replies":[{"embeddable":true,"href":"https:\/\/diariodominicano.com\/index.php?rest_route=%2Fwp%2Fv2%2Fcomments&post=71137"}],"version-history":[{"count":0,"href":"https:\/\/diariodominicano.com\/index.php?rest_route=\/wp\/v2\/posts\/71137\/revisions"}],"wp:attachment":[{"href":"https:\/\/diariodominicano.com\/index.php?rest_route=%2Fwp%2Fv2%2Fmedia&parent=71137"}],"wp:term":[{"taxonomy":"category","embeddable":true,"href":"https:\/\/diariodominicano.com\/index.php?rest_route=%2Fwp%2Fv2%2Fcategories&post=71137"},{"taxonomy":"post_tag","embeddable":true,"href":"https:\/\/diariodominicano.com\/index.php?rest_route=%2Fwp%2Fv2%2Ftags&post=71137"}],"curies":[{"name":"wp","href":"https:\/\/api.w.org\/{rel}","templated":true}]}}